{"id":213843,"date":"2015-06-19T15:10:31","date_gmt":"2015-06-19T12:10:31","guid":{"rendered":"http:\/\/www.nationalturk.com\/?p=213843"},"modified":"2022-09-11T13:36:56","modified_gmt":"2022-09-11T10:36:56","slug":"pervez-muserref-icin-tutuklama-karari-213843","status":"publish","type":"post","link":"https:\/\/www.nationalturk.com\/tr\/pervez-muserref-icin-tutuklama-karari-213843\/","title":{"rendered":"Pervez M\u00fc\u015ferref i\u00e7in tutuklama karar\u0131"},"content":{"rendered":"<p><img loading=\"lazy\" decoding=\"async\" class=\"alignnone size-large wp-image-213844\" src=\"http:\/\/www.nationalturk.com\/tr\/wp-content\/uploads\/2015\/06\/pervez_muserref_tutuklandi-610x305.jpg\" alt=\"Pervez M\u00fc\u015ferref Tutuklama karar\u0131\" width=\"610\" height=\"305\" title=\"\" srcset=\"https:\/\/www.nationalturk.com\/tr\/wp-content\/uploads\/2015\/06\/pervez_muserref_tutuklandi-610x305.jpg 610w, https:\/\/www.nationalturk.com\/tr\/wp-content\/uploads\/2015\/06\/pervez_muserref_tutuklandi-280x140.jpg 280w, https:\/\/www.nationalturk.com\/tr\/wp-content\/uploads\/2015\/06\/pervez_muserref_tutuklandi.jpg 620w\" sizes=\"auto, (max-width: 610px) 100vw, 610px\" \/><\/p>\n<h1>Eski Pakistan Devlet Ba\u015fkan\u0131 Pervez M\u00fc\u015ferref&#8217;in, hakk\u0131nda g\u00f6r\u00fclen Lal Mescit operasyonuna ili\u015fkin davaya zorla getirilmesine karar verildi.<\/h1>\n<p>Lal Mescit&#8217;e Taliban&#8217;\u0131n yuvas\u0131 oldu\u011fu gerek\u00e7esiyle 2007 y\u0131l\u0131nda d\u00fczenlenen askeri operasyonda \u00f6ld\u00fcr\u00fclenler aras\u0131nda yer alan mescit imam\u0131 Gazi Abdurre\u015fid&#8217;in o\u011flu taraf\u0131ndan o d\u00f6nem devlet ba\u015fkan\u0131 olan M\u00fc\u015ferref&#8217;e kar\u015f\u0131 a\u00e7\u0131lan davan\u0131n g\u00f6r\u00fclmesine ba\u015fkent \u0130slamabad&#8217;da devam edildi.<\/p>\n<p>Hakim Kamran Basharat, avukatlar\u0131n\u0131n M\u00fc\u015ferref&#8217;in mahkemeye gelmesinin muaf tutulmas\u0131 talebini reddetti. Hakim Basharat ayr\u0131ca, M\u00fc\u015ferref&#8217;in 24 Temmuz&#8217;daki duru\u015fmaya zorla getirilmesi i\u00e7in kefaletsiz tutuklama karar\u0131 \u00e7\u0131kartt\u0131.<\/p>\n<p>General Pervez M\u00fc\u015ferref, 1999 y\u0131l\u0131nda Ba\u015fbakan Navaz \u015eerif&#8217;e kar\u015f\u0131 darbe yaparak iktidar\u0131 ele ge\u00e7irmi\u015f 2008 y\u0131l\u0131ndaki istifas\u0131na kadar \u00fclkeyi tek ba\u015f\u0131na y\u00f6netmi\u015fti. 2007 y\u0131l\u0131 Temmuz ay\u0131nda M\u00fc\u015ferref&#8217;in emriyle Pakistan Taliban\u0131&#8217;n\u0131n yuvas\u0131 oldu\u011fu gerek\u00e7esi ile ba\u015fkent \u0130slamabad&#8217;daki Lal Mescit&#8217;e askeri operasyon d\u00fczenlenmi\u015f ve imam Gazi Abdurre\u015fid&#8217;in yan\u0131 s\u0131ra 100&#8217;den fazla medrese \u00f6\u011frencisi \u00f6ld\u00fcr\u00fclm\u00fc\u015ft\u00fc.<\/p>\n<p>M\u00fc\u015ferref, hakk\u0131nda daha \u00f6nce g\u00f6r\u00fclen vatana ihanet, eski ba\u015fbakanlardan Benazir Butto&#8217;nun ve eski Belucistan Eyaleti Valisi Navab Ekber Bugti&#8217;nin \u00f6ld\u00fcr\u00fclmesine ili\u015fkin davalarda kefaletle serbest kalm\u0131\u015ft\u0131.<\/p>\n<!-- Error, Advert is not available at this time due to schedule\/geolocation restrictions! -->\n","protected":false},"excerpt":{"rendered":"<p>Eski Pakistan Devlet Ba\u015fkan\u0131 Pervez M\u00fc\u015ferref&#8217;in, hakk\u0131nda g\u00f6r\u00fclen Lal Mescit operasyonuna ili\u015fkin davaya zorla getirilmesine karar verildi.<\/p>\n","protected":false},"author":4,"featured_media":213845,"comment_status":"open","ping_status":"open","sticky":false,"template":"","format":"standard","meta":{"_acf_changed":false,"footnotes":""},"categories":[6769,6665,6155,6772,6202,349],"tags":[2547,129225,21305],"class_list":["post-213843","post","type-post","status-publish","format-standard","has-post-thumbnail","hentry","category-asya","category-dunya","category-gundem","category-ortadogu","category-politika","category-son-dakika","tag-pakistan","tag-pervez-muserref","tag-taliban"],"acf":[],"_links":{"self":[{"href":"https:\/\/www.nationalturk.com\/tr\/wp-json\/wp\/v2\/posts\/213843","targetHints":{"allow":["GET"]}}],"collection":[{"href":"https:\/\/www.nationalturk.com\/tr\/wp-json\/wp\/v2\/posts"}],"about":[{"href":"https:\/\/www.nationalturk.com\/tr\/wp-json\/wp\/v2\/types\/post"}],"author":[{"embeddable":true,"href":"https:\/\/www.nationalturk.com\/tr\/wp-json\/wp\/v2\/users\/4"}],"replies":[{"embeddable":true,"href":"https:\/\/www.nationalturk.com\/tr\/wp-json\/wp\/v2\/comments?post=213843"}],"version-history":[{"count":0,"href":"https:\/\/www.nationalturk.com\/tr\/wp-json\/wp\/v2\/posts\/213843\/revisions"}],"wp:featuredmedia":[{"embeddable":true,"href":"https:\/\/www.nationalturk.com\/tr\/wp-json\/wp\/v2\/media\/213845"}],"wp:attachment":[{"href":"https:\/\/www.nationalturk.com\/tr\/wp-json\/wp\/v2\/media?parent=213843"}],"wp:term":[{"taxonomy":"category","embeddable":true,"href":"https:\/\/www.nationalturk.com\/tr\/wp-json\/wp\/v2\/categories?post=213843"},{"taxonomy":"post_tag","embeddable":true,"href":"https:\/\/www.nationalturk.com\/tr\/wp-json\/wp\/v2\/tags?post=213843"}],"curies":[{"name":"wp","href":"https:\/\/api.w.org\/{rel}","templated":true}]}}