{"id":214171,"date":"2015-06-25T11:15:41","date_gmt":"2015-06-25T08:15:41","guid":{"rendered":"http:\/\/www.nationalturk.com\/?p=214171"},"modified":"2015-06-25T11:15:41","modified_gmt":"2015-06-25T08:15:41","slug":"isid-yeniden-kobanide-pyd-kiyafeti-giyerek-saldirdilar-214171","status":"publish","type":"post","link":"https:\/\/www.nationalturk.com\/tr\/isid-yeniden-kobanide-pyd-kiyafeti-giyerek-saldirdilar-214171\/","title":{"rendered":"I\u015e\u0130D yeniden Kobani&#8217;de! PYD k\u0131yafeti giyerek sald\u0131rd\u0131lar"},"content":{"rendered":"<p><img loading=\"lazy\" decoding=\"async\" class=\"alignnone size-large wp-image-214172\" src=\"http:\/\/www.nationalturk.com\/tr\/wp-content\/uploads\/2015\/06\/kobani_patlama_agustos-557x360.jpg\" alt=\"Kobani\" width=\"610\" height=\"390\" title=\"\"><\/p>\n<h1>Ter\u00f6r \u00f6rg\u00fct\u00fc I\u015e\u0130D\u00a0Halep&#8217;in kuzeydo\u011fusunda yer alan Kobani il\u00e7esinde bomba y\u00fckl\u00fc iki ara\u00e7la sald\u0131r\u0131 d\u00fczenledi.<\/h1>\n<p>Suriye Devrim Koordinasyonundan (SRC) yap\u0131lan a\u00e7\u0131klamada, ter\u00f6r \u00f6rg\u00fct\u00fc\u00a0I\u015e\u0130D&#8217;in\u00a0Halep&#8217;in kuzeydo\u011fusundaki Kobani il\u00e7esinde, &#8220;PYD g\u00fc\u00e7lerine ait k\u0131yafetler giyerek bomba y\u00fckl\u00fc iki ara\u00e7la sald\u0131r\u0131 d\u00fczenledi\u011fi&#8221; belirtildi.<\/p>\n<p>AA muhabirinin yerel kaynaklardan ald\u0131\u011f\u0131 bilgiye g\u00f6re, I\u015e\u0130D\u00a0ile K\u00fcrt gruplar aras\u0131ndaki \u00e7at\u0131\u015fmalar Kobani kent merkezinde yo\u011funla\u015ft\u0131. M\u00fcr\u015fitp\u0131nar S\u0131n\u0131r Kap\u0131s\u0131 yak\u0131nlar\u0131nda meydana gelen patlamada ilk belirlemelere g\u00f6re 8 ki\u015fi \u00f6ld\u00fc, 38 ki\u015fi yaraland\u0131.<\/p>\n<p>Patlamada yaralananlar \u015eanl\u0131urfa&#8217;n\u0131n Suru\u00e7 il\u00e7esindeki M\u00fcr\u015fitp\u0131nar S\u0131n\u0131r Kap\u0131s\u0131&#8217;ndan 112 Acil Servis ekipleri taraf\u0131ndan T\u00fcrkiye&#8217;ye al\u0131nd\u0131. Yaral\u0131lar, ba\u015fta Suru\u00e7 Devlet Hastanesi ve kent merkezindeki hastanelere y\u00f6nlendirildi.<\/p>\n<p><span style=\"line-height: 1.5;\">Bombal\u0131 sald\u0131r\u0131lar\u0131n il\u00e7ede s\u0131n\u0131r kap\u0131s\u0131 yak\u0131nlar\u0131nda meydana geldi\u011fi belirtilen a\u00e7\u0131klamada, konuyla ilgili detayl\u0131 bilgi verilmedi.<\/span><\/p>\n<p>M\u00fcr\u015fitp\u0131nar S\u0131n\u0131r Kap\u0131s\u0131 yak\u0131nlar\u0131nda meydana gelen patlamalar\u0131n ard\u0131ndan aralar\u0131nda kad\u0131n ve \u00e7ocuklar\u0131n da bulundu\u011fu yaral\u0131lar, ara\u00e7larla Tel Abyad \u00fczerinden Ak\u00e7akale S\u0131n\u0131r Kap\u0131s\u0131&#8217;na geldi.\u00a0112 Acil Servis ekiplerince al\u0131nan yaral\u0131lar, Ak\u00e7akale Devlet Hastanesine kald\u0131r\u0131ld\u0131.\u00a0Bu arada, s\u0131n\u0131r kap\u0131s\u0131 \u00f6n\u00fcnde toplanan az say\u0131daki Suriyeli&#8217;nin \u00fclkelerine ge\u00e7i\u015fine izin verilmedi.<\/p>\n<!-- Error, Advert is not available at this time due to schedule\/geolocation restrictions! -->\n","protected":false},"excerpt":{"rendered":"<p>Ter\u00f6r \u00f6rg\u00fct\u00fc I\u015e\u0130D Halep&#8217;in kuzeydo\u011fusunda yer alan Kobani il\u00e7esinde bomba y\u00fckl\u00fc iki ara\u00e7la sald\u0131r\u0131 d\u00fczenledi.<\/p>\n","protected":false},"author":4,"featured_media":214173,"comment_status":"open","ping_status":"open","sticky":false,"template":"","format":"standard","meta":{"_acf_changed":false,"footnotes":""},"categories":[6155,5005,6202,349,6805],"tags":[151890,174041,192540,192541,115570,174313,174402,113318,113319,192539],"class_list":["post-214171","post","type-post","status-publish","format-standard","has-post-thumbnail","hentry","category-gundem","category-manset","category-politika","category-son-dakika","category-turkiye","tag-isid","tag-isid-kobani","tag-isid-pyd","tag-isid-pyd-kiyafeti","tag-kobani","tag-kobani-catismalar","tag-kobani-isid-catisma","tag-mursitpinar","tag-mursitpinar-sinir-kapisi","tag-pyd-isid-catisma"],"acf":[],"_links":{"self":[{"href":"https:\/\/www.nationalturk.com\/tr\/wp-json\/wp\/v2\/posts\/214171","targetHints":{"allow":["GET"]}}],"collection":[{"href":"https:\/\/www.nationalturk.com\/tr\/wp-json\/wp\/v2\/posts"}],"about":[{"href":"https:\/\/www.nationalturk.com\/tr\/wp-json\/wp\/v2\/types\/post"}],"author":[{"embeddable":true,"href":"https:\/\/www.nationalturk.com\/tr\/wp-json\/wp\/v2\/users\/4"}],"replies":[{"embeddable":true,"href":"https:\/\/www.nationalturk.com\/tr\/wp-json\/wp\/v2\/comments?post=214171"}],"version-history":[{"count":0,"href":"https:\/\/www.nationalturk.com\/tr\/wp-json\/wp\/v2\/posts\/214171\/revisions"}],"wp:featuredmedia":[{"embeddable":true,"href":"https:\/\/www.nationalturk.com\/tr\/wp-json\/wp\/v2\/media\/214173"}],"wp:attachment":[{"href":"https:\/\/www.nationalturk.com\/tr\/wp-json\/wp\/v2\/media?parent=214171"}],"wp:term":[{"taxonomy":"category","embeddable":true,"href":"https:\/\/www.nationalturk.com\/tr\/wp-json\/wp\/v2\/categories?post=214171"},{"taxonomy":"post_tag","embeddable":true,"href":"https:\/\/www.nationalturk.com\/tr\/wp-json\/wp\/v2\/tags?post=214171"}],"curies":[{"name":"wp","href":"https:\/\/api.w.org\/{rel}","templated":true}]}}