{"id":214184,"date":"2015-06-25T12:53:58","date_gmt":"2015-06-25T09:53:58","guid":{"rendered":"http:\/\/www.nationalturk.com\/?p=214184"},"modified":"2015-06-25T12:53:58","modified_gmt":"2015-06-25T09:53:58","slug":"isidden-kobanide-ikinci-saldiri-kritik-noktalar-isidin-eline-gecti-214184","status":"publish","type":"post","link":"https:\/\/www.nationalturk.com\/tr\/isidden-kobanide-ikinci-saldiri-kritik-noktalar-isidin-eline-gecti-214184\/","title":{"rendered":"I\u015e\u0130D&#8217;den Kobani&#8217;de ikinci sald\u0131r\u0131! Kritik noktalar I\u015e\u0130D&#8217;in eline ge\u00e7ti"},"content":{"rendered":"<p><img loading=\"lazy\" decoding=\"async\" class=\"alignnone size-large wp-image-214185\" src=\"http:\/\/www.nationalturk.com\/tr\/wp-content\/uploads\/2015\/06\/isid_kobani_intihar_saldirisi-540x360.jpg\" alt=\"Kobani\" width=\"610\" height=\"390\" title=\"\"><\/p>\n<h1>Ter\u00f6r \u00f6rg\u00fct\u00fc\u00a0I\u015e\u0130D, Kobani&#8217;de bomba y\u00fckl\u00fc ara\u00e7la ikinci kez intihar sald\u0131r\u0131s\u0131 d\u00fczenledi. Kobani&#8217;deki uyuyan h\u00fccreleri de harekete ge\u00e7iren I\u015e\u0130D kritik noktalar\u0131 ele ge\u00e7irdi.<\/h1>\n<p>Al\u0131nan bilgiye g\u00f6re, I\u015e\u0130D ile baz\u0131 K\u00fcrt gruplar aras\u0131ndaki \u00e7at\u0131\u015fmalar, Kobani merkezinde yo\u011funla\u015ft\u0131. I\u015e\u0130D militanlar\u0131, M\u00fcr\u015fitp\u0131nar S\u0131n\u0131r Kap\u0131s\u0131 kar\u015f\u0131s\u0131nda ikinci kez ayn\u0131 b\u00f6lgede bomba y\u00fckl\u00fc ara\u00e7la intihar sald\u0131r\u0131s\u0131 ger\u00e7ekle\u015ftirdi.<\/p>\n<p>PYD&#8217;ye ait kontrol noktas\u0131 \u00f6n\u00fcnde meydana gelen patlaman\u0131n sesi, Suriye s\u0131n\u0131r\u0131ndaki Suru\u00e7 il\u00e7esinden de duyuldu.\u00a0Olayda \u00f6len ya da yaralanan olup olmad\u0131\u011f\u0131 konusunda hen\u00fcz bilgiye ula\u015f\u0131lamad\u0131.<\/p>\n<p>Bu arada, patlama an\u0131 M\u00fcr\u015fitp\u0131nar S\u0131n\u0131r Kap\u0131s\u0131&#8217;na ait g\u00fcvenlik kameras\u0131na yans\u0131d\u0131. Kamera kay\u0131tlar\u0131nda, Kobani&#8217;nin g\u00fcneyinden gelen kamyonet, g\u00fcmr\u00fck sahas\u0131ndaki yerle\u015fim birimlerinin bulundu\u011fu b\u00f6lgeye ula\u015f\u0131yor, ard\u0131ndan patlaman\u0131n meydana geldi\u011fi g\u00f6r\u00fcl\u00fcyor.<\/p>\n<p>I\u015e\u0130D militanlar\u0131n\u0131n Cerablus taraf\u0131ndan s\u0131zarak d\u00fczenledi\u011fi sald\u0131r\u0131ya, \u00f6rg\u00fct\u00fcn il\u00e7e merkezindeki &#8220;uyuyan h\u00fccrelerinin&#8221; de kat\u0131ld\u0131\u011f\u0131 \u00f6\u011frenildi.<\/p>\n<p>\u015eanl\u0131urfa Valili\u011fi, sabaha kar\u015f\u0131 Kobani il\u00e7e merkezi ve \u015eanl\u0131urfa&#8217;n\u0131n M\u00fcr\u015fitp\u0131nar s\u0131n\u0131r kap\u0131s\u0131na yak\u0131n noktalarda ger\u00e7ekle\u015fen sald\u0131r\u0131 konusunda yapt\u0131\u011f\u0131 a\u00e7\u0131klamada, I\u015e\u0130D militanlar\u0131n\u0131n il\u00e7enin bat\u0131s\u0131nda \u00f6rg\u00fct\u00fcn kontrol\u00fcndeki Cerablus b\u00f6lgesinden s\u0131zd\u0131\u011f\u0131n\u0131 a\u00e7\u0131klam\u0131\u015ft\u0131.<\/p>\n<p>AA&#8217;n\u0131n g\u00fcvenlik kaynaklar\u0131ndan edindi\u011fi bilgiye g\u00f6re Kobani&#8217;de PKK&#8217;n\u0131n Suriye uzant\u0131s\u0131 Demokratik Birlik Partisi (PYD) g\u00fc\u00e7lerini hedef alan I\u015e\u0130D&#8217;in sald\u0131r\u0131s\u0131na, il\u00e7ede uzun s\u00fcredir beklemede olan ve &#8220;uyuyan h\u00fccreler&#8221; olarak tabir edilen \u00f6zel gruplar\u0131 da kat\u0131ld\u0131.<\/p>\n<p>\u0130lk belirlemelere g\u00f6re 8 ki\u015finin \u00f6ld\u00fc\u011f\u00fc, 41 ki\u015finin yaraland\u0131\u011f\u0131 I\u015e\u0130D sald\u0131r\u0131s\u0131nda, g\u00fcvenlik kaynaklar\u0131 can kayb\u0131n\u0131n daha y\u00fcksek oldu\u011funu ancak \u00e7at\u0131\u015fmalar\u0131n s\u00fcrmesi nedeniyle sa\u011fl\u0131kl\u0131 bilgiye ula\u015f\u0131lamad\u0131\u011f\u0131n\u0131 kaydetti.<\/p>\n<p>Di\u011fer yandan, il\u00e7e merkezine d\u00fczenlenen bask\u0131nda, PYD taraf\u0131ndan karargah olarak kullan\u0131lan ve &#8220;4&#8217;l\u00fc g\u00fcvenlik ku\u015fa\u011f\u0131&#8221; olarak adland\u0131r\u0131lan biti\u015fik binalar ter\u00f6r \u00f6rg\u00fct\u00fc I\u015e\u0130D&#8217;in eline ge\u00e7ti.<\/p>\n<p>Binalar\u0131n \u00e7evresinde yo\u011funla\u015fan \u015fiddetli \u00e7at\u0131\u015fmalar s\u00fcr\u00fcyor.<\/p>\n<!-- Error, Advert is not available at this time due to schedule\/geolocation restrictions! -->\n","protected":false},"excerpt":{"rendered":"<p>Ter\u00f6r \u00f6rg\u00fct\u00fc I\u015e\u0130D, Kobani&#8217;de bomba y\u00fckl\u00fc ara\u00e7la ikinci kez intihar sald\u0131r\u0131s\u0131 d\u00fczenledi. Kobani&#8217;deki uyuyan h\u00fccreleri de harekete ge\u00e7iren I\u015e\u0130D kritik noktalar\u0131 ele ge\u00e7irdi.<\/p>\n","protected":false},"author":4,"featured_media":214186,"comment_status":"open","ping_status":"open","sticky":false,"template":"","format":"standard","meta":{"_acf_changed":false,"footnotes":""},"categories":[6155,5005,6202,349,6805],"tags":[151890,174041,192540,192541,115570,174313,174402,113318,113319,192539],"class_list":["post-214184","post","type-post","status-publish","format-standard","has-post-thumbnail","hentry","category-gundem","category-manset","category-politika","category-son-dakika","category-turkiye","tag-isid","tag-isid-kobani","tag-isid-pyd","tag-isid-pyd-kiyafeti","tag-kobani","tag-kobani-catismalar","tag-kobani-isid-catisma","tag-mursitpinar","tag-mursitpinar-sinir-kapisi","tag-pyd-isid-catisma"],"acf":[],"_links":{"self":[{"href":"https:\/\/www.nationalturk.com\/tr\/wp-json\/wp\/v2\/posts\/214184","targetHints":{"allow":["GET"]}}],"collection":[{"href":"https:\/\/www.nationalturk.com\/tr\/wp-json\/wp\/v2\/posts"}],"about":[{"href":"https:\/\/www.nationalturk.com\/tr\/wp-json\/wp\/v2\/types\/post"}],"author":[{"embeddable":true,"href":"https:\/\/www.nationalturk.com\/tr\/wp-json\/wp\/v2\/users\/4"}],"replies":[{"embeddable":true,"href":"https:\/\/www.nationalturk.com\/tr\/wp-json\/wp\/v2\/comments?post=214184"}],"version-history":[{"count":0,"href":"https:\/\/www.nationalturk.com\/tr\/wp-json\/wp\/v2\/posts\/214184\/revisions"}],"wp:featuredmedia":[{"embeddable":true,"href":"https:\/\/www.nationalturk.com\/tr\/wp-json\/wp\/v2\/media\/214186"}],"wp:attachment":[{"href":"https:\/\/www.nationalturk.com\/tr\/wp-json\/wp\/v2\/media?parent=214184"}],"wp:term":[{"taxonomy":"category","embeddable":true,"href":"https:\/\/www.nationalturk.com\/tr\/wp-json\/wp\/v2\/categories?post=214184"},{"taxonomy":"post_tag","embeddable":true,"href":"https:\/\/www.nationalturk.com\/tr\/wp-json\/wp\/v2\/tags?post=214184"}],"curies":[{"name":"wp","href":"https:\/\/api.w.org\/{rel}","templated":true}]}}