{"id":214237,"date":"2015-06-26T10:44:51","date_gmt":"2015-06-26T07:44:51","guid":{"rendered":"http:\/\/www.nationalturk.com\/?p=214237"},"modified":"2015-06-26T10:44:51","modified_gmt":"2015-06-26T07:44:51","slug":"bu-piyasalar-niye-bizi-sevmez-214237","status":"publish","type":"post","link":"https:\/\/www.nationalturk.com\/tr\/bu-piyasalar-niye-bizi-sevmez-214237\/","title":{"rendered":"Bu Piyasalar Niye Bizi Sevmez?"},"content":{"rendered":"<p><img loading=\"lazy\" decoding=\"async\" class=\"alignleft size-medium wp-image-214238\" src=\"http:\/\/www.nationalturk.com\/tr\/wp-content\/uploads\/2015\/06\/mg-anasayfa3-206x220.jpg\" alt=\"M\u00fcsl\u00fcm G\u00fclhan\" width=\"206\" height=\"220\" title=\"\" srcset=\"https:\/\/www.nationalturk.com\/tr\/wp-content\/uploads\/2015\/06\/mg-anasayfa3-206x220.jpg 206w, https:\/\/www.nationalturk.com\/tr\/wp-content\/uploads\/2015\/06\/mg-anasayfa3.jpg 300w\" sizes=\"auto, (max-width: 206px) 100vw, 206px\" \/><\/p>\n<h1>NationalTurk yorumcusu M\u00fcsl\u00fcm G\u00fclhan&#8217;\u0131n bu haftaki &#8216;Bu Piyasalar Niye Bizi Sevmez?&#8217; ba\u015fl\u0131kl\u0131 yaz\u0131s\u0131;<\/h1>\n<p>\u015eu dolar ile endekslerin konumlar\u0131 ve inip \u00e7\u0131kmalar\u0131 art\u0131k ya\u015fam\u0131m\u0131za y\u00f6n verir hale geldi.<\/p>\n<p>Dolar\u0131n inmesi, borsan\u0131n \u00e7\u0131kmas\u0131 en \u00f6nemli ya\u015fam kriterlerimiz&#8230;<\/p>\n<p>Ger\u00e7i J\u00f6leli kadar de\u011ferimiz yok, adam konu\u015ftu mu, veya dile getirdi mi, ortal\u0131k kar\u0131\u015f\u0131yor\u2026<\/p>\n<p>Dolar 2,7 ve ok yukar\u0131 do\u011fru, endeks ye\u015filden k\u0131rm\u0131z\u0131 durumunda ok a\u015fa\u011f\u0131ya g\u00f6steriyor. Tabi kaybeden biz oluyoruz da onun umurunda de\u011fil.<\/p>\n<p>\u015eu faiz ile enflasyonun beraber a\u015fa\u011f\u0131ya gitme iste\u011fi ile ortaya \u00e7\u0131kan bir durumdan geldik buralara.<\/p>\n<p>Futbol camias\u0131 da bu konuda fena de\u011fil hani;<\/p>\n<p>Calderon\u2019dan hemen cevap geldi ve sol cenaptaki futbolcumuz tepki verdi \u201c evet faiz inmeli\u201d, tabi piyasalar onu da iplemedi.<\/p>\n<p>Bilmiyorum Messi ile Ronaldo \u201cevet inmeli\u201d deseydi piyasalar\u0131m\u0131z ne olurdu?<\/p>\n<p>Bir de \u015fu \u201cpiyasalar ald\u0131\u201d diye bir durumumuz var.<\/p>\n<p>Hani Demir\u00f6ren \u201csizce mahsuru yoksa tekrar ba\u015fkanl\u0131\u011fa aday olmak istiyorum\u201d icazet ald\u0131 ya! Piyasalardan \u201ct\u0131k\u201d yok.<\/p>\n<p>Hani \u015fimdi piyasalar Demir\u00f6ren\u2019in \u201cbiat\u201d ve sadakatini alm\u0131\u015f m\u0131 oldu?<\/p>\n<p>Ama kesin emin oldu\u011fum \u015feyin de; piyasalar\u0131n Ulusal tak\u0131m\u0131n ba\u015far\u0131s\u0131zl\u0131\u011f\u0131n\u0131 \u00e7oktan sat\u0131n ald\u0131\u011f\u0131d\u0131r.<\/p>\n<p>Art\u0131k ma\u00e7larda kimse TV\u2019nin ba\u015f\u0131na bile gitmiyor.<\/p>\n<p>Halbuki Fatih Terim ile T\u00fcrkiye Futbolunun cari a\u00e7\u0131\u011f\u0131 tetikleyen unsurlar olmas\u0131na ra\u011fmen niye bu piyasalar tepki vermez?<\/p>\n<p>Terim ile T\u00fcrkiye Futbolunun da ki ba\u015far\u0131s\u0131zl\u0131\u011f\u0131n maliyet analizini yapsak, inanan\u0131n milyar dolarl\u0131k zararlar ortaya \u00e7\u0131kar.<\/p>\n<p>Ger\u00e7i Fenerbah\u00e7e bu sene bu i\u015fe s\u0131k\u0131 girdi, olas\u0131 bir ba\u015far\u0131s\u0131zl\u0131k da ki zarar ve bor\u00e7lanma gene bize a\u00e7\u0131k olarak gelecektir.<\/p>\n<p>Ama Galatasaray i\u00e7in ayn\u0131 \u015feyi s\u00f6ylemek m\u00fcmk\u00fcn de\u011fil, bak\u0131n Bilal\u2019e iyi para verdi ve yerli oyuncu, yani para i\u00e7eride kald\u0131! Sabri ise bizim en b\u00fcy\u00fck g\u00fcvencemiz 4,8 milyon ile para politikas\u0131na yeni bir anlam kazand\u0131rd\u0131 ve param\u0131z\u0131 o da korudu.<\/p>\n<p>S\u0131cak para politikas\u0131 Sabri\u2019de tuttu&#8230;<\/p>\n<p>Eminim piyasalar bunun k\u0131ymetini verip ye\u015ferecektir\u2026<\/p>\n<p>A\u015fk\u0131n piyasa de\u011ferini bana psikolog olan eski k\u0131z arkada\u015f\u0131m \u00f6\u011fretti! Evlilik ve \u00e7ocuk hakk\u0131nda konu\u015furken \u201cKo\u00e7gillerden biriyle olsam 6 yada 7 \u00e7ocuk yapar\u0131m\u201d diyerek \u201ca\u015fk\u201d ile \u201c\u00e7ocuk\u201d aras\u0131ndaki pariteyi ortaya koymu\u015ftu.<\/p>\n<p>Bazen psikologlar\u0131 da anlamak m\u00fcmk\u00fcn de\u011fil?<\/p>\n<p>Endekslere de tak\u0131l\u0131p kalmak bazen anlaml\u0131 olmuyor. Ye\u015fil renkli oklar yapaca\u011f\u0131z diye can\u0131m\u0131z \u00e7\u0131k\u0131yor.<\/p>\n<p>Sabri gibi olmak var\u2026 Adam de\u011ferine de\u011fer katarak ortam\u0131 nas\u0131l sabitledi, k\u0131skanmak elde de\u011fil!<\/p>\n<p>Demir\u00f6ren de ayn\u0131; s\u00fcrekli sermaye art\u0131r\u0131m\u0131na giderek o da kendini TFF\u2019de sabitledi!<\/p>\n<p>Hele-hele o Kul\u00fcpler Birli\u011finin \u015firket kurup TV ma\u00e7 yay\u0131nlar\u0131n\u0131 kendileri satmaya karar vermesi ve TFF Ba\u015fkan\u0131n\u0131n bunu \u201ccan\u0131, g\u00f6n\u00fclden\u201d desteklemesi, herkesin de\u011ferine de\u011fer katarak kimsenin k\u0131p\u0131rdamamas\u0131n\u0131 sa\u011flad\u0131.<\/p>\n<p>Tabi orada da y\u00fckselen de\u011fer G\u00fcm\u00fc\u015fda\u011f var.<\/p>\n<p>Onun endeksindeki t\u00fcm oklar yukar\u0131 ve bir orman gibi yem ye\u015fil\u2026 Bir orman gibi karde\u015f\u00e7esine deme\u011fi \u00e7ok isterdim de; piyasalar kolektif \u015fuuru kabul etmiyor, hatta kusuyor\u2026<\/p>\n<p>Allah\u2019tan bu kutsal topraklarda, kutsal insanlar g\u00f6rev ba\u015f\u0131nda da dinimize, iman\u0131m\u0131za ve param\u0131za(!) sahip \u00e7\u0131k\u0131p koruyorlar! Kimseye de z\u0131rn\u0131k vermiyorlar?<\/p>\n<p>Art\u0131 piyasalar bile \u201cAllah raz\u0131 olsun\u201d diyor!<\/p>\n<p>Kapitalizm dini de \u00f6\u011frendi!<\/p>\n<p>Bizim jenerasyonun da en b\u00fcy\u00fck kayb\u0131(\u2026) bu kutsal topraklarda (!) t\u0131pk\u0131 Naz\u0131m Hikmet gibi ortak ya\u015fam istemektir.<br \/>\n&#8220;Yarin yana\u011f\u0131ndan gayr\u0131 her \u015feyde hep beraber&#8221; diyebilmek ad\u0131na\u2026<\/p>\n<p><strong>M\u00fcsl\u00fcm G\u00fclhan \/ NationalTurk<\/strong><\/p>\n<!-- Error, Advert is not available at this time due to schedule\/geolocation restrictions! -->\n","protected":false},"excerpt":{"rendered":"<p>NationalTurk yorumcusu M\u00fcsl\u00fcm G\u00fclhan&#8217;\u0131n bu haftaki &#8216;Bu Piyasalar Niye Bizi Sevmez?&#8217; ba\u015fl\u0131kl\u0131 yaz\u0131s\u0131;<\/p>\n","protected":false},"author":4,"featured_media":214240,"comment_status":"open","ping_status":"open","sticky":false,"template":"","format":"standard","meta":{"_acf_changed":false,"footnotes":""},"categories":[6774,6155,5005,6194],"tags":[5891,54229,195969,28805,6477,2269],"class_list":["post-214237","post","type-post","status-publish","format-standard","has-post-thumbnail","hentry","category-futbol","category-gundem","category-manset","category-spor","tag-fatih-terim","tag-goksel-gumusdag","tag-muslum-gulhan","tag-nazim-hikmet","tag-tff","tag-yildirim-demiroren"],"acf":[],"_links":{"self":[{"href":"https:\/\/www.nationalturk.com\/tr\/wp-json\/wp\/v2\/posts\/214237","targetHints":{"allow":["GET"]}}],"collection":[{"href":"https:\/\/www.nationalturk.com\/tr\/wp-json\/wp\/v2\/posts"}],"about":[{"href":"https:\/\/www.nationalturk.com\/tr\/wp-json\/wp\/v2\/types\/post"}],"author":[{"embeddable":true,"href":"https:\/\/www.nationalturk.com\/tr\/wp-json\/wp\/v2\/users\/4"}],"replies":[{"embeddable":true,"href":"https:\/\/www.nationalturk.com\/tr\/wp-json\/wp\/v2\/comments?post=214237"}],"version-history":[{"count":0,"href":"https:\/\/www.nationalturk.com\/tr\/wp-json\/wp\/v2\/posts\/214237\/revisions"}],"wp:featuredmedia":[{"embeddable":true,"href":"https:\/\/www.nationalturk.com\/tr\/wp-json\/wp\/v2\/media\/214240"}],"wp:attachment":[{"href":"https:\/\/www.nationalturk.com\/tr\/wp-json\/wp\/v2\/media?parent=214237"}],"wp:term":[{"taxonomy":"category","embeddable":true,"href":"https:\/\/www.nationalturk.com\/tr\/wp-json\/wp\/v2\/categories?post=214237"},{"taxonomy":"post_tag","embeddable":true,"href":"https:\/\/www.nationalturk.com\/tr\/wp-json\/wp\/v2\/tags?post=214237"}],"curies":[{"name":"wp","href":"https:\/\/api.w.org\/{rel}","templated":true}]}}