{"id":214469,"date":"2015-06-30T17:19:18","date_gmt":"2015-06-30T14:19:18","guid":{"rendered":"http:\/\/www.nationalturk.com\/?p=214469"},"modified":"2024-02-06T15:39:12","modified_gmt":"2024-02-06T12:39:12","slug":"davor-sukerden-sike-iddialarina-yanit-214469","status":"publish","type":"post","link":"https:\/\/www.nationalturk.com\/tr\/davor-sukerden-sike-iddialarina-yanit-214469\/","title":{"rendered":"Davor Suker&#8217;den \u015fike iddialar\u0131na yan\u0131t"},"content":{"rendered":"<p><img loading=\"lazy\" decoding=\"async\" class=\"alignnone size-large wp-image-214470\" src=\"http:\/\/www.nationalturk.com\/tr\/wp-content\/uploads\/2015\/06\/davor_suker-610x343.jpg\" alt=\"Davor Suker\" width=\"610\" height=\"343\" title=\"\" srcset=\"https:\/\/www.nationalturk.com\/tr\/wp-content\/uploads\/2015\/06\/davor_suker-610x343.jpg 610w, https:\/\/www.nationalturk.com\/tr\/wp-content\/uploads\/2015\/06\/davor_suker-280x158.jpg 280w, https:\/\/www.nationalturk.com\/tr\/wp-content\/uploads\/2015\/06\/davor_suker.jpg 656w\" sizes=\"auto, (max-width: 610px) 100vw, 610px\" \/><\/p>\n<h1>H\u0131rvatistan Futbol Federasyonu (HNS) Ba\u015fkan\u0131 ve UEFA \u0130cra Kurulu \u00dcyesi Davor Suker, hakk\u0131nda \u00e7\u0131kan &#8220;\u015fike&#8221; iddialar\u0131n\u0131 reddetti.<\/h1>\n<p>Suker, yapt\u0131\u011f\u0131 yaz\u0131l\u0131 a\u00e7\u0131klamada, Avrupa medyas\u0131ndaki iddialar\u0131n aksine, daha \u00f6nce Almanya&#8217;da yarg\u0131lanarak \u015fike yapt\u0131klar\u0131 gerek\u00e7esiyle hapse mahkum edilen Ante Sapina ve Marijo Cvrtak isimli iki H\u0131rvat ile birlikte hi\u00e7bir \u015fike olay\u0131na kar\u0131\u015fmad\u0131\u011f\u0131n\u0131 ifade etti.<\/p>\n<p>\u00c7ok sevdi\u011fi futbola hayat\u0131n\u0131 adad\u0131\u011f\u0131n\u0131 belirten Suker, &#8220;Bir\u00e7ok b\u00fcy\u00fck kul\u00fcb\u00fcn formas\u0131yla ulusal ve uluslararas\u0131 turnuvalarda yer ald\u0131m. Milli formay\u0131 69 kez giyme onurunu ya\u015fad\u0131m. T\u00fcm bunlar\u0131 ya\u015farken de sporla ilgisi olan binlerce insan tan\u0131d\u0131m. Maalesef, tan\u0131d\u0131\u011f\u0131m insanlar aras\u0131nda \u015fike gerek\u00e7esiyle ceza alan s\u00f6z konusu iki H\u0131rvat da bulunuyor&#8221; ifadesini kulland\u0131.<\/p>\n<p>Suker, hem bireysel hem federasyon olarak kendilerini &#8220;korkun\u00e7 bir hastal\u0131k&#8221; olan \u015fikeyle m\u00fccadeleye adad\u0131klar\u0131n\u0131 vurgulayarak, &#8220;\u015eunu a\u00e7\u0131k bir \u015fekilde s\u00f6yleyebilirim ki hayat\u0131m boyunca futbol ma\u00e7lar\u0131n\u0131n sonucuna etki edebilecek hi\u00e7bir eylemin i\u00e7inde yer almad\u0131m&#8221; dedi.<\/p>\n<p>&#8211; Suker hakk\u0131ndaki iddialar<\/p>\n<p>Alman gazeteci Benjamin Best, \u015fike davas\u0131n\u0131 takip eden yetkililerin Suker&#8217;in Sapina ile ba\u011flant\u0131s\u0131 oldu\u011funu tespit etti\u011fini ve UEFA&#8217;n\u0131n da bunu ara\u015ft\u0131rd\u0131\u011f\u0131n\u0131 iddia etmi\u015fti.<\/p>\n<p>Best, Ante Sapina&#8217;n\u0131n UEFA Avrupa Ligi&#8217;nde 2009 y\u0131l\u0131nda oynanan Siroki Brijeg-Banants ma\u00e7\u0131nda \u015fike yapmak istedi\u011fini, ma\u00e7 \u00f6ncesinde de Suker&#8217;i arayarak bu kar\u015f\u0131la\u015fmaya bahis oynamas\u0131n\u0131 s\u00f6yledi\u011fini g\u00f6steren baz\u0131 ses kay\u0131tlar\u0131n\u0131n bulundu\u011funu da \u00f6ne s\u00fcrm\u00fc\u015ft\u00fc.<\/p>\n<p>H\u0131rvatistan bas\u0131n\u0131na a\u00e7\u0131klamada bulunan Best, ba\u015fka bir ma\u00e7a bahis oynayan Sapina&#8217;n\u0131n 400 bin avro kazand\u0131\u011f\u0131n\u0131 ancak bahis \u015firketinin bu paray\u0131 kendisine \u00f6demek istemedi\u011fini belirterek, Sapina&#8217;n\u0131n \u0130ngiltere&#8217;de iyi ba\u011flant\u0131lar\u0131 olan Suker&#8217;den bu konuda yard\u0131m istedi\u011fini, H\u0131rvat spor adam\u0131n\u0131n da kendisine yard\u0131m edece\u011fini s\u00f6yledi\u011fini kaydetmi\u015fti.<\/p>\n<!-- Error, Advert is not available at this time due to schedule\/geolocation restrictions! -->\n","protected":false},"excerpt":{"rendered":"<p>H\u0131rvatistan Futbol Federasyonu (HNS) Ba\u015fkan\u0131 ve UEFA \u0130cra Kurulu \u00dcyesi Davor Suker, hakk\u0131nda \u00e7\u0131kan &#8220;\u015fike&#8221; iddialar\u0131n\u0131 reddetti.<\/p>\n","protected":false},"author":4,"featured_media":214471,"comment_status":"open","ping_status":"open","sticky":false,"template":"","format":"standard","meta":{"_acf_changed":false,"footnotes":""},"categories":[6774,220906,6194],"tags":[148636,1091,21483,19062,847,74818],"class_list":["post-214469","post","type-post","status-publish","format-standard","has-post-thumbnail","hentry","category-futbol","category-sikeli-maclar","category-spor","tag-davor-suker","tag-hirvatistan","tag-sike","tag-sike-operasyonu","tag-uefa","tag-uefa-sike"],"acf":[],"_links":{"self":[{"href":"https:\/\/www.nationalturk.com\/tr\/wp-json\/wp\/v2\/posts\/214469","targetHints":{"allow":["GET"]}}],"collection":[{"href":"https:\/\/www.nationalturk.com\/tr\/wp-json\/wp\/v2\/posts"}],"about":[{"href":"https:\/\/www.nationalturk.com\/tr\/wp-json\/wp\/v2\/types\/post"}],"author":[{"embeddable":true,"href":"https:\/\/www.nationalturk.com\/tr\/wp-json\/wp\/v2\/users\/4"}],"replies":[{"embeddable":true,"href":"https:\/\/www.nationalturk.com\/tr\/wp-json\/wp\/v2\/comments?post=214469"}],"version-history":[{"count":0,"href":"https:\/\/www.nationalturk.com\/tr\/wp-json\/wp\/v2\/posts\/214469\/revisions"}],"wp:featuredmedia":[{"embeddable":true,"href":"https:\/\/www.nationalturk.com\/tr\/wp-json\/wp\/v2\/media\/214471"}],"wp:attachment":[{"href":"https:\/\/www.nationalturk.com\/tr\/wp-json\/wp\/v2\/media?parent=214469"}],"wp:term":[{"taxonomy":"category","embeddable":true,"href":"https:\/\/www.nationalturk.com\/tr\/wp-json\/wp\/v2\/categories?post=214469"},{"taxonomy":"post_tag","embeddable":true,"href":"https:\/\/www.nationalturk.com\/tr\/wp-json\/wp\/v2\/tags?post=214469"}],"curies":[{"name":"wp","href":"https:\/\/api.w.org\/{rel}","templated":true}]}}