{"id":214688,"date":"2015-07-03T10:47:03","date_gmt":"2015-07-03T07:47:03","guid":{"rendered":"http:\/\/www.nationalturk.com\/?p=214688"},"modified":"2022-08-26T12:49:13","modified_gmt":"2022-08-26T09:49:13","slug":"carsi-avukati-fikret-orman-suc-isliyor-214688","status":"publish","type":"post","link":"https:\/\/www.nationalturk.com\/tr\/carsi-avukati-fikret-orman-suc-isliyor-214688\/","title":{"rendered":"\u00e7Ar\u015f\u0131 avukat\u0131: Fikret Orman su\u00e7 i\u015fliyor"},"content":{"rendered":"<p><img loading=\"lazy\" decoding=\"async\" class=\"alignnone size-large wp-image-214692\" src=\"http:\/\/www.nationalturk.com\/tr\/wp-content\/uploads\/2015\/07\/fikret_orman_makam-610x346.jpg\" alt=\"Fikret Orman\" width=\"610\" height=\"346\" title=\"\" srcset=\"https:\/\/www.nationalturk.com\/tr\/wp-content\/uploads\/2015\/07\/fikret_orman_makam-610x346.jpg 610w, https:\/\/www.nationalturk.com\/tr\/wp-content\/uploads\/2015\/07\/fikret_orman_makam-280x159.jpg 280w, https:\/\/www.nationalturk.com\/tr\/wp-content\/uploads\/2015\/07\/fikret_orman_makam.jpg 705w\" sizes=\"auto, (max-width: 610px) 100vw, 610px\" \/><\/p>\n<h1>Be\u015fikta\u015f Ba\u015fkan\u0131 Fikret Orman&#8217;\u0131n Gezi direni\u015fine kat\u0131ld\u0131\u011f\u0131 i\u00e7in darbeyle yarg\u0131lanan \u00e7Ar\u015f\u0131 hakk\u0131nda yapt\u0131\u011f\u0131 a\u00e7\u0131klamalara tepkiler b\u00fcy\u00fcyor.<\/h1>\n<p>Son olarak; \u201cGezi\u2019de her kesimden insan bir araya geldi. Topluluk kendisine itici bir g\u00fc\u00e7 ar\u0131yordu. \u00e7Ar\u015f\u0131 bu rol\u00fc \u00fcstlenerek, siyasi bir ortam\u0131n i\u00e7ine \u00e7ekildi. Tayyip Erdo\u011fan\u2019\u0131n deste\u011fi olmasayd\u0131, bu stat yap\u0131lamazd\u0131, \u00e7Ar\u015f\u0131 masum de\u011fil tapelere bakt\u0131\u011f\u0131m\u0131zda bir\u00e7ok \u015feyi g\u00f6r\u00fcyoruz. Yanlar\u0131nda olmay\u0131z\u201d diyen Fikret Orman taraftar\u0131n sabr\u0131n\u0131 ta\u015f\u0131rd\u0131.<\/p>\n<p>\u00e7Ar\u015f\u0131\u2019n\u0131n avukatlar\u0131ndan Mehmet Dervi\u015f Y\u0131ld\u0131z, \u201cOrman, bu tip beyanatlar\u0131yla h\u00e2len devam etmekte olan bir davay\u0131 etkilemeye \u00e7al\u0131\u015farak su\u00e7 i\u015fliyor\u201d dedi.<\/p>\n<p>BirG\u00fcn gazetesinin haberine g\u00f6re ayn\u0131 zamanda Be\u015fikta\u015f Kongre \u00dcyesi ve Birle\u015fik Muhalefet S\u00f6zc\u00fcs\u00fc olan Y\u0131ld\u0131z, konuyla ilgili olarak \u015funlar\u0131 s\u00f6yledi: \u201cD\u00fc\u015f\u00fcncelerimizi defalarca s\u00fczge\u00e7ten ge\u00e7irip laf\u0131m\u0131z\u0131 \u00f6yle s\u00f6yleriz. Topluma mal olan bir kul\u00fcb\u00fcn ba\u015fkan\u0131 da b\u00f6yle yapmal\u0131. Ancak Fikret Orman, bunu dikkate alm\u0131yor, a\u00e7\u0131klamalar\u0131 maksatl\u0131!\u201d<\/p>\n<p>Avukat Mehmet Dervi\u015f Y\u0131ld\u0131z; \u201cT\u00fcrkiye, son genel se\u00e7imlerde iktidara net bir mesaj verdi. Gezi yerini buldu. Fikret Orman mesaj\u0131 iyi okumam\u0131\u015f\u201d derken, \u015fu ifadelere yer verdi: \u201cT\u00fcrkiye\u2019de kutupla\u015ft\u0131rman\u0131n ve ayr\u0131\u015ft\u0131rman\u0131n art\u0131k prim yapmad\u0131\u011f\u0131n\u0131 \u00e7\u00f6zememi\u015f. Toplumu ayr\u0131\u015ft\u0131ranlar bedel \u00f6derken, \u00e7\u0131k\u0131p bunlar\u0131 s\u00f6ylemesi tuhaf ka\u00e7\u0131yor. Sen nas\u0131l olur da, Be\u015fikta\u015f taraftar\u0131n\u0131 \u00e7Ar\u015f\u0131\u2019l\u0131 olan olmayan, Gezi\u2019ye kat\u0131lan kat\u0131lmayan diye ayr\u0131\u015ft\u0131r\u0131rs\u0131n? Siyasete ge\u00e7 ba\u015flad\u0131, bu konular\u0131n acemisi. Fikret Orman Kraldan \u00e7ok kralc\u0131! T\u00fcrkiye\u2019nin sava\u015f \u00e7\u0131\u011f\u0131rtkanl\u0131\u011f\u0131ndan prim yapmak isteyenlere nas\u0131l bir hesap kesti\u011fini anlamam\u0131\u015f. Art\u0131k toplumda bu tarz liderlik modeli ortadan kalkt\u0131. Genel se\u00e7im bunun tescilidir!\u201d<\/p>\n<p>Y\u0131ld\u0131z, \u201cFikret Orman su\u00e7 i\u015fliyor\u201d diye devam etti: \u201c\u00e7Ar\u015f\u0131 davas\u0131 sonuca gidiyor. Mahkemede aklanmak \u00fczereyiz. Bizim ter\u00f6r \u00f6rg\u00fct\u00fc olmad\u0131\u011f\u0131m\u0131z\u0131 c\u00fcmle \u00e2lem kabul etti. Davay\u0131, d\u00fcnyada ve T\u00fcrkiye\u2019de milyonlarca ki\u015fi takip etti, herkes yan\u0131m\u0131zda oldu! Durum b\u00f6yleyken, bu tip beyanatlar vermek, mahkemeleri, savc\u0131lar\u0131 etkilemeye y\u00f6neliktir. TCK\u2019ya g\u00f6re su\u00e7tur. \u2018Adil yarg\u0131lamay\u0131 etkilemeye te\u015febb\u00fcs\u2019 su\u00e7udur. Ne yaz\u0131k ki Orman bunu da bilmiyor.\u201d<\/p>\n<p>Avukat Y\u0131ld\u0131z, Be\u015fikta\u015f Kul\u00fcb\u00fc Ba\u015fkan\u0131\u2019n\u0131 sert ifadelerle ele\u015ftirdi: \u201c\u00e7Ar\u015f\u0131\u2019yla u\u011fra\u015faca\u011f\u0131na, internete d\u00fc\u015fen, tapelere yans\u0131yan ba\u015fka tats\u0131z \u015feylerle u\u011fra\u015fs\u0131n. Kendisine k\u00fcfreden belediyecilerden, b\u00fcrokratlardan hesap sorsun!\u201d<\/p>\n<p>\u00e7Ar\u015f\u0131\u2019n\u0131n avukatlar\u0131ndan Mehmet Dervi\u015f Y\u0131ld\u0131z, Orman\u2019\u0131n ele\u015ftirilerinin maksatl\u0131 oldu\u011fundan da s\u00f6z etti: \u201cEski Kul\u00fcp Ba\u015fkan\u0131 Y\u0131ld\u0131r\u0131m Demir\u00f6ren\u2019den \u2018hesap soraca\u011f\u0131m\u2019 diyerek y\u00f6netime geldi. Zaman ge\u00e7ti; \u2018neden bunu yapm\u0131yorsun?\u2019 dedi\u011fimizde \u2018Yarg\u0131 s\u00fcreci devam ediyor, bu nedenle \u015fimdi s\u0131ras\u0131 de\u011fil\u2019 kar\u015f\u0131l\u0131\u011f\u0131n\u0131 verdi. Peki, \u015fimdi yarg\u0131 s\u00fcreci devam etmiyor mu? Ancak bizler Fikret Orman\u2019\u0131n ne ama\u00e7la bu atf\u0131 c\u00fcr\u00fcmlerde bulundu\u011funu iyi biliyoruz. \u00e7Ar\u015f\u0131\u2019ya ve kendisine t\u00fcm muhalif olanlara a\u00e7\u0131klayamad\u0131\u011f\u0131 mali hesaplar\u0131n takip\u00e7isi olduklar\u0131 i\u00e7in kin g\u00fcd\u00fcyor. Onlar\u0131 bu nedenle bask\u0131 alt\u0131nda tutmaya \u00e7al\u0131\u015f\u0131yor!\u201d<\/p>\n<!-- Error, Advert is not available at this time due to schedule\/geolocation restrictions! -->\n","protected":false},"excerpt":{"rendered":"<p>Be\u015fikta\u015f Ba\u015fkan\u0131 Fikret Orman&#8217;\u0131n Gezi direni\u015fine kat\u0131ld\u0131\u011f\u0131 i\u00e7in darbeyle yarg\u0131lanan \u00e7Ar\u015f\u0131 hakk\u0131nda yapt\u0131\u011f\u0131 a\u00e7\u0131klamalara tepkiler b\u00fcy\u00fcyor.<\/p>\n","protected":false},"author":4,"featured_media":214693,"comment_status":"open","ping_status":"open","sticky":false,"template":"","format":"standard","meta":{"_acf_changed":false,"footnotes":""},"categories":[6774,5005,6194],"tags":[65741,5189,180601,131808,37131,139194,140571,2269],"class_list":["post-214688","post","type-post","status-publish","format-standard","has-post-thumbnail","hentry","category-futbol","category-manset","category-spor","tag-birgun","tag-carsi","tag-carsi-davasi","tag-carsi-gezi-parki","tag-fikret-orman","tag-fikret-orman-carsi","tag-gezi-direnisi","tag-yildirim-demiroren"],"acf":[],"_links":{"self":[{"href":"https:\/\/www.nationalturk.com\/tr\/wp-json\/wp\/v2\/posts\/214688","targetHints":{"allow":["GET"]}}],"collection":[{"href":"https:\/\/www.nationalturk.com\/tr\/wp-json\/wp\/v2\/posts"}],"about":[{"href":"https:\/\/www.nationalturk.com\/tr\/wp-json\/wp\/v2\/types\/post"}],"author":[{"embeddable":true,"href":"https:\/\/www.nationalturk.com\/tr\/wp-json\/wp\/v2\/users\/4"}],"replies":[{"embeddable":true,"href":"https:\/\/www.nationalturk.com\/tr\/wp-json\/wp\/v2\/comments?post=214688"}],"version-history":[{"count":0,"href":"https:\/\/www.nationalturk.com\/tr\/wp-json\/wp\/v2\/posts\/214688\/revisions"}],"wp:featuredmedia":[{"embeddable":true,"href":"https:\/\/www.nationalturk.com\/tr\/wp-json\/wp\/v2\/media\/214693"}],"wp:attachment":[{"href":"https:\/\/www.nationalturk.com\/tr\/wp-json\/wp\/v2\/media?parent=214688"}],"wp:term":[{"taxonomy":"category","embeddable":true,"href":"https:\/\/www.nationalturk.com\/tr\/wp-json\/wp\/v2\/categories?post=214688"},{"taxonomy":"post_tag","embeddable":true,"href":"https:\/\/www.nationalturk.com\/tr\/wp-json\/wp\/v2\/tags?post=214688"}],"curies":[{"name":"wp","href":"https:\/\/api.w.org\/{rel}","templated":true}]}}