{"id":214726,"date":"2015-07-03T15:08:25","date_gmt":"2015-07-03T12:08:25","guid":{"rendered":"http:\/\/www.nationalturk.com\/?p=214726"},"modified":"2015-07-03T15:08:25","modified_gmt":"2015-07-03T12:08:25","slug":"dunya-meteoroloji-orgutu-turkiye-sikinti-yasayacak-214726","status":"publish","type":"post","link":"https:\/\/www.nationalturk.com\/tr\/dunya-meteoroloji-orgutu-turkiye-sikinti-yasayacak-214726\/","title":{"rendered":"D\u00fcnya Meteoroloji \u00d6rg\u00fct\u00fc: T\u00fcrkiye s\u0131k\u0131nt\u0131 ya\u015fayacak"},"content":{"rendered":"<p><img loading=\"lazy\" decoding=\"async\" class=\"alignnone size-full wp-image-214727\" src=\"http:\/\/www.nationalturk.com\/tr\/wp-content\/uploads\/2015\/07\/sicakhava.jpg\" alt=\"\" width=\"600\" height=\"300\" title=\"\" srcset=\"https:\/\/www.nationalturk.com\/tr\/wp-content\/uploads\/2015\/07\/sicakhava.jpg 600w, https:\/\/www.nationalturk.com\/tr\/wp-content\/uploads\/2015\/07\/sicakhava-280x140.jpg 280w\" sizes=\"auto, (max-width: 600px) 100vw, 600px\" \/><\/p>\n<h1>D\u00fcnya Meteoroloji \u00d6rg\u00fct\u00fc yapt\u0131\u011f\u0131 a\u00e7\u0131klamada s\u0131cak hava dalgas\u0131 nedeniyle T\u00fcrkiye ve Yunanistan&#8217;\u0131n s\u0131k\u0131nt\u0131 ya\u015fayaca\u011f\u0131n\u0131 duyurdu.<\/h1>\n<p>Yap\u0131lan a\u00e7\u0131klamada, T\u00fcrkiye&#8217;nin s\u0131cak hava dalgas\u0131 nedeniyle \u00f6n\u00fcm\u00fczdeki g\u00fcnleri s\u0131k\u0131nt\u0131l\u0131 ge\u00e7irece\u011fi bildirildi.\u00a0BM Cenevre Ofisi&#8217;nde d\u00fczenlenen bas\u0131n toplant\u0131s\u0131nda konu\u015fan DM\u00d6 Veri Y\u00f6netimi M\u00fcd\u00fcr\u00fc Omar Baddour, s\u0131cak hava dalgas\u0131n\u0131n Avrupa&#8217;n\u0131n do\u011fusuna hareket etti\u011fini belirterek, &#8220;Avrupa&#8217;n\u0131n do\u011fusuna hareket eden s\u0131cak hava dalgas\u0131 sonras\u0131nda T\u00fcrkiye ve Yunanistan \u00f6n\u00fcm\u00fczdeki g\u00fcnlerde s\u0131k\u0131nt\u0131 ya\u015fayacak&#8221; dedi.<\/p>\n<p>DM\u00d6 S\u00f6zc\u00fcs\u00fc Claire Nullis ise hava s\u0131cakl\u0131klar\u0131n\u0131n mevsim normallerinin \u00fczerinde seyretti\u011fini ve Avrupa&#8217;ya s\u0131cak hava dalgas\u0131n\u0131n \u00e7ok erken gelmesinin al\u0131\u015f\u0131lmad\u0131k oldu\u011funu kaydetti. &#8220;\u00d6n\u00fcm\u00fczdeki g\u00fcnlerde Avrupa&#8217;da hava s\u0131cakl\u0131klar\u0131 a\u015f\u0131r\u0131 y\u00fckselecek&#8221; ifadesini kullanan Nullis, 2013 y\u0131l\u0131nda yakla\u015f\u0131k 70 bin ki\u015finin a\u015f\u0131r\u0131 s\u0131cak havalar nedeniyle hayat\u0131n\u0131 kaybetmesinin ard\u0131ndan, Avrupa&#8217;n\u0131n 2015 i\u00e7in haz\u0131rl\u0131kl\u0131 oldu\u011funu belirtti.<\/p>\n<!-- Error, Advert is not available at this time due to schedule\/geolocation restrictions! -->\n","protected":false},"excerpt":{"rendered":"<p>D\u00fcnya Meteoroloji \u00d6rg\u00fct\u00fc yapt\u0131\u011f\u0131 a\u00e7\u0131klamada s\u0131cak hava dalgas\u0131 nedeniyle T\u00fcrkiye ve Yunanistan&#8217;\u0131n s\u0131k\u0131nt\u0131 ya\u015fayaca\u011f\u0131n\u0131 duyurdu.<\/p>\n","protected":false},"author":4,"featured_media":214727,"comment_status":"open","ping_status":"open","sticky":false,"template":"","format":"standard","meta":{"_acf_changed":false,"footnotes":""},"categories":[6155,5005,349,6805],"tags":[76490,192997,102823,73698,132694],"class_list":["post-214726","post","type-post","status-publish","format-standard","has-post-thumbnail","hentry","category-gundem","category-manset","category-son-dakika","category-turkiye","tag-asiri-sicaklar","tag-dunya-meteoroloji-orgutu","tag-sicak","tag-sicak-hava","tag-sicak-hava-dalgasi"],"acf":[],"_links":{"self":[{"href":"https:\/\/www.nationalturk.com\/tr\/wp-json\/wp\/v2\/posts\/214726","targetHints":{"allow":["GET"]}}],"collection":[{"href":"https:\/\/www.nationalturk.com\/tr\/wp-json\/wp\/v2\/posts"}],"about":[{"href":"https:\/\/www.nationalturk.com\/tr\/wp-json\/wp\/v2\/types\/post"}],"author":[{"embeddable":true,"href":"https:\/\/www.nationalturk.com\/tr\/wp-json\/wp\/v2\/users\/4"}],"replies":[{"embeddable":true,"href":"https:\/\/www.nationalturk.com\/tr\/wp-json\/wp\/v2\/comments?post=214726"}],"version-history":[{"count":0,"href":"https:\/\/www.nationalturk.com\/tr\/wp-json\/wp\/v2\/posts\/214726\/revisions"}],"wp:featuredmedia":[{"embeddable":true,"href":"https:\/\/www.nationalturk.com\/tr\/wp-json\/wp\/v2\/media\/214727"}],"wp:attachment":[{"href":"https:\/\/www.nationalturk.com\/tr\/wp-json\/wp\/v2\/media?parent=214726"}],"wp:term":[{"taxonomy":"category","embeddable":true,"href":"https:\/\/www.nationalturk.com\/tr\/wp-json\/wp\/v2\/categories?post=214726"},{"taxonomy":"post_tag","embeddable":true,"href":"https:\/\/www.nationalturk.com\/tr\/wp-json\/wp\/v2\/tags?post=214726"}],"curies":[{"name":"wp","href":"https:\/\/api.w.org\/{rel}","templated":true}]}}