{"id":215049,"date":"2015-07-08T16:06:55","date_gmt":"2015-07-08T13:06:55","guid":{"rendered":"http:\/\/www.nationalturk.com\/?p=215049"},"modified":"2015-07-08T16:06:55","modified_gmt":"2015-07-08T13:06:55","slug":"mhpli-halacoglu-ben-chpye-dinsiz-demedim-215049","status":"publish","type":"post","link":"https:\/\/www.nationalturk.com\/tr\/mhpli-halacoglu-ben-chpye-dinsiz-demedim-215049\/","title":{"rendered":"MHP&#8217;li Hala\u00e7o\u011flu: Ben CHP&#8217;ye dinsiz demedim"},"content":{"rendered":"<p><img loading=\"lazy\" decoding=\"async\" class=\"alignnone size-large wp-image-215051\" src=\"http:\/\/www.nationalturk.com\/tr\/wp-content\/uploads\/2015\/07\/yusuf_halacoglu_tbmm-540x360.jpg\" alt=\"Yusuf Hala\u00e7o\u011flu\" width=\"610\" height=\"390\" title=\"\"><\/p>\n<h1>Deniz Baykal ile ilgili yapt\u0131\u011f\u0131 a\u00e7\u0131klamalarla g\u00fcndeme oturan MHP&#8217;li Yusuf Hala\u00e7o\u011flu, CHP&#8217;ye ve Deniz Baykal&#8217;a dinsiz demedi\u011fini ileri s\u00fcrd\u00fc.<\/h1>\n<p>MHP Grup Ba\u015fkan Vekili Yusuf Hala\u00e7o\u011flu, CHP\u2019ye \u201cdinsiz, inan\u00e7s\u0131z, ateist\u201d demedi\u011fini s\u00f6yledi.<\/p>\n<p>Radikal&#8217;den Murat Yetkin&#8217;in haberi;<\/p>\n<p>Telefonla konu\u015ftu\u011fumuz Hala\u00e7o\u011flu iki g\u00fcnd\u00fcr devam eden tart\u0131\u015fma konusundaki sorular\u0131m\u0131z\u0131 \u015f\u00f6yle yan\u0131tlad\u0131:<\/p>\n<p>\u00b7 \u201cBen CHP dinsizdir, inan\u00e7s\u0131zd\u0131r, ateisttir demedim. CHP\u2019nin dinsiz ya da ateist oldu\u011funu da d\u00fc\u015f\u00fcnm\u00fcyorum. Zaten kimsenin inanc\u0131n\u0131, iman\u0131n\u0131 \u00f6l\u00e7mek ne MHP\u2019ye, ne de bana d\u00fc\u015fer; \u2018Ben ateistim\u201d diyene dahi inan\u00e7s\u0131zd\u0131r, imans\u0131zd\u0131r demem, o Cenab\u0131 Allah\u2019\u0131n bilece\u011fi i\u015ftir.\u201d<\/p>\n<p>\u00b7 \u201cDikkatle okunursa ben e\u011fer MHP Deniz Baykal\u2019\u0131 desteklemi\u015f olsayd\u0131, AKP taraf\u0131ndan \u201cSiz dinsiz, inan\u00e7s\u0131z bir partinin adam\u0131n\u0131 se\u00e7tiniz diye propaganda yap\u0131lacakt\u0131 dedim. \u00c7\u00fcnk\u00fc daha \u00f6nce AKP yetkilileri CHP\u2019ye b\u00f6yle s\u00f6zler etmi\u015flerdi. Bunlar\u0131 yine s\u00f6yleyebileceklerini ifade ettim, yoksa o kelimeler benim d\u00fc\u015f\u00fcncemi yans\u0131tm\u0131yor.\u201d<\/p>\n<p>Hala\u00e7o\u011flu, partisinin neden Baykal\u2019a oy vermedi\u011fini a\u00e7\u0131klarken \u015fu ifadeleri kullanm\u0131\u015ft\u0131: &#8220;Biz e\u011fer Say\u0131n Baykal&#8217;\u0131 desteklemi\u015f olsayd\u0131k, kamuoyunda \u015funlar yans\u0131t\u0131lacakt\u0131: &#8216;Siz Baykal&#8217;\u0131 se\u00e7tiniz, bir muhalif ad\u0131 alt\u0131nda&#8217; AKP&#8217;nin tabiriyle &#8216;dinsiz bir partinin inan\u00e7s\u0131z bir partinin adam\u0131n\u0131 se\u00e7tiniz&#8217; diye bize y\u00fckleneceklerdi&#8221;.<\/p>\n<p>Bu s\u00f6zlerin CHP\u2019de meydana getirdi\u011fi tepkinin dile getirilmesi bizzat Kemal K\u0131l\u0131\u00e7daro\u011flu taraf\u0131ndan engellenmi\u015f, konu \u00fczerine gidilmemesi istenmi\u015fti.<\/p>\n<p>Hala\u00e7o\u011flu telefon g\u00f6r\u00fc\u015fmemizde MHP\u2019nin Baykal\u2019a ba\u015ftan itibaren oy vermeyi d\u00fc\u015f\u00fcn\u00fclmedi\u011fini hatta Ekmeleddin \u0130hsano\u011flu\u2019nun aday olarak \u00e7\u0131kar\u0131lmas\u0131n\u0131n \u201cas\u0131l sebebinin Baykal\u2019\u0131n adayl\u0131\u011f\u0131na kar\u015f\u0131 \u00e7\u0131k\u0131\u015f\u201d oldu\u011funu s\u00f6yledi.<\/p>\n<p>Hala\u00e7o\u011flu bunun nedenlerini \u015f\u00f6yle a\u00e7\u0131klad\u0131:<\/p>\n<p>\u00b7 \u201cBiz Baykal\u2019\u0131n Cumhurba\u015fkan\u0131 ile ne konu\u015ftu\u011funu bilmiyoruz. \u015eeffaf olmayan bir g\u00f6r\u00fc\u015fme, kamuoyu da bilmiyor. Acaba daha \u00f6nce (2003\u2019te) oldu\u011fu gibi yine T\u00fcrkiye\u2019de iki partili sitemin gereklili\u011fi \u00fczerine mi konu\u015ftular? Kurt bir politikac\u0131 olan Baykal herhalde Erdo\u011fan\u2019dan Meclis\u2019i nas\u0131l y\u00f6netmesi gerekti\u011fini sormaya gitmedi.<\/p>\n<p>\u201cAyr\u0131ca \u0130hsano\u011flu\u2019nu aday \u00e7\u0131karmam\u0131z\u0131n anlam\u0131, Bah\u00e7eli\u2019ye ba\u015fbakanl\u0131k dahi teklif eden K\u0131l\u0131\u00e7daro\u011flu\u2019nun Meclis Ba\u015fkanl\u0131\u011f\u0131 i\u00e7in daha \u00f6nce Cumhurba\u015fkan\u0131 aday\u0131 olarak neden d\u00fc\u015f\u00fcnmedi\u011fini ortaya koymakt\u0131. Bizimle ancak Bah\u00e7eli \u201cHDP destek a\u00e7\u0131klarsa Baykal\u2019a oy vermeyiz\u201d beyan\u0131 sonras\u0131nda temas kuruldu. Levent G\u00f6k benim \u2018K\u0131l\u0131\u00e7daro\u011flu, Bah\u00e7eli ile g\u00f6r\u00fc\u015fs\u00fcn \u00f6yle karar verilir\u2019 dedi\u011fimi aktarmad\u0131, ama ben a\u00e7\u0131klay\u0131nca yalanlamad\u0131 da.\u201d<\/p>\n<!-- Error, Advert is not available at this time due to schedule\/geolocation restrictions! -->\n","protected":false},"excerpt":{"rendered":"<p>Deniz Baykal ile ilgili yapt\u0131\u011f\u0131 a\u00e7\u0131klamalarla g\u00fcndeme oturan MHP&#8217;li Yusuf Hala\u00e7o\u011flu, CHP&#8217;ye ve Deniz Baykal&#8217;a dinsiz demedi\u011fini ileri s\u00fcrd\u00fc.<\/p>\n","protected":false},"author":4,"featured_media":215052,"comment_status":"open","ping_status":"open","sticky":false,"template":"","format":"standard","meta":{"_acf_changed":false,"footnotes":""},"categories":[6155,5005,6202,349,6805],"tags":[8723,5063,10829,135611,11668],"class_list":["post-215049","post","type-post","status-publish","format-standard","has-post-thumbnail","hentry","category-gundem","category-manset","category-politika","category-son-dakika","category-turkiye","tag-chp","tag-deniz-baykal","tag-mhp","tag-mhp-chp","tag-yusuf-halacoglu"],"acf":[],"_links":{"self":[{"href":"https:\/\/www.nationalturk.com\/tr\/wp-json\/wp\/v2\/posts\/215049","targetHints":{"allow":["GET"]}}],"collection":[{"href":"https:\/\/www.nationalturk.com\/tr\/wp-json\/wp\/v2\/posts"}],"about":[{"href":"https:\/\/www.nationalturk.com\/tr\/wp-json\/wp\/v2\/types\/post"}],"author":[{"embeddable":true,"href":"https:\/\/www.nationalturk.com\/tr\/wp-json\/wp\/v2\/users\/4"}],"replies":[{"embeddable":true,"href":"https:\/\/www.nationalturk.com\/tr\/wp-json\/wp\/v2\/comments?post=215049"}],"version-history":[{"count":0,"href":"https:\/\/www.nationalturk.com\/tr\/wp-json\/wp\/v2\/posts\/215049\/revisions"}],"wp:featuredmedia":[{"embeddable":true,"href":"https:\/\/www.nationalturk.com\/tr\/wp-json\/wp\/v2\/media\/215052"}],"wp:attachment":[{"href":"https:\/\/www.nationalturk.com\/tr\/wp-json\/wp\/v2\/media?parent=215049"}],"wp:term":[{"taxonomy":"category","embeddable":true,"href":"https:\/\/www.nationalturk.com\/tr\/wp-json\/wp\/v2\/categories?post=215049"},{"taxonomy":"post_tag","embeddable":true,"href":"https:\/\/www.nationalturk.com\/tr\/wp-json\/wp\/v2\/tags?post=215049"}],"curies":[{"name":"wp","href":"https:\/\/api.w.org\/{rel}","templated":true}]}}