{"id":215324,"date":"2015-07-13T11:45:46","date_gmt":"2015-07-13T08:45:46","guid":{"rendered":"http:\/\/www.nationalturk.com\/?p=215324"},"modified":"2015-07-13T11:45:46","modified_gmt":"2015-07-13T08:45:46","slug":"son-dakika-pariste-yine-rehine-krizi-215324","status":"publish","type":"post","link":"https:\/\/www.nationalturk.com\/tr\/son-dakika-pariste-yine-rehine-krizi-215324\/","title":{"rendered":"Son Dakika Paris&#8217;te yine rehine krizi!"},"content":{"rendered":"<p><img loading=\"lazy\" decoding=\"async\" class=\"alignnone size-large wp-image-215325\" src=\"http:\/\/www.nationalturk.com\/tr\/wp-content\/uploads\/2015\/07\/parisrehine-610x253.jpg\" alt=\"\" width=\"610\" height=\"253\" title=\"\" srcset=\"https:\/\/www.nationalturk.com\/tr\/wp-content\/uploads\/2015\/07\/parisrehine-610x253.jpg 610w, https:\/\/www.nationalturk.com\/tr\/wp-content\/uploads\/2015\/07\/parisrehine-280x116.jpg 280w, https:\/\/www.nationalturk.com\/tr\/wp-content\/uploads\/2015\/07\/parisrehine.jpg 620w\" sizes=\"auto, (max-width: 610px) 100vw, 610px\" \/><\/p>\n<h1>Fransa&#8217;n\u0131n ba\u015fkenti Paris&#8217;te bir ma\u011fazaya giren silahl\u0131 soyguncular 10 ki\u015fiyi rehin ald\u0131. Ma\u011fazaya \u00f6zel kuvvetler g\u00f6nderildi. \u00a0\/ Son Dakika&#8230;<\/h1>\n<p>Paris&#8217;in kuzeybat\u0131s\u0131nda bulunan Villeneuve La Garenne b\u00f6lgesindeki bir ma\u011fazaya giren soyguncular sabah erken saatlerde 10 ki\u015fiyi rehin ald\u0131. Frans\u0131z medyas\u0131na g\u00f6re soyguncular 2 veya 3 ki\u015fi. Herhangi bir can kayb\u0131 ya da yaral\u0131 ise \u015fu an i\u00e7in bulunmuyor. \u00d6zel kuvvetlerin olay yerine intikal etti\u011fi gelen bilgiler aras\u0131nda.<\/p>\n<p>Le Figaro ise olay\u0131n bir ma\u011faza \u00e7al\u0131\u015fan\u0131n\u0131n arkada\u015f\u0131na att\u0131\u011f\u0131 SMS ile ortaya \u00e7\u0131kt\u0131\u011f\u0131n\u0131 yazd\u0131.\u00a0Le Parisien gazetesi ise g\u00f6rg\u00fc tan\u0131klar\u0131ndan ald\u0131\u011f\u0131 bilgiye g\u00f6re, Primark ma\u011fazas\u0131n\u0131n etraf\u0131ndaki insanlar\u0131n &#8220;silahlar\u0131 var&#8221; diyerek ka\u00e7t\u0131\u011f\u0131n\u0131 bildirdi.<\/p>\n<!-- Error, Advert is not available at this time due to schedule\/geolocation restrictions! -->\n","protected":false},"excerpt":{"rendered":"<p>Fransa&#8217;n\u0131n ba\u015fkenti Paris&#8217;te bir ma\u011fazaya giren silahl\u0131 soyguncular 10 ki\u015fiyi rehin ald\u0131. Ma\u011fazaya \u00f6zel kuvvetler g\u00f6nderildi.  \/ Son Dakika&#8230;<\/p>\n","protected":false},"author":4,"featured_media":215326,"comment_status":"open","ping_status":"open","sticky":false,"template":"","format":"standard","meta":{"_acf_changed":false,"footnotes":""},"categories":[6770,6665,6155,5005,349],"tags":[17,182112,166149,12,182123,182125,182120,27382,182121],"class_list":["post-215324","post","type-post","status-publish","format-standard","has-post-thumbnail","hentry","category-avrupa","category-dunya","category-gundem","category-manset","category-son-dakika","tag-fransa","tag-fransa-rehine","tag-fransa-son-dakika","tag-paris","tag-paris-rehine","tag-paris-rehine-krizi","tag-paris-son-dakika","tag-son-dakika","tag-son-dakika-paris"],"acf":[],"_links":{"self":[{"href":"https:\/\/www.nationalturk.com\/tr\/wp-json\/wp\/v2\/posts\/215324","targetHints":{"allow":["GET"]}}],"collection":[{"href":"https:\/\/www.nationalturk.com\/tr\/wp-json\/wp\/v2\/posts"}],"about":[{"href":"https:\/\/www.nationalturk.com\/tr\/wp-json\/wp\/v2\/types\/post"}],"author":[{"embeddable":true,"href":"https:\/\/www.nationalturk.com\/tr\/wp-json\/wp\/v2\/users\/4"}],"replies":[{"embeddable":true,"href":"https:\/\/www.nationalturk.com\/tr\/wp-json\/wp\/v2\/comments?post=215324"}],"version-history":[{"count":0,"href":"https:\/\/www.nationalturk.com\/tr\/wp-json\/wp\/v2\/posts\/215324\/revisions"}],"wp:featuredmedia":[{"embeddable":true,"href":"https:\/\/www.nationalturk.com\/tr\/wp-json\/wp\/v2\/media\/215326"}],"wp:attachment":[{"href":"https:\/\/www.nationalturk.com\/tr\/wp-json\/wp\/v2\/media?parent=215324"}],"wp:term":[{"taxonomy":"category","embeddable":true,"href":"https:\/\/www.nationalturk.com\/tr\/wp-json\/wp\/v2\/categories?post=215324"},{"taxonomy":"post_tag","embeddable":true,"href":"https:\/\/www.nationalturk.com\/tr\/wp-json\/wp\/v2\/tags?post=215324"}],"curies":[{"name":"wp","href":"https:\/\/api.w.org\/{rel}","templated":true}]}}