{"id":215343,"date":"2015-07-13T14:45:03","date_gmt":"2015-07-13T11:45:03","guid":{"rendered":"http:\/\/www.nationalturk.com\/?p=215343"},"modified":"2015-07-13T14:45:03","modified_gmt":"2015-07-13T11:45:03","slug":"ilk-resmi-gorusme-basladi-davutogludan-chpye-kandil-simidi-ve-cikolata-215343","status":"publish","type":"post","link":"https:\/\/www.nationalturk.com\/tr\/ilk-resmi-gorusme-basladi-davutogludan-chpye-kandil-simidi-ve-cikolata-215343\/","title":{"rendered":"\u0130lk resmi g\u00f6r\u00fc\u015fme ba\u015flad\u0131! Davuto\u011flu&#8217;dan CHP&#8217;ye kandil simidi ve \u00e7ikolata"},"content":{"rendered":"<p><img loading=\"lazy\" decoding=\"async\" class=\"alignnone size-large wp-image-215344\" src=\"http:\/\/www.nationalturk.com\/tr\/wp-content\/uploads\/2015\/07\/davutoglu_chp-541x360.jpg\" alt=\"\" width=\"610\" height=\"390\" title=\"\"><\/p>\n<h1>H\u00fck\u00fcmeti kurmakla g\u00f6revlendirilen AKP Genel Ba\u015fkan\u0131 Ahmet Davuto\u011flu, koalisyon g\u00f6r\u00fc\u015fmeleri kapsam\u0131nda CHP Genel Ba\u015fkan\u0131 Kemal K\u0131l\u0131\u00e7daro\u011flu ile bir araya geldi.<\/h1>\n<p><img loading=\"lazy\" decoding=\"async\" class=\"alignleft size-large wp-image-215345\" src=\"http:\/\/www.nationalturk.com\/tr\/wp-content\/uploads\/2015\/07\/davutoglu_faik_oztrak-501x360.jpg\" alt=\"Davuto\u011flu\" width=\"501\" height=\"360\" title=\"\" srcset=\"https:\/\/www.nationalturk.com\/tr\/wp-content\/uploads\/2015\/07\/davutoglu_faik_oztrak-501x360.jpg 501w, https:\/\/www.nationalturk.com\/tr\/wp-content\/uploads\/2015\/07\/davutoglu_faik_oztrak-280x201.jpg 280w, https:\/\/www.nationalturk.com\/tr\/wp-content\/uploads\/2015\/07\/davutoglu_faik_oztrak-900x647.jpg 900w, https:\/\/www.nationalturk.com\/tr\/wp-content\/uploads\/2015\/07\/davutoglu_faik_oztrak.jpg 1113w\" sizes=\"auto, (max-width: 501px) 100vw, 501px\" \/>Ahmet Davuto\u011flu, CHP Genel Merkezi&#8217;ne, Ba\u015fbakan Yard\u0131mc\u0131s\u0131 Numan Kurtulmu\u015f, K\u00fclt\u00fcr ve Turizm Bakan\u0131 \u00d6mer \u00c7elik, Kalk\u0131nma Bakan\u0131 Cevdet Y\u0131lmaz ve AK Parti \u0130stanbul Milletvekili Ay\u015fe Nur Bah\u00e7ekap\u0131l\u0131 ile geldi.<\/p>\n<p>Sivil plakal\u0131 bir ara\u00e7la CHP Genel Merkezi&#8217;ne gelen Davuto\u011flu&#8217;nu, CHP Genel Ba\u015fkan Yard\u0131mc\u0131s\u0131 Faik \u00d6ztrak kar\u015f\u0131lad\u0131.<\/p>\n<p>\u00d6ztrak ile tokala\u015fan Davuto\u011flu ve beraberindeki heyet, daha sonra Genel Ba\u015fkan Kemal K\u0131l\u0131\u00e7daro\u011flu ile g\u00f6r\u00fc\u015fmeye ge\u00e7ti.<\/p>\n<p>CHP Genel Merkezi&#8217;nin 12&#8217;nci kat\u0131nda, bas\u0131na kapal\u0131 ger\u00e7ekle\u015fen g\u00f6r\u00fc\u015fme, 14.15&#8217;te ba\u015flad\u0131.<\/p>\n<p>CHP Genel Ba\u015fkan\u0131 Kemal K\u0131l\u0131\u00e7daro\u011flu&#8217;na g\u00f6r\u00fc\u015fmede, CHP Genel Ba\u015fkan Yard\u0131mc\u0131lar\u0131 Haluk Ko\u00e7, Selin Sayek B\u00f6ke ve Faik \u00d6ztrak ile \u0130stanbul Milletvekili Akif Hamza\u00e7ebi e\u015flik ediyor.<\/p>\n<p>AK Parti heyetinin, CHP Genel Merkezi&#8217;ne, g\u00fcm\u00fc\u015f tepsi i\u00e7erisinde kandil simidi ve \u00e7ikolata getirdikleri \u00f6\u011frenildi.<\/p>\n<!-- Error, Advert is not available at this time due to schedule\/geolocation restrictions! -->\n<p>Davuto\u011flu&#8217;nun, g\u00f6r\u00fc\u015fmenin ard\u0131ndan AK Parti Genel Merkezi&#8217;nde bas\u0131n toplant\u0131s\u0131 yapmas\u0131 bekleniyor.<\/p>\n<p>Genel Ba\u015fkan Davuto\u011flu, koalisyon turlar\u0131 kapsam\u0131nda yar\u0131n MHP Genel Ba\u015fkan\u0131 Devlet Bah\u00e7eli, \u00e7ar\u015famba g\u00fcn\u00fc ise HDP E\u015f Genel Ba\u015fkanlar\u0131 Selahattin Demirta\u015f ve Figen Y\u00fcksekda\u011f ile g\u00f6r\u00fc\u015fecek.<\/p>\n<p>-16 y\u0131l sonra bir ilk ger\u00e7ekle\u015fiyor<\/p>\n<p>T\u00fcrkiye&#8217;de, 16 y\u0131l sonra ilk defa h\u00fck\u00fcmet kurulmas\u0131 i\u00e7in koalisyon g\u00f6r\u00fc\u015fmeleri ger\u00e7ekle\u015ftiriliyor.<\/p>\n<p>18 Nisan 1999 genel se\u00e7imlerinde, 1. parti olarak \u00e7\u0131kan DSP&#8217;nin tek ba\u015f\u0131na h\u00fck\u00fcmet kuracak \u00e7o\u011funlu\u011fa sahip olamamas\u0131, koalisyon kurma zorunlulu\u011funu ortaya \u00e7\u0131karm\u0131\u015ft\u0131.<\/p>\n<p>Se\u00e7imlerde, 136 milletvekiliyle en fazla vekil \u00e7\u0131karan DSP&#8217;nin Genel Ba\u015fkan\u0131 B\u00fclent Ecevit, 3 May\u0131s 1999&#8217;da cumhurba\u015fkan\u0131ndan h\u00fck\u00fcmeti kurma g\u00f6revini ald\u0131ktan sonra, 129 milletvekili \u00e7\u0131karan MHP ve 86 milletvekiline sahip olan ANAP ile g\u00f6r\u00fc\u015fmelerde bulunmu\u015ftu. 28 May\u0131s 1999 tarihinde imzalanan koalisyon protokol\u00fc sonras\u0131nda kurulan 57. H\u00fck\u00fcmet, 9 Haziran 1999 tarihinde TBMM&#8217;den g\u00fcvenoyu alm\u0131\u015ft\u0131.<\/p>\n<p>Davuto\u011flu, daha \u00f6nce de D\u0131\u015fi\u015fleri Bakanl\u0131\u011f\u0131 d\u00f6neminde, CHP Genel Merkezi&#8217;ne gelerek K\u0131l\u0131\u00e7daro\u011flu ile g\u00f6r\u00fc\u015fm\u00fc\u015ft\u00fc.<\/p>\n<!-- Error, Advert is not available at this time due to schedule\/geolocation restrictions! -->\n","protected":false},"excerpt":{"rendered":"<p>H\u00fck\u00fcmeti kurmakla g\u00f6revlendirilen AKP Genel Ba\u015fkan\u0131 Ahmet Davuto\u011flu, koalisyon g\u00f6r\u00fc\u015fmeleri kapsam\u0131nda CHP Genel Ba\u015fkan\u0131 Kemal K\u0131l\u0131\u00e7daro\u011flu ile bir araya geldi.<\/p>\n","protected":false},"author":4,"featured_media":215346,"comment_status":"open","ping_status":"open","sticky":false,"template":"","format":"standard","meta":{"_acf_changed":false,"footnotes":""},"categories":[6155,5005,6202,349,6805],"tags":[8773,191968,62823,35154,47540],"class_list":["post-215343","post","type-post","status-publish","format-standard","has-post-thumbnail","hentry","category-gundem","category-manset","category-politika","category-son-dakika","category-turkiye","tag-ahmet-davutoglu","tag-ahmet-davutoglu-koalisyon","tag-akp-chp","tag-akp-chp-gorusmesi","tag-chp-akp"],"acf":[],"_links":{"self":[{"href":"https:\/\/www.nationalturk.com\/tr\/wp-json\/wp\/v2\/posts\/215343","targetHints":{"allow":["GET"]}}],"collection":[{"href":"https:\/\/www.nationalturk.com\/tr\/wp-json\/wp\/v2\/posts"}],"about":[{"href":"https:\/\/www.nationalturk.com\/tr\/wp-json\/wp\/v2\/types\/post"}],"author":[{"embeddable":true,"href":"https:\/\/www.nationalturk.com\/tr\/wp-json\/wp\/v2\/users\/4"}],"replies":[{"embeddable":true,"href":"https:\/\/www.nationalturk.com\/tr\/wp-json\/wp\/v2\/comments?post=215343"}],"version-history":[{"count":0,"href":"https:\/\/www.nationalturk.com\/tr\/wp-json\/wp\/v2\/posts\/215343\/revisions"}],"wp:featuredmedia":[{"embeddable":true,"href":"https:\/\/www.nationalturk.com\/tr\/wp-json\/wp\/v2\/media\/215346"}],"wp:attachment":[{"href":"https:\/\/www.nationalturk.com\/tr\/wp-json\/wp\/v2\/media?parent=215343"}],"wp:term":[{"taxonomy":"category","embeddable":true,"href":"https:\/\/www.nationalturk.com\/tr\/wp-json\/wp\/v2\/categories?post=215343"},{"taxonomy":"post_tag","embeddable":true,"href":"https:\/\/www.nationalturk.com\/tr\/wp-json\/wp\/v2\/tags?post=215343"}],"curies":[{"name":"wp","href":"https:\/\/api.w.org\/{rel}","templated":true}]}}