{"id":215382,"date":"2015-07-14T10:40:04","date_gmt":"2015-07-14T07:40:04","guid":{"rendered":"http:\/\/www.nationalturk.com\/?p=215382"},"modified":"2015-07-14T10:40:04","modified_gmt":"2015-07-14T07:40:04","slug":"ak-saraya-giden-ilk-chpli-olacak-215382","status":"publish","type":"post","link":"https:\/\/www.nationalturk.com\/tr\/ak-saraya-giden-ilk-chpli-olacak-215382\/","title":{"rendered":"Ak Saray&#8217;a giden ilk CHP&#8217;li olacak!"},"content":{"rendered":"<p><img loading=\"lazy\" decoding=\"async\" class=\"alignnone size-large wp-image-215383\" src=\"http:\/\/www.nationalturk.com\/tr\/wp-content\/uploads\/2015\/07\/recep_gurkan-610x343.jpg\" alt=\"Recep G\u00fcrkan\" width=\"610\" height=\"343\" title=\"\" srcset=\"https:\/\/www.nationalturk.com\/tr\/wp-content\/uploads\/2015\/07\/recep_gurkan-610x343.jpg 610w, https:\/\/www.nationalturk.com\/tr\/wp-content\/uploads\/2015\/07\/recep_gurkan-280x158.jpg 280w, https:\/\/www.nationalturk.com\/tr\/wp-content\/uploads\/2015\/07\/recep_gurkan.jpg 640w\" sizes=\"auto, (max-width: 610px) 100vw, 610px\" \/><\/p>\n<h1>Edirne Belediye Ba\u015fkan\u0131 Recep G\u00fcrkan K\u0131rkp\u0131nar Ya\u011fl\u0131 G\u00fcre\u015fleri \u00f6ncesinde Ak Saray&#8217;a giderek Cumhurba\u015fkan\u0131 Recep Tayyip Erdo\u011fan&#8217;\u0131 ziyaret edecek. G\u00fcrkan, saraya giden ilk CHP&#8217;li olacak.<\/h1>\n<p>20-26 Temmuz 2015 tarihleri aras\u0131nda d\u00fczenlenecek Tarihi K\u0131rkp\u0131nar Ya\u011fl\u0131 G\u00fcre\u015fleri \u00f6ncesinde Edirne Valisi Dursun Ali \u015eahin ile CHP&#8217;li Belediye Ba\u015fkan\u0131 Recep G\u00fcrkan, bug\u00fcn Cumhurba\u015fkan\u0131 Recep Tayyip Erdo\u011fan&#8217;\u0131 Cumhurba\u015fkanl\u0131\u011f\u0131 Saray\u0131&#8217;nda ziyaret edecek. Bu ziyaretle CHP&#8217;den saraya giden ilk isim Edirne Belediye Ba\u015fkan\u0131 Recep G\u00fcrkan olacak.<\/p>\n<p>Cumhurba\u015fkanl\u0131\u011f\u0131 Saray\u0131&#8217;na tepkili oldu\u011fu bilinen CHP&#8217;den Saray&#8217;a giden ilk isim de G\u00fcrkan olacak. Hat\u0131rlanaca\u011f\u0131 gibi CHP Antalya Milletvekili ve yeni d\u00f6nemin ge\u00e7ici TBMM Ba\u015fkan\u0131 Deniz Baykal, Cumhurba\u015fkan\u0131 Erdo\u011fan ile Ak Saray&#8217;da de\u011fil D\u0131\u015fi\u015fleri Konutu&#8217;nda g\u00f6r\u00fc\u015fm\u00fc\u015ft\u00fc.<\/p>\n<p>CHP lideri Kemal K\u0131l\u0131\u00e7daro\u011flu da saray tepkisini &#8221;Saray\u2019a gitmem. Bina ka\u00e7ak. Devletin ba\u015f\u0131, hukuk devletinde ka\u00e7ak yerde oturmaz&#8221; \u015feklinde dile getirmi\u015fti.<\/p>\n<!-- Error, Advert is not available at this time due to schedule\/geolocation restrictions! -->\n","protected":false},"excerpt":{"rendered":"<p>Edirne Belediye Ba\u015fkan\u0131 Recep G\u00fcrkan K\u0131rkp\u0131nar Ya\u011fl\u0131 G\u00fcre\u015fleri \u00f6ncesinde Ak Saray&#8217;a giderek Cumhurba\u015fkan\u0131 Recep Tayyip Erdo\u011fan&#8217;\u0131 ziyaret edecek. G\u00fcrkan, saraya giden ilk CHP&#8217;li olacak.<\/p>\n","protected":false},"author":4,"featured_media":215384,"comment_status":"open","ping_status":"open","sticky":false,"template":"","format":"standard","meta":{"_acf_changed":false,"footnotes":""},"categories":[6155,5005,6202,349,6805],"tags":[8723,2850,2851,193535,787],"class_list":["post-215382","post","type-post","status-publish","format-standard","has-post-thumbnail","hentry","category-gundem","category-manset","category-politika","category-son-dakika","category-turkiye","tag-chp","tag-kirkpinar","tag-kirkpinar-yagli-guresleri","tag-recep-gurkan","tag-recep-tayyip-erdogan"],"acf":[],"_links":{"self":[{"href":"https:\/\/www.nationalturk.com\/tr\/wp-json\/wp\/v2\/posts\/215382","targetHints":{"allow":["GET"]}}],"collection":[{"href":"https:\/\/www.nationalturk.com\/tr\/wp-json\/wp\/v2\/posts"}],"about":[{"href":"https:\/\/www.nationalturk.com\/tr\/wp-json\/wp\/v2\/types\/post"}],"author":[{"embeddable":true,"href":"https:\/\/www.nationalturk.com\/tr\/wp-json\/wp\/v2\/users\/4"}],"replies":[{"embeddable":true,"href":"https:\/\/www.nationalturk.com\/tr\/wp-json\/wp\/v2\/comments?post=215382"}],"version-history":[{"count":0,"href":"https:\/\/www.nationalturk.com\/tr\/wp-json\/wp\/v2\/posts\/215382\/revisions"}],"wp:featuredmedia":[{"embeddable":true,"href":"https:\/\/www.nationalturk.com\/tr\/wp-json\/wp\/v2\/media\/215384"}],"wp:attachment":[{"href":"https:\/\/www.nationalturk.com\/tr\/wp-json\/wp\/v2\/media?parent=215382"}],"wp:term":[{"taxonomy":"category","embeddable":true,"href":"https:\/\/www.nationalturk.com\/tr\/wp-json\/wp\/v2\/categories?post=215382"},{"taxonomy":"post_tag","embeddable":true,"href":"https:\/\/www.nationalturk.com\/tr\/wp-json\/wp\/v2\/tags?post=215382"}],"curies":[{"name":"wp","href":"https:\/\/api.w.org\/{rel}","templated":true}]}}