{"id":215386,"date":"2015-07-14T11:23:12","date_gmt":"2015-07-14T08:23:12","guid":{"rendered":"http:\/\/www.nationalturk.com\/?p=215386"},"modified":"2015-07-14T11:23:12","modified_gmt":"2015-07-14T08:23:12","slug":"enes-kanterden-erdogan-fotografli-olay-paylasim-215386","status":"publish","type":"post","link":"https:\/\/www.nationalturk.com\/tr\/enes-kanterden-erdogan-fotografli-olay-paylasim-215386\/","title":{"rendered":"Enes Kanter&#8217;den Erdo\u011fan foto\u011frafl\u0131 olay payla\u015f\u0131m"},"content":{"rendered":"<p><img loading=\"lazy\" decoding=\"async\" class=\"alignnone size-large wp-image-215387\" src=\"http:\/\/www.nationalturk.com\/tr\/wp-content\/uploads\/2015\/07\/erdogan_basketbolcular-594x360.jpg\" alt=\"Erdo\u011fan\" width=\"610\" height=\"390\" title=\"\"><\/p>\n<h1>Ergin Ataman&#8217;\u0131n \u00f6z\u00fcr dilememesine gerek\u00e7e g\u00f6stererek milli tak\u0131ma almad\u0131\u011f\u0131 NBA y\u0131ld\u0131z\u0131 Enes Kanter, neden milli tak\u0131ma al\u0131nmad\u0131\u011f\u0131yla ilgili olarak olay yaratacak bir payla\u015f\u0131mda bulundu.<\/h1>\n<p><img loading=\"lazy\" decoding=\"async\" class=\"alignleft size-large wp-image-215388\" src=\"http:\/\/www.nationalturk.com\/tr\/wp-content\/uploads\/2015\/07\/enes-338x360.jpg\" alt=\"\" width=\"338\" height=\"360\" title=\"\" srcset=\"https:\/\/www.nationalturk.com\/tr\/wp-content\/uploads\/2015\/07\/enes-338x360.jpg 338w, https:\/\/www.nationalturk.com\/tr\/wp-content\/uploads\/2015\/07\/enes-206x220.jpg 206w, https:\/\/www.nationalturk.com\/tr\/wp-content\/uploads\/2015\/07\/enes.jpg 501w\" sizes=\"auto, (max-width: 338px) 100vw, 338px\" \/>Oklahoma City Thunder ile s\u00f6zle\u015fme yenileyen Enes Kanter Twitter hesab\u0131ndan Cumhurba\u015fkan\u0131 Recep Tayyip Erdo\u011fan&#8217;\u0131n TBF Ba\u015fkan\u0131 Harun Erdenay, TBF Eski Ba\u015fkan\u0131 Turgay Demirel, eski milli basketbolcular Hidayet T\u00fcrko\u011flu ve Mirsad T\u00fcrkcan ile \u00e7ekilmi\u015f foto\u011fraf\u0131n\u0131 payla\u015ft\u0131. Kanter, payla\u015ft\u0131\u011f\u0131 foto\u011frafa &#8220;Ey T\u00fcrk Milleti: Al\u0131n size neden Milli Tak\u0131ma se\u00e7ilmedi\u011fimin tescilli, somut bir belgesi. Yaz\u0131k! Allah Islah etsin&#8221; notunu d\u00fc\u015ft\u00fc.<\/p>\n<p>Ergin Ataman, kadro tercihine ili\u015fkin, &#8220;B\u00fct\u00fcn iyi niyetli \u00e7abalar\u0131ma ra\u011fmen Enes&#8217;ten bir cevap alamad\u0131m. Birka\u00e7 kez g\u00f6r\u00fc\u015fmeye davet ettim ama bir t\u00fcrl\u00fc bulu\u015famad\u0131k&#8221; ifadelerini kullanm\u0131\u015ft\u0131.<\/p>\n<!-- Error, Advert is not available at this time due to schedule\/geolocation restrictions! -->\n","protected":false},"excerpt":{"rendered":"<p>Ergin Ataman&#8217;\u0131n \u00f6z\u00fcr dilememesine gerek\u00e7e g\u00f6stererek milli tak\u0131ma almad\u0131\u011f\u0131 NBA y\u0131ld\u0131z\u0131 Enes Kanter, neden milli tak\u0131ma al\u0131nmad\u0131\u011f\u0131yla ilgili olarak olay yaratacak bir payla\u015f\u0131mda bulundu.<\/p>\n","protected":false},"author":4,"featured_media":215389,"comment_status":"open","ping_status":"open","sticky":false,"template":"","format":"standard","meta":{"_acf_changed":false,"footnotes":""},"categories":[8338,5005,6194],"tags":[70738,27638,53124,787,11726,48055],"class_list":["post-215386","post","type-post","status-publish","format-standard","has-post-thumbnail","hentry","category-basketbol","category-manset","category-spor","tag-enes-kanter","tag-harun-erdenay","tag-mirsad-turkcan","tag-recep-tayyip-erdogan","tag-turgay-demirel","tag-twitter"],"acf":[],"_links":{"self":[{"href":"https:\/\/www.nationalturk.com\/tr\/wp-json\/wp\/v2\/posts\/215386","targetHints":{"allow":["GET"]}}],"collection":[{"href":"https:\/\/www.nationalturk.com\/tr\/wp-json\/wp\/v2\/posts"}],"about":[{"href":"https:\/\/www.nationalturk.com\/tr\/wp-json\/wp\/v2\/types\/post"}],"author":[{"embeddable":true,"href":"https:\/\/www.nationalturk.com\/tr\/wp-json\/wp\/v2\/users\/4"}],"replies":[{"embeddable":true,"href":"https:\/\/www.nationalturk.com\/tr\/wp-json\/wp\/v2\/comments?post=215386"}],"version-history":[{"count":0,"href":"https:\/\/www.nationalturk.com\/tr\/wp-json\/wp\/v2\/posts\/215386\/revisions"}],"wp:featuredmedia":[{"embeddable":true,"href":"https:\/\/www.nationalturk.com\/tr\/wp-json\/wp\/v2\/media\/215389"}],"wp:attachment":[{"href":"https:\/\/www.nationalturk.com\/tr\/wp-json\/wp\/v2\/media?parent=215386"}],"wp:term":[{"taxonomy":"category","embeddable":true,"href":"https:\/\/www.nationalturk.com\/tr\/wp-json\/wp\/v2\/categories?post=215386"},{"taxonomy":"post_tag","embeddable":true,"href":"https:\/\/www.nationalturk.com\/tr\/wp-json\/wp\/v2\/tags?post=215386"}],"curies":[{"name":"wp","href":"https:\/\/api.w.org\/{rel}","templated":true}]}}