{"id":215444,"date":"2015-07-15T10:40:33","date_gmt":"2015-07-15T07:40:33","guid":{"rendered":"http:\/\/www.nationalturk.com\/?p=215444"},"modified":"2015-07-15T10:40:33","modified_gmt":"2015-07-15T07:40:33","slug":"bayram-trafigi-basladi-215444","status":"publish","type":"post","link":"https:\/\/www.nationalturk.com\/tr\/bayram-trafigi-basladi-215444\/","title":{"rendered":"Bayram trafi\u011fi ba\u015flad\u0131"},"content":{"rendered":"<h1><img loading=\"lazy\" decoding=\"async\" class=\"aligncenter size-full wp-image-215447\" src=\"http:\/\/www.nationalturk.com\/tr\/wp-content\/uploads\/2015\/07\/bayram-trafigi.jpg\" alt=\"bayram trafi\u011fi\" width=\"610\" height=\"375\" title=\"\" srcset=\"https:\/\/www.nationalturk.com\/tr\/wp-content\/uploads\/2015\/07\/bayram-trafigi.jpg 610w, https:\/\/www.nationalturk.com\/tr\/wp-content\/uploads\/2015\/07\/bayram-trafigi-280x172.jpg 280w, https:\/\/www.nationalturk.com\/tr\/wp-content\/uploads\/2015\/07\/bayram-trafigi-586x360.jpg 586w\" sizes=\"auto, (max-width: 610px) 100vw, 610px\" \/>Ramazan Bayram\u0131 \u00f6ncesi yola \u00e7\u0131kan tatilciler, TEM otoyolunda ara\u00e7 yo\u011funlu\u011funa neden oldu.<\/h1>\n<p>Ramazan Bayram\u0131&#8217;n\u0131 ailesiyle ya da tatil yaparak ge\u00e7irmek isteyenler, sahurun ard\u0131ndan \u0130stanbul&#8217;dan Anadolu&#8217;ya do\u011fru yola \u00e7\u0131kt\u0131. Ankara ve Karadeniz y\u00f6n\u00fcne seyreden binlerce tatilci, TEM otoyolunda uzun ara\u00e7 kuyruklar\u0131na neden oldu. Yo\u011funluk nedeniyle trafik g\u00fc\u00e7l\u00fckle seyrediyor.<\/p>\n<p>Baz\u0131 tatilciler ise D\u00fczce&#8217;nin Kayna\u015fl\u0131 il\u00e7esindeki gi\u015felerden \u00e7\u0131karak D-100 karayolundan yollar\u0131na devam ediyor.<\/p>\n<p>Bolu ve D\u00fczce Emniyet M\u00fcd\u00fcrl\u00fc\u011f\u00fc ekipleri, bayram tatili nedeniyle g\u00fczergahlarda olu\u015fabilecek yo\u011funlu\u011fa kar\u015f\u0131 tedbirlerini art\u0131rd\u0131.<\/p>\n<!-- Error, Advert is not available at this time due to schedule\/geolocation restrictions! -->\n","protected":false},"excerpt":{"rendered":"<p>Ramazan Bayram\u0131 \u00f6ncesi yola \u00e7\u0131kan tatilciler, TEM otoyolunda ara\u00e7 yo\u011funlu\u011funa neden oldu.<\/p>\n","protected":false},"author":3,"featured_media":215447,"comment_status":"open","ping_status":"open","sticky":false,"template":"","format":"standard","meta":{"_acf_changed":false,"footnotes":""},"categories":[6155,5005,6805],"tags":[9122,29137,168444,4438,25093,25094,99775],"class_list":["post-215444","post","type-post","status-publish","format-standard","has-post-thumbnail","hentry","category-gundem","category-manset","category-turkiye","tag-bayram-tatili","tag-d-100-karayolu","tag-d-100-karayolu-trafik","tag-ramazan-bayrami","tag-tem-otoyolu","tag-tem-otoyolu-kaza","tag-tem-otoyolu-trafik"],"acf":[],"_links":{"self":[{"href":"https:\/\/www.nationalturk.com\/tr\/wp-json\/wp\/v2\/posts\/215444","targetHints":{"allow":["GET"]}}],"collection":[{"href":"https:\/\/www.nationalturk.com\/tr\/wp-json\/wp\/v2\/posts"}],"about":[{"href":"https:\/\/www.nationalturk.com\/tr\/wp-json\/wp\/v2\/types\/post"}],"author":[{"embeddable":true,"href":"https:\/\/www.nationalturk.com\/tr\/wp-json\/wp\/v2\/users\/3"}],"replies":[{"embeddable":true,"href":"https:\/\/www.nationalturk.com\/tr\/wp-json\/wp\/v2\/comments?post=215444"}],"version-history":[{"count":0,"href":"https:\/\/www.nationalturk.com\/tr\/wp-json\/wp\/v2\/posts\/215444\/revisions"}],"wp:featuredmedia":[{"embeddable":true,"href":"https:\/\/www.nationalturk.com\/tr\/wp-json\/wp\/v2\/media\/215447"}],"wp:attachment":[{"href":"https:\/\/www.nationalturk.com\/tr\/wp-json\/wp\/v2\/media?parent=215444"}],"wp:term":[{"taxonomy":"category","embeddable":true,"href":"https:\/\/www.nationalturk.com\/tr\/wp-json\/wp\/v2\/categories?post=215444"},{"taxonomy":"post_tag","embeddable":true,"href":"https:\/\/www.nationalturk.com\/tr\/wp-json\/wp\/v2\/tags?post=215444"}],"curies":[{"name":"wp","href":"https:\/\/api.w.org\/{rel}","templated":true}]}}