{"id":215905,"date":"2015-07-24T14:21:25","date_gmt":"2015-07-24T11:21:25","guid":{"rendered":"http:\/\/www.nationalturk.com\/?p=215905"},"modified":"2015-07-24T14:21:25","modified_gmt":"2015-07-24T11:21:25","slug":"ukrayna-borcunu-odedi-iflastan-kurtuldu-215905","status":"publish","type":"post","link":"https:\/\/www.nationalturk.com\/tr\/ukrayna-borcunu-odedi-iflastan-kurtuldu-215905\/","title":{"rendered":"Ukrayna borcunu \u00f6dedi iflastan kurtuldu"},"content":{"rendered":"<p><img loading=\"lazy\" decoding=\"async\" class=\"alignnone size-full wp-image-215906\" src=\"http:\/\/www.nationalturk.com\/tr\/wp-content\/uploads\/2015\/07\/ukraynameclisi.jpg\" alt=\"Ukrayna \" width=\"610\" height=\"318\" title=\"\" srcset=\"https:\/\/www.nationalturk.com\/tr\/wp-content\/uploads\/2015\/07\/ukraynameclisi.jpg 555w, https:\/\/www.nationalturk.com\/tr\/wp-content\/uploads\/2015\/07\/ukraynameclisi-280x145.jpg 280w\" sizes=\"auto, (max-width: 610px) 100vw, 610px\" \/><\/p>\n<h1>Ukrayna, 120 milyon dolar miktar\u0131nda eurobond borcunu \u00f6deyerek, teknik iflastan kurtuldu.<\/h1>\n<p>Kredit\u00f6rlerle ald\u0131\u011f\u0131 bor\u00e7lar\u0131n\u0131n yeniden yap\u0131land\u0131r\u0131lmas\u0131 i\u00e7in g\u00f6r\u00fc\u015fmeleri s\u00fcrd\u00fcren Ukrayna Maliye Bakanl\u0131\u011f\u0131ndan yap\u0131lan a\u00e7\u0131klamada, \u00fclkenin 120 milyon dolar tutar\u0131ndaki eurobond borcunun \u00f6dendi\u011fi bildirildi.<\/p>\n<p>A\u00e7\u0131klamada, bug\u00fcn 120 milyon dolarl\u0131k bor\u00e7 geri \u00f6demesinin son g\u00fcn\u00fcnde yap\u0131ld\u0131\u011f\u0131 hat\u0131rlat\u0131larak, s\u00f6z konusu bor\u00e7 \u00f6demesinin detaylar\u0131na ili\u015fkin bilgi verilmedi.<\/p>\n<p>Ukrayna resmi makamlar\u0131ndan yap\u0131lan bir di\u011fer a\u00e7\u0131klamada da, Ukrayna&#8217;n\u0131n bir sonraki eurobond bor\u00e7 \u00f6demesini 23 Eyl\u00fcl&#8217;de ger\u00e7ekle\u015ftirece\u011fini ve miktar\u0131n\u0131n 500 milyon dolar oldu\u011fu a\u00e7\u0131kland\u0131.<\/p>\n<p>May\u0131s ay\u0131nda parlamentonun Bakanlar Kurulu&#8217;na moratoryum yetkisi verilmesine ili\u015fkin yasay\u0131 onaylamas\u0131n\u0131n ard\u0131ndan, Ukrayna h\u00fck\u00fcmeti \u00fclkenin 4 y\u0131l boyunca \u00f6demesi gereken toplam 30 milyar dolarl\u0131k d\u0131\u015f bor\u00e7 \u00f6demesini 15 milyar dolara indirmek i\u00e7in kredit\u00f6rlerle g\u00f6r\u00fc\u015fmelere ba\u015flam\u0131\u015ft\u0131.<\/p>\n<p>Son olarak Maliye Bakan\u0131 Natalia Jaresko, \u00fclkenin d\u0131\u015f borcunun yeniden yap\u0131land\u0131r\u0131lmas\u0131 konusunda uluslararas\u0131 kredit\u00f6rlerle yapt\u0131\u011f\u0131 g\u00f6r\u00fc\u015fmelerde anla\u015fma i\u00e7in \u00f6nemli ad\u0131mlar\u0131n at\u0131lmas\u0131na ra\u011fmen, hen\u00fcz bu konuda somut bir uzla\u015fman\u0131n sa\u011flanamad\u0131\u011f\u0131n\u0131 dile getirmi\u015fti.<\/p>\n<p>Bu hafta ba\u015f\u0131nda Ukrayna ile IMF ekonomik ve mali i\u015fbirli\u011fini \u00f6ng\u00f6ren memorandumu imzalarken, buna g\u00f6re, Ukrayna&#8217;n\u0131n IMF&#8217;nin ikinci kredi dilimi \u00e7er\u00e7evesinde 1,7 milyar dolarl\u0131k kredi almas\u0131 bekleniyor.<\/p>\n<!-- Error, Advert is not available at this time due to schedule\/geolocation restrictions! -->\n","protected":false},"excerpt":{"rendered":"<p>Ukrayna, 120 milyon dolar miktar\u0131nda eurobond borcunu \u00f6deyerek, teknik iflastan kurtuldu.<\/p>\n","protected":false},"author":4,"featured_media":215906,"comment_status":"open","ping_status":"open","sticky":false,"template":"","format":"standard","meta":{"_acf_changed":false,"footnotes":""},"categories":[6770,6665,6199,6155],"tags":[850,181483],"class_list":["post-215905","post","type-post","status-publish","format-standard","has-post-thumbnail","hentry","category-avrupa","category-dunya","category-ekonomi","category-gundem","tag-ukrayna","tag-ukrayna-ekonomi"],"acf":[],"_links":{"self":[{"href":"https:\/\/www.nationalturk.com\/tr\/wp-json\/wp\/v2\/posts\/215905","targetHints":{"allow":["GET"]}}],"collection":[{"href":"https:\/\/www.nationalturk.com\/tr\/wp-json\/wp\/v2\/posts"}],"about":[{"href":"https:\/\/www.nationalturk.com\/tr\/wp-json\/wp\/v2\/types\/post"}],"author":[{"embeddable":true,"href":"https:\/\/www.nationalturk.com\/tr\/wp-json\/wp\/v2\/users\/4"}],"replies":[{"embeddable":true,"href":"https:\/\/www.nationalturk.com\/tr\/wp-json\/wp\/v2\/comments?post=215905"}],"version-history":[{"count":0,"href":"https:\/\/www.nationalturk.com\/tr\/wp-json\/wp\/v2\/posts\/215905\/revisions"}],"wp:featuredmedia":[{"embeddable":true,"href":"https:\/\/www.nationalturk.com\/tr\/wp-json\/wp\/v2\/media\/215906"}],"wp:attachment":[{"href":"https:\/\/www.nationalturk.com\/tr\/wp-json\/wp\/v2\/media?parent=215905"}],"wp:term":[{"taxonomy":"category","embeddable":true,"href":"https:\/\/www.nationalturk.com\/tr\/wp-json\/wp\/v2\/categories?post=215905"},{"taxonomy":"post_tag","embeddable":true,"href":"https:\/\/www.nationalturk.com\/tr\/wp-json\/wp\/v2\/tags?post=215905"}],"curies":[{"name":"wp","href":"https:\/\/api.w.org\/{rel}","templated":true}]}}