{"id":215925,"date":"2015-07-24T19:51:26","date_gmt":"2015-07-24T16:51:26","guid":{"rendered":"http:\/\/www.nationalturk.com\/?p=215925"},"modified":"2024-09-10T12:28:11","modified_gmt":"2024-09-10T09:28:11","slug":"astsubay-yalcin-nane-sehit-215925","status":"publish","type":"post","link":"https:\/\/www.nationalturk.com\/tr\/astsubay-yalcin-nane-sehit-215925\/","title":{"rendered":"Astsubay Yal\u00e7\u0131n Nane&#8217;yi \u015fehit eden 5 ter\u00f6rist \u00f6ld\u00fcr\u00fcld\u00fc"},"content":{"rendered":"<figure id=\"attachment_215927\" aria-describedby=\"caption-attachment-215927\" style=\"width: 620px\" class=\"wp-caption aligncenter\"><img loading=\"lazy\" decoding=\"async\" class=\"size-full wp-image-215927\" src=\"http:\/\/www.nationalturk.com\/tr\/wp-content\/uploads\/2015\/07\/sehit-astsubay-yalcin-nane.jpg\" alt=\"\u015eehit Astsubay Yal\u00e7\u0131n Nane i\u00e7in Gaziantep&#039;te t\u00f6ren d\u00fczenlendi\" width=\"620\" height=\"350\" title=\"\" srcset=\"https:\/\/www.nationalturk.com\/tr\/wp-content\/uploads\/2015\/07\/sehit-astsubay-yalcin-nane.jpg 620w, https:\/\/www.nationalturk.com\/tr\/wp-content\/uploads\/2015\/07\/sehit-astsubay-yalcin-nane-280x158.jpg 280w, https:\/\/www.nationalturk.com\/tr\/wp-content\/uploads\/2015\/07\/sehit-astsubay-yalcin-nane-610x344.jpg 610w\" sizes=\"auto, (max-width: 620px) 100vw, 620px\" \/><figcaption id=\"caption-attachment-215927\" class=\"wp-caption-text\">\u015eehit Astsubay Yal\u00e7\u0131n Nane i\u00e7in Gaziantep&#8217;te t\u00f6ren d\u00fczenlendi<\/figcaption><\/figure>\n<h1>Genelkurmay 2. Ba\u015fkan\u0131 Orgeneral Ya\u015far G\u00fcler&#8217;den edinilen bilgiye g\u00f6re, Astsubay Mehmet Yal\u00e7\u0131n Nane&#8217;yi \u015fehit eden 5 DAE\u015e ter\u00f6risti \u00f6ld\u00fcr\u00fcld\u00fc.<\/h1>\n<p>Genelkurmay 2. Ba\u015fkan\u0131 Orgeneral Ya\u015far G\u00fcler, DAE\u015e&#8217;e d\u00fczenlenen operasyona ili\u015fkin Ba\u015fbakan Ahmet Davuto\u011flu&#8217;na Suriye s\u0131n\u0131r\u0131nda ter\u00f6r \u00f6rg\u00fct\u00fcDAE\u015e kontrol\u00fcndeki b\u00f6lgeden a\u00e7\u0131lan ate\u015fle Astsubay Yal\u00e7\u0131n Nane&#8217;yi \u015fehit eden 5 ki\u015filik DAE\u015e ter\u00f6r \u00f6rg\u00fct\u00fc \u00fcyesinin \u00f6ld\u00fcr\u00fcld\u00fc\u011f\u00fc bilgisini verdi.<\/p>\n<p>Ba\u015fbakan Ahmet Davuto\u011flu, Ba\u015fbakanl\u0131k Koordinasyon Merkezi&#8217;ni ziyaret etti.<\/p>\n<p>Ba\u015fbakanl\u0131k kaynaklar\u0131ndan al\u0131nan bilgiye g\u00f6re, Ba\u015fbakan Davuto\u011flu&#8217;na,Ba\u015fbakan Yard\u0131mc\u0131s\u0131 Yal\u00e7\u0131n Akdo\u011fan, Genelkurmay \u0130kinci Ba\u015fkan\u0131 Orgeneral Ya\u015far G\u00fcler, Adalet Bakan\u0131 Kenan \u0130pek, D\u0131\u015fi\u015fleri M\u00fcste\u015far\u0131 Feridun Sinirlio\u011flu, Emniyet Genel M\u00fcd\u00fcr\u00fc Celalettin Lekesiz ve \u00fcst d\u00fczey g\u00fcvenlik yetkililerinin kat\u0131ld\u0131\u011f\u0131 toplant\u0131da, s\u0131n\u0131r \u00f6tesinde ger\u00e7ekle\u015ftirilen operasyon s\u00fcrecine ili\u015fkin bilgi sunuldu.<\/p>\n<p>Genelkurmay 2. Ba\u015fkan\u0131 Orgeneral Ya\u015far G\u00fcler&#8217;in, DAE\u015e&#8217;e d\u00fczenlenen operasyonla ilgili, Ba\u015fbakan Davuto\u011flu&#8217;na Suriye s\u0131n\u0131r\u0131nda ter\u00f6r \u00f6rg\u00fct\u00fc DAE\u015e kontrol\u00fcndeki b\u00f6lgeden a\u00e7\u0131lan ate\u015fle Astsubay Yal\u00e7\u0131n Nane&#8217;yi \u015fehit eden 5 ki\u015filik DAE\u015e ter\u00f6r \u00f6rg\u00fct\u00fc \u00fcyesinin \u00f6ld\u00fcr\u00fcld\u00fc\u011f\u00fc bilgisini verdi\u011fi aktar\u0131ld\u0131.<\/p>\n<p>Ba\u015fbakan Davuto\u011flu, s\u0131n\u0131r \u00f6tesi operasyonlarda yer alan u\u00e7aklar\u0131n kaydetti\u011fi g\u00f6r\u00fcnt\u00fcleri izleyerek, Hava Kuvvetleri M\u00fc\u015fterek Analiz Y\u00f6netim Kurulu Ba\u015fkan\u0131 Tu\u011fgeneral G\u00f6khan S\u00f6nmezate\u015f taraf\u0131ndan harekata dair bilgi ald\u0131. Ba\u015fbakan Davuto\u011flu, operasyona kat\u0131lan pilotlara te\u015fekk\u00fcr etti.<\/p>\n<p>Toplant\u0131da, \u0130\u00e7i\u015fleri Bakan\u0131 Sebahattin \u00d6zt\u00fcrk ve di\u011fer yetkililer de kendi alanlar\u0131yla ilgili operasyonun nas\u0131l y\u00fcr\u00fcd\u00fc\u011f\u00fcne ili\u015fkin bilgi verdi.<\/p>\n<p>Operasyonlar\u0131n s\u00fcrece\u011fi ve ihtiya\u00e7 duyulmas\u0131 halinde gerekli talimatla devam edece\u011fi bildirildi. Operasyonlar\u0131n \u00e7ok ba\u015far\u0131l\u0131 gitti\u011fi, as\u0131l hedeflerin isabetle vuruldu\u011fu ve yak\u0131n\u0131ndaki binalar\u0131n zarar g\u00f6rmedi\u011fi de vurguland\u0131.<\/p>\n<p>Ba\u015fbakan Davuto\u011flu&#8217;nun operasyon s\u0131ras\u0131nda resmi konuttan \u00e7\u0131kmad\u0131\u011f\u0131 kaydedildi.<\/p>\n<!-- Error, Advert is not available at this time due to schedule\/geolocation restrictions! -->\n","protected":false},"excerpt":{"rendered":"<p>Genelkurmay 2. Ba\u015fkan\u0131 Orgeneral Ya\u015far G\u00fcler&#8217;den edinilen bilgiye g\u00f6re, Astsubay Mehmet Yal\u00e7\u0131n Nane&#8217;yi \u015fehit eden 5 DAE\u015e ter\u00f6risti \u00f6ld\u00fcr\u00fcld\u00fc.<\/p>\n","protected":false},"author":3,"featured_media":215927,"comment_status":"open","ping_status":"open","sticky":false,"template":"","format":"standard","meta":{"_acf_changed":false,"footnotes":""},"categories":[6155,5005,6805],"tags":[163123,192585,31650,29166],"class_list":["post-215925","post","type-post","status-publish","format-standard","has-post-thumbnail","hentry","category-gundem","category-manset","category-turkiye","tag-basbakan-ahmet-davutoglu","tag-daes","tag-sehit","tag-sehit-cenazeleri"],"acf":[],"_links":{"self":[{"href":"https:\/\/www.nationalturk.com\/tr\/wp-json\/wp\/v2\/posts\/215925","targetHints":{"allow":["GET"]}}],"collection":[{"href":"https:\/\/www.nationalturk.com\/tr\/wp-json\/wp\/v2\/posts"}],"about":[{"href":"https:\/\/www.nationalturk.com\/tr\/wp-json\/wp\/v2\/types\/post"}],"author":[{"embeddable":true,"href":"https:\/\/www.nationalturk.com\/tr\/wp-json\/wp\/v2\/users\/3"}],"replies":[{"embeddable":true,"href":"https:\/\/www.nationalturk.com\/tr\/wp-json\/wp\/v2\/comments?post=215925"}],"version-history":[{"count":0,"href":"https:\/\/www.nationalturk.com\/tr\/wp-json\/wp\/v2\/posts\/215925\/revisions"}],"wp:featuredmedia":[{"embeddable":true,"href":"https:\/\/www.nationalturk.com\/tr\/wp-json\/wp\/v2\/media\/215927"}],"wp:attachment":[{"href":"https:\/\/www.nationalturk.com\/tr\/wp-json\/wp\/v2\/media?parent=215925"}],"wp:term":[{"taxonomy":"category","embeddable":true,"href":"https:\/\/www.nationalturk.com\/tr\/wp-json\/wp\/v2\/categories?post=215925"},{"taxonomy":"post_tag","embeddable":true,"href":"https:\/\/www.nationalturk.com\/tr\/wp-json\/wp\/v2\/tags?post=215925"}],"curies":[{"name":"wp","href":"https:\/\/api.w.org\/{rel}","templated":true}]}}