{"id":215964,"date":"2015-07-27T09:38:35","date_gmt":"2015-07-27T06:38:35","guid":{"rendered":"http:\/\/www.nationalturk.com\/?p=215964"},"modified":"2015-07-27T09:38:35","modified_gmt":"2015-07-27T06:38:35","slug":"figen-yuksekdag-kimse-bizi-tehdit-etmeye-kalkmasin-215964","status":"publish","type":"post","link":"https:\/\/www.nationalturk.com\/tr\/figen-yuksekdag-kimse-bizi-tehdit-etmeye-kalkmasin-215964\/","title":{"rendered":"Figen Y\u00fcksekda\u011f: Kimse bizi tehdit etmeye kalkmas\u0131n"},"content":{"rendered":"<h1><img loading=\"lazy\" decoding=\"async\" class=\"aligncenter size-full wp-image-215966\" src=\"http:\/\/www.nationalturk.com\/tr\/wp-content\/uploads\/2015\/07\/figen-yuksekdag-hdp-aciklama.jpg\" alt=\"Figen Y\u00fcksekda\u011f: Kimse bizi tehdit etmeye kalkmas\u0131n\" width=\"610\" height=\"373\" title=\"\" srcset=\"https:\/\/www.nationalturk.com\/tr\/wp-content\/uploads\/2015\/07\/figen-yuksekdag-hdp-aciklama.jpg 610w, https:\/\/www.nationalturk.com\/tr\/wp-content\/uploads\/2015\/07\/figen-yuksekdag-hdp-aciklama-280x171.jpg 280w, https:\/\/www.nationalturk.com\/tr\/wp-content\/uploads\/2015\/07\/figen-yuksekdag-hdp-aciklama-589x360.jpg 589w\" sizes=\"auto, (max-width: 610px) 100vw, 610px\" \/>Bar\u0131\u015f Bloku&#8217;nun Suru\u00e7 katliam\u0131 i\u00e7in d\u00fczenledi\u011fi bas\u0131n a\u00e7\u0131klamas\u0131na kat\u0131lan kat\u0131lan HDP E\u015f Genel Ba\u015fkan\u0131 Figen Y\u00fcksekda\u011f, gazetecilerin sorular\u0131n\u0131 yan\u0131tlad\u0131.<\/h1>\n<p>HDP&#8217;nin de aralar\u0131nda bulundu\u011fu baz\u0131 siyasi partiler, sivil toplum kurulu\u015flar\u0131 ve sendikalar\u0131n bir araya gelmesiyle olu\u015fturulan &#8220;Bar\u0131\u015f Bloku&#8221;nun \u00fcyeleri, d\u00fcn yap\u0131lmas\u0131 planlanan y\u00fcr\u00fcy\u00fc\u015fe izin verilmemesi \u00fczerine Aksaray Metro \u0130stasyonu \u00f6n\u00fcnde topland\u0131.<\/p>\n<p>Metro \u00f6n\u00fcndeki a\u00e7\u0131klaman\u0131n ard\u0131ndan grup da\u011f\u0131l\u0131rken, HDP E\u015f Genel Ba\u015fkan\u0131 Figen Y\u00fcksekda\u011f, bas\u0131n mensuplar\u0131n\u0131n sorular\u0131n\u0131 cevaplad\u0131.\u00a0Y\u00fcksekda\u011f, bas\u0131n a\u00e7\u0131klamas\u0131n\u0131n ge\u00e7en hafta y\u00fcr\u00fcy\u00fc\u015f olarak planland\u0131\u011f\u0131n\u0131 ancak Valili\u011fin kendilerine izin vermedi\u011fini s\u00f6yledi.<\/p>\n<p>Bar\u0131\u015f i\u00e7in y\u00fcr\u00fcmenin yasak oldu\u011funu ileri s\u00fcren Y\u00fcksekda\u011f, &#8220;DAE\u015e ile m\u00fccadele&#8221; ad\u0131 alt\u0131nda halka kar\u015f\u0131 adeta sava\u015f ba\u015flat\u0131ld\u0131\u011f\u0131n\u0131 iddia etti. Son bir haftada \u00e7o\u011funlu\u011fu HDP&#8217;li 600 ki\u015finin g\u00f6zalt\u0131na al\u0131nd\u0131\u011f\u0131n\u0131 anlatan Y\u00fcksekda\u011f, s\u00f6zlerini \u015f\u00f6yle s\u00fcrd\u00fcrd\u00fc:<\/p>\n<p>&#8220;Ge\u00e7ici h\u00fck\u00fcmet, kalan son demokrasi k\u0131r\u0131nt\u0131lar\u0131n\u0131 da heba etmi\u015f ve harcam\u0131\u015f durumda. Bas\u0131n \u00f6rg\u00fctleri tehdit ediliyor. Muhalefet kendi kurumlar\u0131nda herhangi bir \u015fekilde \u00e7al\u0131\u015fmalar\u0131n\u0131 y\u00fcr\u00fctemiyorlar. B\u00fct\u00fcn \u00f6zg\u00fcrl\u00fck alanlar\u0131, s\u00f6z s\u00f6yleme alanlar\u0131 bu ko\u015fullarda ayn\u0131 zamanda partimiz hedef g\u00f6steriliyor. Partimiz \u00e7etelerin hedefi haline getiriliyor. Geride b\u0131rakt\u0131\u011f\u0131m\u0131z bu 1 haftal\u0131k s\u00fcre i\u00e7inde siyasi iktidar, h\u00fck\u00fcmet, olu\u015fturulan bu gerilimi durmak yerine Halklar\u0131n Demokratik Partisi hedef tahtas\u0131na oturtuluyor.&#8221;<\/p>\n<h2>\u00c7\u00f6z\u00fcm S\u00fcreci<\/h2>\n<p>Bir bas\u0131n mensubunun &#8220;\u00c7\u00f6z\u00fcm S\u00fcreci bitti mi?&#8221; \u015feklindeki sorusuna Y\u00fcksekda\u011f, \u015fu yan\u0131t\u0131 verdi:<\/p>\n<p>&#8220;\u00c7\u00f6z\u00fcm S\u00fcreci, siyasi iktidar taraf\u0131ndan bitirilmeye \u00e7al\u0131\u015f\u0131l\u0131yor. Siyaseten, siyasi iktidar kendi kafas\u0131nda bitirmi\u015ftir bunu. Bu son d\u00f6nem askeri operasyonlar, erken se\u00e7im yapt\u0131rma ve Cumhurba\u015fkan\u0131n\u0131 ba\u015fkan yapt\u0131rma operasyonlar\u0131, \u00c7\u00f6z\u00fcm S\u00fcreci&#8217;nin de bu siyasi iktidar taraf\u0131ndan bitirildi\u011finin bir ifadesidir. Biz bundan ba\u015fka bir sonu\u00e7 \u00e7\u0131karamay\u0131z. Kimse bize &#8216;\u00c7\u00f6z\u00fcm S\u00fcreci devam ediyor&#8217;, &#8216;Bizim akl\u0131m\u0131zla, fikrimizde devam ediyor&#8217; yalan\u0131n\u0131 s\u00f6ylemesin. Soru olarak \u00e7ok net bir soru soruyoruz: \u00c7\u00f6z\u00fcm S\u00fcreci&#8217;nin muhatab\u0131 olarak g\u00f6rd\u00fc\u011f\u00fcn\u00fcz kesime niye b\u00f6yle bir cephe sava\u015f\u0131 a\u00e7\u0131yorsunuz? Demek ki masay\u0131 devirmek ve \u00e7\u00f6z\u00fcm\u00fc bir \u00e7\u0131kmaza s\u00fcr\u00fcklemek konusunda bir karara varm\u0131\u015f siyasi iktidar. Bu karar, me\u015fru bir karar de\u011fildir.&#8221;<\/p>\n<p>Y\u00fcksekda\u011f, s\u00f6z konusu karar\u0131n halka sorulmad\u0131\u011f\u0131n\u0131 s\u00f6yleyerek, \u00e7\u00f6z\u00fcm\u00fcn muhatab\u0131n\u0131n halk oldu\u011funu dile getirdi.<\/p>\n<h3>&#8220;Sava\u015f yapmalar\u0131na izin vermeyece\u011fiz&#8221;<\/h3>\n<p>Kimsenin korku, tehdit, y\u0131ld\u0131rma siyasetinden kendisine ekmek \u00e7\u0131karamayaca\u011f\u0131n\u0131 anlatan Y\u00fcksekda\u011f, &#8220;Bu memlekette ve \u00fclkede bar\u0131\u015f\u0131n da karde\u015fli\u011fin de demokrasinin sahipleri vard\u0131r. Bu \u00fclke sahipsiz de\u011fildir, bu de\u011ferler sahipsiz de\u011fildir. \u0130stiyorlarsa ortaday\u0131z. Can\u0131m\u0131z da m\u00fccadelemiz de bu y\u00fcce de\u011ferler i\u00e7in i\u015fte orta yerde duruyor. Kimse bizi tehdit etmeye kalkmas\u0131n, bu tehditlerden medet ummas\u0131n. Kimse korku, tehdit ve y\u0131ld\u0131rma siyasetinden kendisine ekmek ve prim \u00e7\u0131kaca\u011f\u0131n\u0131 sanmas\u0131n. Bu ekmek ac\u0131 ekmektir, yiyemezler, yutamazlar. Bunu \u00e7ok iyi bilsinler. \u00d6l\u00fcmle, tehditle, korku salarak, teslim almaya \u00e7al\u0131\u015farak asla ve asla T\u00fcrkiye&#8217;nin gelece\u011fini ayd\u0131nlatamazlar karart\u0131rlar, karartmalar\u0131na izin vermeyece\u011fiz, sava\u015f yapmalar\u0131na, sava\u015f yapt\u0131rmalar\u0131na izin vermeyece\u011fiz&#8221; ifadelerini kulland\u0131.<\/p>\n<!-- Error, Advert is not available at this time due to schedule\/geolocation restrictions! -->\n","protected":false},"excerpt":{"rendered":"<p>Bar\u0131\u015f Bloku&#8217;nun Suru\u00e7 katliam\u0131 i\u00e7in d\u00fczenledi\u011fi bas\u0131n a\u00e7\u0131klamas\u0131na kat\u0131lan kat\u0131lan HDP E\u015f Genel Ba\u015fkan\u0131 Figen Y\u00fcksekda\u011f, gazetecilerin sorular\u0131n\u0131 yan\u0131tlad\u0131.<\/p>\n","protected":false},"author":3,"featured_media":215966,"comment_status":"open","ping_status":"open","sticky":false,"template":"","format":"standard","meta":{"_acf_changed":false,"footnotes":""},"categories":[6155,5005,6202,6805],"tags":[171922,177644,173557,193868],"class_list":["post-215964","post","type-post","status-publish","format-standard","has-post-thumbnail","hentry","category-gundem","category-manset","category-politika","category-turkiye","tag-figen-yuksekdag","tag-figen-yuksekdag-hdp","tag-hdp-es-genel-baskani","tag-suruc-katliami"],"acf":[],"_links":{"self":[{"href":"https:\/\/www.nationalturk.com\/tr\/wp-json\/wp\/v2\/posts\/215964","targetHints":{"allow":["GET"]}}],"collection":[{"href":"https:\/\/www.nationalturk.com\/tr\/wp-json\/wp\/v2\/posts"}],"about":[{"href":"https:\/\/www.nationalturk.com\/tr\/wp-json\/wp\/v2\/types\/post"}],"author":[{"embeddable":true,"href":"https:\/\/www.nationalturk.com\/tr\/wp-json\/wp\/v2\/users\/3"}],"replies":[{"embeddable":true,"href":"https:\/\/www.nationalturk.com\/tr\/wp-json\/wp\/v2\/comments?post=215964"}],"version-history":[{"count":0,"href":"https:\/\/www.nationalturk.com\/tr\/wp-json\/wp\/v2\/posts\/215964\/revisions"}],"wp:featuredmedia":[{"embeddable":true,"href":"https:\/\/www.nationalturk.com\/tr\/wp-json\/wp\/v2\/media\/215966"}],"wp:attachment":[{"href":"https:\/\/www.nationalturk.com\/tr\/wp-json\/wp\/v2\/media?parent=215964"}],"wp:term":[{"taxonomy":"category","embeddable":true,"href":"https:\/\/www.nationalturk.com\/tr\/wp-json\/wp\/v2\/categories?post=215964"},{"taxonomy":"post_tag","embeddable":true,"href":"https:\/\/www.nationalturk.com\/tr\/wp-json\/wp\/v2\/tags?post=215964"}],"curies":[{"name":"wp","href":"https:\/\/api.w.org\/{rel}","templated":true}]}}