{"id":216011,"date":"2015-07-27T15:13:50","date_gmt":"2015-07-27T12:13:50","guid":{"rendered":"http:\/\/www.nationalturk.com\/?p=216011"},"modified":"2015-07-27T15:13:50","modified_gmt":"2015-07-27T12:13:50","slug":"nato-genel-sekreteri-turkiye-yardim-istemedi-216011","status":"publish","type":"post","link":"https:\/\/www.nationalturk.com\/tr\/nato-genel-sekreteri-turkiye-yardim-istemedi-216011\/","title":{"rendered":"NATO Genel Sekreteri: T\u00fcrkiye yard\u0131m istemedi"},"content":{"rendered":"<p><img loading=\"lazy\" decoding=\"async\" class=\"alignnone size-full wp-image-216012\" src=\"http:\/\/www.nationalturk.com\/tr\/wp-content\/uploads\/2015\/07\/jens-stoltenberg.jpg\" alt=\"\" width=\"610\" height=\"366\" title=\"\"><\/p>\n<h1>NATO Genel Sekreteri Jens Stoltenberg, &#8220;T\u00fcrkiye\u2019nin \u00e7ok g\u00fc\u00e7l\u00fc bir ordusu ve \u00e7ok g\u00fc\u00e7l\u00fc bir g\u00fcvenlik g\u00fcc\u00fc var. Bu y\u00fczden NATO\u2019dan somut bir askeri yard\u0131m talebinde bulunmad\u0131\u201d dedi.<\/h1>\n<p>T\u00fcrkiye\u2019nin talebiyle yar\u0131n Br\u00fcksel\u2019de yap\u0131lacak NATO toplant\u0131s\u0131ndan bir g\u00fcn \u00f6nce BBC\u2019ye konu\u015fan Stoltenberg, \u201cT\u00fcrkiye\u2019nin \u00e7ok g\u00fc\u00e7l\u00fc bir ordusu ve \u00e7ok g\u00fc\u00e7l\u00fc bir g\u00fcvenlik g\u00fcc\u00fc var. Bu y\u00fczden NATO\u2019dan somut bir askeri yard\u0131m talebinde bulunmad\u0131\u201d dedi.<\/p>\n<p>Pazar g\u00fcn\u00fc de Norve\u00e7 televizyonuna konu\u015fan NATO Genel Sekreteri, \u201cT\u00fcrkiye\u2019nin K\u00fcrt militanlara y\u00f6nelik m\u00fcdahalesinin y\u0131llard\u0131r s\u00fcren bar\u0131\u015f g\u00f6r\u00fc\u015fmelerinin alt\u0131n\u0131 oyma riski ta\u015f\u0131yor&#8221; dedi.<\/p>\n<p>Stoltenberg, \u201cY\u0131llard\u0131r bar\u0131\u015f\u00e7\u0131l siyasi bir \u00e7\u00f6z\u00fcm bulmak i\u00e7in yap\u0131lan \u00e7al\u0131\u015fmalarda a\u015fama kaydedildi. Ondan vazge\u00e7memek \u00f6nemli\u2026 \u00c7\u00fcnk\u00fc \u015fiddet, uzun vadede anla\u015fmazl\u0131\u011f\u0131 \u00e7\u00f6zmeyecek\u201d dedi.<\/p>\n<!-- Error, Advert is not available at this time due to schedule\/geolocation restrictions! -->\n","protected":false},"excerpt":{"rendered":"<p>NATO Genel Sekreteri Jens Stoltenberg, &#8220;T\u00fcrkiye\u2019nin \u00e7ok g\u00fc\u00e7l\u00fc bir ordusu ve \u00e7ok g\u00fc\u00e7l\u00fc bir g\u00fcvenlik g\u00fcc\u00fc var. Bu y\u00fczden NATO\u2019dan somut bir askeri yard\u0131m talebinde bulunmad\u0131\u201d dedi.<\/p>\n","protected":false},"author":4,"featured_media":216012,"comment_status":"open","ping_status":"open","sticky":false,"template":"","format":"standard","meta":{"_acf_changed":false,"footnotes":""},"categories":[6665,6155,5005,6202,349],"tags":[11064,174958,31346,164649,195938,104288,165161],"class_list":["post-216011","post","type-post","status-publish","format-standard","has-post-thumbnail","hentry","category-dunya","category-gundem","category-manset","category-politika","category-son-dakika","tag-jens-stoltenberg","tag-jens-stoltenberg-nato","tag-nato","tag-nato-turkiye","tag-turkiye","tag-turkiye-nato","tag-turkiye-nato-yardim"],"acf":[],"_links":{"self":[{"href":"https:\/\/www.nationalturk.com\/tr\/wp-json\/wp\/v2\/posts\/216011","targetHints":{"allow":["GET"]}}],"collection":[{"href":"https:\/\/www.nationalturk.com\/tr\/wp-json\/wp\/v2\/posts"}],"about":[{"href":"https:\/\/www.nationalturk.com\/tr\/wp-json\/wp\/v2\/types\/post"}],"author":[{"embeddable":true,"href":"https:\/\/www.nationalturk.com\/tr\/wp-json\/wp\/v2\/users\/4"}],"replies":[{"embeddable":true,"href":"https:\/\/www.nationalturk.com\/tr\/wp-json\/wp\/v2\/comments?post=216011"}],"version-history":[{"count":0,"href":"https:\/\/www.nationalturk.com\/tr\/wp-json\/wp\/v2\/posts\/216011\/revisions"}],"wp:featuredmedia":[{"embeddable":true,"href":"https:\/\/www.nationalturk.com\/tr\/wp-json\/wp\/v2\/media\/216012"}],"wp:attachment":[{"href":"https:\/\/www.nationalturk.com\/tr\/wp-json\/wp\/v2\/media?parent=216011"}],"wp:term":[{"taxonomy":"category","embeddable":true,"href":"https:\/\/www.nationalturk.com\/tr\/wp-json\/wp\/v2\/categories?post=216011"},{"taxonomy":"post_tag","embeddable":true,"href":"https:\/\/www.nationalturk.com\/tr\/wp-json\/wp\/v2\/tags?post=216011"}],"curies":[{"name":"wp","href":"https:\/\/api.w.org\/{rel}","templated":true}]}}