{"id":216235,"date":"2015-07-30T13:43:48","date_gmt":"2015-07-30T10:43:48","guid":{"rendered":"http:\/\/www.nationalturk.com\/?p=216235"},"modified":"2015-07-30T13:43:48","modified_gmt":"2015-07-30T10:43:48","slug":"enes-unal-genk-yolcusu-216235","status":"publish","type":"post","link":"https:\/\/www.nationalturk.com\/tr\/enes-unal-genk-yolcusu-216235\/","title":{"rendered":"Enes \u00dcnal Genk yolcusu"},"content":{"rendered":"<p><img loading=\"lazy\" decoding=\"async\" class=\"alignnone size-full wp-image-216236\" src=\"http:\/\/www.nationalturk.com\/tr\/wp-content\/uploads\/2015\/07\/enes_unal_manchestercity.jpg\" alt=\"Enes \u00dcnal\" width=\"610\" height=\"400\" title=\"\"><\/p>\n<h1>\u0130ngiltere Premier Lig kul\u00fcplerinden Manchester City&#8217;nin, milli futbolcu Enes \u00dcnal&#8217;\u0131 Bel\u00e7ika&#8217;n\u0131n Genk tak\u0131m\u0131na kiralayaca\u011f\u0131 iddia edildi.<\/h1>\n<p>\u0130ngiliz Guardian gazetesi, Manchester ekibinin temmuz ay\u0131n\u0131n ba\u015f\u0131nda 2 milyon sterlin (3 milyon avro) bonservis kar\u015f\u0131l\u0131\u011f\u0131nda 4 y\u0131ll\u0131k s\u00f6zle\u015fme imzalad\u0131\u011f\u0131 18 ya\u015f\u0131ndaki futbolcunun, Avustralya kamp\u0131ndaki Melbourne City ve Roma ile oynanan haz\u0131rl\u0131k ma\u00e7lar\u0131nda toplam 48 dakika forma giydi\u011fini hat\u0131rlatt\u0131.<\/p>\n<p>Haberde, Manchester City Teknik Direkt\u00f6r\u00fc Manuel Pellegrini&#8217;nin, Enes \u00dcnal&#8217;\u0131n d\u00fczenli forma giyece\u011fi bir tak\u0131mda geli\u015fmesini devam ettirece\u011fine inand\u0131\u011f\u0131 ve gen\u00e7 forvet oyuncusunun Bel\u00e7ika kul\u00fcb\u00fc Genk&#8217;e kiralanabilece\u011fi \u00f6ne s\u00fcr\u00fcld\u00fc.<\/p>\n<p>Enes \u00dcnal, Guardian gazetesinin ge\u00e7en y\u0131l ekim ay\u0131nda haz\u0131rlad\u0131\u011f\u0131 ve d\u00fcnyan\u0131n \u00e7e\u015fitli liglerinde forma giyen 40 futbolcunun yer ald\u0131\u011f\u0131 &#8220;gelecek vadeden futbolcular&#8221; listesine T\u00fcrkiye&#8217;den giren tek isim olmu\u015ftu.<\/p>\n<p>Ma\u00e7lar\u0131n\u0131 25 bin ki\u015filik Cristal Arena&#8217;da oynayan Genk, 16 tak\u0131m\u0131n m\u00fccadele etti\u011fi Bel\u00e7ika Birinci Futbol Ligi&#8217;ni, 2014-15 sezonunda 49 puanla 7&#8217;nci s\u0131rada bitirmi\u015fti.<\/p>\n<!-- Error, Advert is not available at this time due to schedule\/geolocation restrictions! -->\n","protected":false},"excerpt":{"rendered":"<p>\u0130ngiltere Premier Lig kul\u00fcplerinden Manchester City&#8217;nin, milli futbolcu Enes \u00dcnal&#8217;\u0131 Bel\u00e7ika&#8217;n\u0131n Genk tak\u0131m\u0131na kiralayaca\u011f\u0131 iddia edildi.<\/p>\n","protected":false},"author":4,"featured_media":216236,"comment_status":"open","ping_status":"open","sticky":false,"template":"","format":"standard","meta":{"_acf_changed":false,"footnotes":""},"categories":[6774,6194],"tags":[192580,194269,194271,192582,192583,36306,55981,7949,13],"class_list":["post-216235","post","type-post","status-publish","format-standard","has-post-thumbnail","hentry","category-futbol","category-spor","tag-enes-unal","tag-enes-unal-genk","tag-enes-unal-kiralik","tag-enes-unal-manchester","tag-enes-unal-manchester-city","tag-genk","tag-guardian","tag-manchester-city","tag-roma"],"acf":[],"_links":{"self":[{"href":"https:\/\/www.nationalturk.com\/tr\/wp-json\/wp\/v2\/posts\/216235","targetHints":{"allow":["GET"]}}],"collection":[{"href":"https:\/\/www.nationalturk.com\/tr\/wp-json\/wp\/v2\/posts"}],"about":[{"href":"https:\/\/www.nationalturk.com\/tr\/wp-json\/wp\/v2\/types\/post"}],"author":[{"embeddable":true,"href":"https:\/\/www.nationalturk.com\/tr\/wp-json\/wp\/v2\/users\/4"}],"replies":[{"embeddable":true,"href":"https:\/\/www.nationalturk.com\/tr\/wp-json\/wp\/v2\/comments?post=216235"}],"version-history":[{"count":0,"href":"https:\/\/www.nationalturk.com\/tr\/wp-json\/wp\/v2\/posts\/216235\/revisions"}],"wp:featuredmedia":[{"embeddable":true,"href":"https:\/\/www.nationalturk.com\/tr\/wp-json\/wp\/v2\/media\/216236"}],"wp:attachment":[{"href":"https:\/\/www.nationalturk.com\/tr\/wp-json\/wp\/v2\/media?parent=216235"}],"wp:term":[{"taxonomy":"category","embeddable":true,"href":"https:\/\/www.nationalturk.com\/tr\/wp-json\/wp\/v2\/categories?post=216235"},{"taxonomy":"post_tag","embeddable":true,"href":"https:\/\/www.nationalturk.com\/tr\/wp-json\/wp\/v2\/tags?post=216235"}],"curies":[{"name":"wp","href":"https:\/\/api.w.org\/{rel}","templated":true}]}}