{"id":216953,"date":"2015-08-12T11:54:49","date_gmt":"2015-08-12T08:54:49","guid":{"rendered":"http:\/\/www.nationalturk.com\/?p=216953"},"modified":"2015-08-12T11:54:49","modified_gmt":"2015-08-12T08:54:49","slug":"universitelere-ek-yerlestirme-tarihleri-belli-oldu-216953","status":"publish","type":"post","link":"https:\/\/www.nationalturk.com\/tr\/universitelere-ek-yerlestirme-tarihleri-belli-oldu-216953\/","title":{"rendered":"\u00dcniversitelere ek yerle\u015ftirme tarihleri belli oldu"},"content":{"rendered":"<p><img loading=\"lazy\" decoding=\"async\" class=\"alignnone size-large wp-image-216954\" src=\"http:\/\/www.nationalturk.com\/tr\/wp-content\/uploads\/2015\/08\/ygs-494x360.jpg\" alt=\"\" width=\"610\" height=\"390\" title=\"\"><\/p>\n<h1>Y\u00fcksek\u00f6\u011fretim Kurulunca (Y\u00d6K), \u00d6\u011frenci Se\u00e7me ve Yerle\u015ftirme Sistemi (\u00d6SYS) kapsam\u0131nda \u00fcniversitelerin bo\u015f kontenjanlar\u0131 i\u00e7in ek yerle\u015ftirme ba\u015fvurular\u0131n\u0131n 17-21 A\u011fustos tarihlerinde al\u0131naca\u011f\u0131 bildirildi.<\/h1>\n<p>Y\u00d6K&#8217;ten yap\u0131lan yaz\u0131l\u0131 a\u00e7\u0131klamaya g\u00f6re, 2015-2016 \u00f6\u011fretim y\u0131l\u0131 i\u00e7in merkezi yerle\u015ftirmede bo\u015f kalan ve yerle\u015ftirilen adaylar\u0131n kay\u0131t yapt\u0131rmamas\u0131 nedeniyle bo\u015falan y\u00fcksek\u00f6\u011fretim programlar\u0131n\u0131n kontenjanlar\u0131na, 2015-\u00d6SYS sonu\u00e7lar\u0131na g\u00f6re \u00d6SYM taraf\u0131ndan ek yerle\u015ftirme yap\u0131lacak.<\/p>\n<p>Adaylar, 2015-\u00d6SYS ek yerle\u015ftirme tercihlerini 17-21 A\u011fustos&#8217;ta yapacak. Ek yerle\u015ftirme neticesinde bir y\u00fcksek\u00f6\u011fretim program\u0131na yerle\u015fen adaylar\u0131n kay\u0131tlar\u0131 ise 31 A\u011fustos-4 Eyl\u00fcl tarihlerinde ger\u00e7ekle\u015ftirilecek.<\/p>\n<!-- Error, Advert is not available at this time due to schedule\/geolocation restrictions! -->\n","protected":false},"excerpt":{"rendered":"<p>Y\u00fcksek\u00f6\u011fretim Kurulunca (Y\u00d6K), \u00d6\u011frenci Se\u00e7me ve Yerle\u015ftirme Sistemi (\u00d6SYS) kapsam\u0131nda \u00fcniversitelerin bo\u015f kontenjanlar\u0131 i\u00e7in ek yerle\u015ftirme ba\u015fvurular\u0131n\u0131n 17-21 A\u011fustos tarihlerinde al\u0131naca\u011f\u0131 bildirildi.<\/p>\n","protected":false},"author":4,"featured_media":216956,"comment_status":"open","ping_status":"open","sticky":false,"template":"","format":"standard","meta":{"_acf_changed":false,"footnotes":""},"categories":[6663,6155,5005,349,6805],"tags":[112687,12248,48660,23113],"class_list":["post-216953","post","type-post","status-publish","format-standard","has-post-thumbnail","hentry","category-egitim","category-gundem","category-manset","category-son-dakika","category-turkiye","tag-ek-yerlestirme","tag-osym","tag-universite","tag-ygs-sonuclari"],"acf":[],"_links":{"self":[{"href":"https:\/\/www.nationalturk.com\/tr\/wp-json\/wp\/v2\/posts\/216953","targetHints":{"allow":["GET"]}}],"collection":[{"href":"https:\/\/www.nationalturk.com\/tr\/wp-json\/wp\/v2\/posts"}],"about":[{"href":"https:\/\/www.nationalturk.com\/tr\/wp-json\/wp\/v2\/types\/post"}],"author":[{"embeddable":true,"href":"https:\/\/www.nationalturk.com\/tr\/wp-json\/wp\/v2\/users\/4"}],"replies":[{"embeddable":true,"href":"https:\/\/www.nationalturk.com\/tr\/wp-json\/wp\/v2\/comments?post=216953"}],"version-history":[{"count":0,"href":"https:\/\/www.nationalturk.com\/tr\/wp-json\/wp\/v2\/posts\/216953\/revisions"}],"wp:featuredmedia":[{"embeddable":true,"href":"https:\/\/www.nationalturk.com\/tr\/wp-json\/wp\/v2\/media\/216956"}],"wp:attachment":[{"href":"https:\/\/www.nationalturk.com\/tr\/wp-json\/wp\/v2\/media?parent=216953"}],"wp:term":[{"taxonomy":"category","embeddable":true,"href":"https:\/\/www.nationalturk.com\/tr\/wp-json\/wp\/v2\/categories?post=216953"},{"taxonomy":"post_tag","embeddable":true,"href":"https:\/\/www.nationalturk.com\/tr\/wp-json\/wp\/v2\/tags?post=216953"}],"curies":[{"name":"wp","href":"https:\/\/api.w.org\/{rel}","templated":true}]}}