{"id":216999,"date":"2015-08-13T11:46:54","date_gmt":"2015-08-13T08:46:54","guid":{"rendered":"http:\/\/www.nationalturk.com\/?p=216999"},"modified":"2015-08-13T11:46:54","modified_gmt":"2015-08-13T08:46:54","slug":"buyuk-baskan-suleyman-seba-aniliyor-216999","status":"publish","type":"post","link":"https:\/\/www.nationalturk.com\/tr\/buyuk-baskan-suleyman-seba-aniliyor-216999\/","title":{"rendered":"B\u00fcy\u00fck ba\u015fkan S\u00fcleyman Seba an\u0131l\u0131yor"},"content":{"rendered":"<p><img loading=\"lazy\" decoding=\"async\" class=\"alignnone size-large wp-image-217000\" src=\"http:\/\/www.nationalturk.com\/tr\/wp-content\/uploads\/2015\/08\/suleyman_seba_heykeli-610x345.jpg\" alt=\"S\u00fcleyman Seba\" width=\"610\" height=\"345\" title=\"\" srcset=\"https:\/\/www.nationalturk.com\/tr\/wp-content\/uploads\/2015\/08\/suleyman_seba_heykeli-610x345.jpg 610w, https:\/\/www.nationalturk.com\/tr\/wp-content\/uploads\/2015\/08\/suleyman_seba_heykeli-280x158.jpg 280w, https:\/\/www.nationalturk.com\/tr\/wp-content\/uploads\/2015\/08\/suleyman_seba_heykeli.jpg 689w\" sizes=\"auto, (max-width: 610px) 100vw, 610px\" \/><\/p>\n<h1>T\u00fcrk futbolunun unutulmaz ismi, Be\u015fikta\u015f Onursal Ba\u015fkan\u0131 S\u00fcleyman Seba vefat\u0131n\u0131n 1. y\u0131ld\u00f6n\u00fcm\u00fcnde an\u0131l\u0131yor.<\/h1>\n<p>Etkinlikler, bu sabah erken saatlerde Akaretler&#8217;deki Be\u015fikta\u015f kul\u00fcp binas\u0131n\u0131n kar\u015f\u0131s\u0131ndaki \u015eairler Park\u0131&#8217;nda Seba heykelinin \u00f6n\u00fcnde an\u0131 defterinin a\u00e7\u0131lmas\u0131yla ba\u015flad\u0131.\u00a0Hem siyah-beyaz renkle g\u00f6n\u00fcl veren taraftarlar hem de farkl\u0131 renklerin taraftarlar\u0131, S\u00fcleyman Seba&#8217;y\u0131 anmak i\u00e7in \u015eairler Park\u0131&#8217;nda bulu\u015farak an\u0131 defterine duygular\u0131n\u0131 yazd\u0131.<\/p>\n<p>T\u00f6rene Be\u015fikta\u015f Ba\u015fkan\u0131\u00a0Fikret Orman\u2019\u0131n yan\u0131 s\u0131ra; y\u00f6neticiler, Teknik Direkt\u00f6r \u015eenol G\u00fcne\u015f, Antren\u00f6r Tamer Tuna, futbolcular; Tolga Zengin, \u0130smail K\u00f6yba\u015f\u0131, Ersan G\u00fcl\u00fcm, Necip Uysal, Be\u015fikta\u015f Belediye Ba\u015fkan\u0131 Av. Murat Hazinedar ile taraftarlar\u0131m\u0131z ve farkl\u0131 renklere g\u00f6n\u00fcl veren sporseverler kat\u0131ld\u0131.<\/p>\n<p>S\u00fcleyman Seba\u2019n\u0131n \u00e7ok \u00f6nemli bir isim oldu\u011funu dile getiren Fikret Orman,\u00a0\u201cS\u00fcleyman Seba\u2019ya Allah rahmet eylesin. \u00c7ok \u00f6nemli bir isimdi. Kendisiyle \u00e7ok an\u0131lar\u0131m\u0131z vard\u0131. Seba\u2019n\u0131n yapt\u0131\u011f\u0131 eski kul\u00fcp binam\u0131\u0131z\u0131n a\u00e7\u0131l\u0131\u015f\u0131nda bulunmu\u015ftum. Biz ve bizden sonraki nesiller b\u00fcy\u00fcklerimizi mutlu etmeliyiz. T\u00fcm T\u00fcrkiye\u2019nin ba\u015f\u0131 sa\u011folsun. Allah rahmet eylesin&#8221; diye konu\u015ftu.<\/p>\n<p>Fikret Orman\u2019\u0131n konu\u015fmas\u0131ndan sonra t\u00f6rene kat\u0131lan futbolcular\u0131m\u0131z an\u0131 defterine duygu ve d\u00fc\u015f\u00fcnc\u00fclerini yazd\u0131lar.<\/p>\n<!-- Error, Advert is not available at this time due to schedule\/geolocation restrictions! -->\n","protected":false},"excerpt":{"rendered":"<p>T\u00fcrk futbolunun unutulmaz ismi, Be\u015fikta\u015f Onursal Ba\u015fkan\u0131 S\u00fcleyman Seba vefat\u0131n\u0131n 1. y\u0131ld\u00f6n\u00fcm\u00fcnde an\u0131l\u0131yor.<\/p>\n","protected":false},"author":4,"featured_media":217001,"comment_status":"open","ping_status":"open","sticky":false,"template":"","format":"standard","meta":{"_acf_changed":false,"footnotes":""},"categories":[6774,5005,6194],"tags":[1748,18904,194908,194909],"class_list":["post-216999","post","type-post","status-publish","format-standard","has-post-thumbnail","hentry","category-futbol","category-manset","category-spor","tag-besiktas","tag-suleyman-seba","tag-suleyman-seba-anma","tag-suleyman-seba-anma-toreni"],"acf":[],"_links":{"self":[{"href":"https:\/\/www.nationalturk.com\/tr\/wp-json\/wp\/v2\/posts\/216999","targetHints":{"allow":["GET"]}}],"collection":[{"href":"https:\/\/www.nationalturk.com\/tr\/wp-json\/wp\/v2\/posts"}],"about":[{"href":"https:\/\/www.nationalturk.com\/tr\/wp-json\/wp\/v2\/types\/post"}],"author":[{"embeddable":true,"href":"https:\/\/www.nationalturk.com\/tr\/wp-json\/wp\/v2\/users\/4"}],"replies":[{"embeddable":true,"href":"https:\/\/www.nationalturk.com\/tr\/wp-json\/wp\/v2\/comments?post=216999"}],"version-history":[{"count":0,"href":"https:\/\/www.nationalturk.com\/tr\/wp-json\/wp\/v2\/posts\/216999\/revisions"}],"wp:featuredmedia":[{"embeddable":true,"href":"https:\/\/www.nationalturk.com\/tr\/wp-json\/wp\/v2\/media\/217001"}],"wp:attachment":[{"href":"https:\/\/www.nationalturk.com\/tr\/wp-json\/wp\/v2\/media?parent=216999"}],"wp:term":[{"taxonomy":"category","embeddable":true,"href":"https:\/\/www.nationalturk.com\/tr\/wp-json\/wp\/v2\/categories?post=216999"},{"taxonomy":"post_tag","embeddable":true,"href":"https:\/\/www.nationalturk.com\/tr\/wp-json\/wp\/v2\/tags?post=216999"}],"curies":[{"name":"wp","href":"https:\/\/api.w.org\/{rel}","templated":true}]}}