{"id":217321,"date":"2015-08-19T18:36:50","date_gmt":"2015-08-19T15:36:50","guid":{"rendered":"http:\/\/www.nationalturk.com\/?p=217321"},"modified":"2015-08-19T18:40:37","modified_gmt":"2015-08-19T15:40:37","slug":"emir-kusturica-sirp-partisinden-siyasete-giriyor-217321","status":"publish","type":"post","link":"https:\/\/www.nationalturk.com\/tr\/emir-kusturica-sirp-partisinden-siyasete-giriyor-217321\/","title":{"rendered":"Emir Kusturica S\u0131rp partisinden siyasete giriyor"},"content":{"rendered":"<p><img loading=\"lazy\" decoding=\"async\" class=\"alignnone size-large wp-image-217322\" src=\"http:\/\/www.nationalturk.com\/tr\/wp-content\/uploads\/2015\/08\/emir_kusturica-541x360.jpg\" alt=\"Emir Kusturica\" width=\"610\" height=\"390\" title=\"\"><\/p>\n<h1>Bosna Hersek ve S\u0131rbistan medyas\u0131, \u00fcnl\u00fc Bo\u015fnak y\u00f6netmen Emir Kusturica&#8217;n\u0131n Bosna Hersek&#8217;te gelecek y\u0131l yap\u0131lacak yerel se\u00e7imlerde, \u00fclkenin g\u00fcneyindeki Trebinye&#8217;de belediye ba\u015fkan aday\u0131 olaca\u011f\u0131n\u0131 \u00f6ne s\u00fcrd\u00fc.<\/h1>\n<p>Medyada yer alan haberlerde Kusturica&#8217;n\u0131n, Bosna S\u0131rp Cumhuriyeti (RS) Ba\u015fkan\u0131 Milorad Dodik liderli\u011findeki Ba\u011f\u0131ms\u0131z Sosyal Demokratlar Birli\u011finden (SNSD) aday olaca\u011f\u0131 iddia edildi.<\/p>\n<p>Radio Trebinye&#8217;ye konu\u015fan \u00fcnl\u00fc y\u00f6netmen, belediye ba\u015fkanl\u0131\u011f\u0131 adayl\u0131\u011f\u0131 konusunda net bir a\u00e7\u0131klama yapmaktan ka\u00e7\u0131n\u0131rken, sadece &#8220;b\u00f6yle bir fikir mevcut&#8221; ifadesini kulland\u0131.<\/p>\n<p>Bosna S\u0131rp Cumhuriyeti&#8217;ndeki baz\u0131 gazeteler, Kusturica&#8217;n\u0131n adayl\u0131\u011f\u0131n\u0131n ilk kez \u00fc\u00e7 ay \u00f6nce SNSD y\u00f6netim kurulu toplant\u0131s\u0131nda g\u00fcndeme geldi\u011fini \u00f6ne s\u00fcrd\u00fc.<\/p>\n<p>SNSD Terbinye \u0130l Ba\u015fkan\u0131 Luka Petrovi\u00e7 de Kusturica&#8217;n\u0131n adayl\u0131\u011f\u0131n\u0131n ihtimal dahilinde oldu\u011funu ancak bu konuda kesin bir \u015fey s\u00f6ylemek i\u00e7in erken oldu\u011funu ifade etti.<\/p>\n<!-- Error, Advert is not available at this time due to schedule\/geolocation restrictions! -->\n","protected":false},"excerpt":{"rendered":"<p>Bosna Hersek ve S\u0131rbistan medyas\u0131, \u00fcnl\u00fc Bo\u015fnak y\u00f6netmen Emir Kusturica&#8217;n\u0131n Bosna Hersek&#8217;te gelecek y\u0131l yap\u0131lacak yerel se\u00e7imlerde, \u00fclkenin g\u00fcneyindeki Trebinye&#8217;de belediye ba\u015fkan aday\u0131 olaca\u011f\u0131n\u0131 \u00f6ne s\u00fcrd\u00fc.<\/p>\n","protected":false},"author":4,"featured_media":217323,"comment_status":"open","ping_status":"open","sticky":false,"template":"","format":"standard","meta":{"_acf_changed":false,"footnotes":""},"categories":[6770,6155,6221,5005,6670,6672],"tags":[1960,48277,1964],"class_list":["post-217321","post","type-post","status-publish","format-standard","has-post-thumbnail","hentry","category-avrupa","category-gundem","category-kultur","category-manset","category-sanat","category-sinema","tag-bosna-hersek","tag-emir-kusturica","tag-saraybosna"],"acf":[],"_links":{"self":[{"href":"https:\/\/www.nationalturk.com\/tr\/wp-json\/wp\/v2\/posts\/217321","targetHints":{"allow":["GET"]}}],"collection":[{"href":"https:\/\/www.nationalturk.com\/tr\/wp-json\/wp\/v2\/posts"}],"about":[{"href":"https:\/\/www.nationalturk.com\/tr\/wp-json\/wp\/v2\/types\/post"}],"author":[{"embeddable":true,"href":"https:\/\/www.nationalturk.com\/tr\/wp-json\/wp\/v2\/users\/4"}],"replies":[{"embeddable":true,"href":"https:\/\/www.nationalturk.com\/tr\/wp-json\/wp\/v2\/comments?post=217321"}],"version-history":[{"count":0,"href":"https:\/\/www.nationalturk.com\/tr\/wp-json\/wp\/v2\/posts\/217321\/revisions"}],"wp:featuredmedia":[{"embeddable":true,"href":"https:\/\/www.nationalturk.com\/tr\/wp-json\/wp\/v2\/media\/217323"}],"wp:attachment":[{"href":"https:\/\/www.nationalturk.com\/tr\/wp-json\/wp\/v2\/media?parent=217321"}],"wp:term":[{"taxonomy":"category","embeddable":true,"href":"https:\/\/www.nationalturk.com\/tr\/wp-json\/wp\/v2\/categories?post=217321"},{"taxonomy":"post_tag","embeddable":true,"href":"https:\/\/www.nationalturk.com\/tr\/wp-json\/wp\/v2\/tags?post=217321"}],"curies":[{"name":"wp","href":"https:\/\/api.w.org\/{rel}","templated":true}]}}