{"id":217826,"date":"2015-08-31T16:38:15","date_gmt":"2015-08-31T13:38:15","guid":{"rendered":"http:\/\/www.nationalturk.com\/?p=217826"},"modified":"2015-08-31T16:38:15","modified_gmt":"2015-08-31T13:38:15","slug":"son-dakika-akpli-eski-baskan-olduruldu-217826","status":"publish","type":"post","link":"https:\/\/www.nationalturk.com\/tr\/son-dakika-akpli-eski-baskan-olduruldu-217826\/","title":{"rendered":"Son Dakika! AKP&#8217;li eski ba\u015fkan \u00f6ld\u00fcr\u00fcld\u00fc"},"content":{"rendered":"<p><img loading=\"lazy\" decoding=\"async\" class=\"alignleft size-medium wp-image-217827\" src=\"http:\/\/www.nationalturk.com\/tr\/wp-content\/uploads\/2015\/08\/flash-haber19-245x220.jpg\" alt=\"\" width=\"245\" height=\"220\" title=\"\" srcset=\"https:\/\/www.nationalturk.com\/tr\/wp-content\/uploads\/2015\/08\/flash-haber19-245x220.jpg 245w, https:\/\/www.nationalturk.com\/tr\/wp-content\/uploads\/2015\/08\/flash-haber19-401x360.jpg 401w, https:\/\/www.nationalturk.com\/tr\/wp-content\/uploads\/2015\/08\/flash-haber19.jpg 900w\" sizes=\"auto, (max-width: 245px) 100vw, 245px\" \/><\/p>\n<h1>AKP Diyarbak\u0131r Gen\u00e7lik Kollar\u0131 eski ba\u015fkan\u0131 Yunus Ko\u00e7ak, Da\u011fkap\u0131 semtindeki i\u015f yerinde \u00f6ld\u00fcr\u00fcld\u00fc. \/ Son Dakika&#8230;<\/h1>\n<p>Al\u0131nan bilgilere g\u00f6re\u00a0Diyarbak\u0131r&#8217;da AKP eski Gen\u00e7lik Kollar\u0131 \u0130l Ba\u015fkan\u0131 eczac\u0131 Yunus Ko\u00e7ak, i\u015fyerinde u\u011frad\u0131\u011f\u0131 silahl\u0131 sald\u0131r\u0131da \u00f6ld\u00fc.\u00a0Yunus Ko\u00e7ak&#8217;\u0131n Sur \u0130l\u00e7esi Da\u011fkap\u0131 Meydan\u0131&#8217;nda bulunan eczanesine gelen ve hen\u00fcz kimli\u011fi belirlenemeyen silahl\u0131 ki\u015fi ya da ki\u015filer ate\u015f a\u00e7t\u0131. A\u00e7\u0131lan ate\u015fte Ko\u00e7ak olay yerinde ya\u015fam\u0131n\u0131 yitirdi. Sald\u0131r\u0131yla ilgili geni\u015f \u00e7apl\u0131 soru\u015fturma ba\u015flat\u0131ld\u0131.<\/p>\n<!-- Error, Advert is not available at this time due to schedule\/geolocation restrictions! -->\n","protected":false},"excerpt":{"rendered":"<p>AKP Diyarbak\u0131r Gen\u00e7lik Kollar\u0131 eski ba\u015fkan\u0131 Yunus Ko\u00e7ak, Da\u011fkap\u0131 semtindeki i\u015f yerinde \u00f6ld\u00fcr\u00fcld\u00fc. \/ Son Dakika&#8230;<\/p>\n","protected":false},"author":4,"featured_media":217828,"comment_status":"open","ping_status":"open","sticky":false,"template":"","format":"standard","meta":{"_acf_changed":false,"footnotes":""},"categories":[6155,5005,6202,349,6805],"tags":[27382],"class_list":["post-217826","post","type-post","status-publish","format-standard","has-post-thumbnail","hentry","category-gundem","category-manset","category-politika","category-son-dakika","category-turkiye","tag-son-dakika"],"acf":[],"_links":{"self":[{"href":"https:\/\/www.nationalturk.com\/tr\/wp-json\/wp\/v2\/posts\/217826","targetHints":{"allow":["GET"]}}],"collection":[{"href":"https:\/\/www.nationalturk.com\/tr\/wp-json\/wp\/v2\/posts"}],"about":[{"href":"https:\/\/www.nationalturk.com\/tr\/wp-json\/wp\/v2\/types\/post"}],"author":[{"embeddable":true,"href":"https:\/\/www.nationalturk.com\/tr\/wp-json\/wp\/v2\/users\/4"}],"replies":[{"embeddable":true,"href":"https:\/\/www.nationalturk.com\/tr\/wp-json\/wp\/v2\/comments?post=217826"}],"version-history":[{"count":0,"href":"https:\/\/www.nationalturk.com\/tr\/wp-json\/wp\/v2\/posts\/217826\/revisions"}],"wp:featuredmedia":[{"embeddable":true,"href":"https:\/\/www.nationalturk.com\/tr\/wp-json\/wp\/v2\/media\/217828"}],"wp:attachment":[{"href":"https:\/\/www.nationalturk.com\/tr\/wp-json\/wp\/v2\/media?parent=217826"}],"wp:term":[{"taxonomy":"category","embeddable":true,"href":"https:\/\/www.nationalturk.com\/tr\/wp-json\/wp\/v2\/categories?post=217826"},{"taxonomy":"post_tag","embeddable":true,"href":"https:\/\/www.nationalturk.com\/tr\/wp-json\/wp\/v2\/tags?post=217826"}],"curies":[{"name":"wp","href":"https:\/\/api.w.org\/{rel}","templated":true}]}}