{"id":217949,"date":"2015-09-03T10:35:11","date_gmt":"2015-09-03T07:35:11","guid":{"rendered":"http:\/\/www.nationalturk.com\/?p=217949"},"modified":"2022-09-11T14:37:40","modified_gmt":"2022-09-11T11:37:40","slug":"cinde-zafer-gunu-kutlaniyor-putin-ve-maduro-da-orada-217949","status":"publish","type":"post","link":"https:\/\/www.nationalturk.com\/tr\/cinde-zafer-gunu-kutlaniyor-putin-ve-maduro-da-orada-217949\/","title":{"rendered":"\u00c7in&#8217;de zafer g\u00fcn\u00fc kutlan\u0131yor \/ Putin ve Maduro da orada"},"content":{"rendered":"<p><img loading=\"lazy\" decoding=\"async\" class=\"alignnone size-large wp-image-217955\" src=\"http:\/\/www.nationalturk.com\/tr\/wp-content\/uploads\/2015\/09\/cin_zafer_gunu-545x360.jpg\" alt=\"\u00c7in Zafer G\u00fcn\u00fc\" width=\"610\" height=\"390\" title=\"\"><\/p>\n<h1>\u00c7in halk\u0131n\u0131n &#8216;Japon i\u015fgaline ve 2. D\u00fcnya Sava\u015f\u0131&#8217;nda fa\u015fizme kar\u015f\u0131 kazan\u0131lan zaferin&#8217; 70. y\u0131l d\u00f6n\u00fcm\u00fcn\u00fc anma etkinlikleri dolay\u0131s\u0131yla ba\u015fkent Pekin&#8217;de askeri ge\u00e7it t\u00f6reni d\u00fczenlendi.<\/h1>\n<p>Pekin&#8217;deki Tiananmen Meydan\u0131&#8217;nda ger\u00e7ekle\u015fen &#8220;3 Eyl\u00fcl Zafer G\u00fcn\u00fc&#8221; anma etkinlikleri kapsam\u0131nda d\u00fczenlenen askeri ge\u00e7it t\u00f6reninde, Rusya, Kazakistan ve K\u0131rg\u0131zistan&#8217;\u0131n da aralar\u0131nda bulundu\u011fu 17 \u00fclkeden bine yak\u0131n askeri t\u00f6ren birli\u011fi haz\u0131r bulunurken, toplam 12 bin asker t\u00f6rene kat\u0131ld\u0131.<\/p>\n<p>Ge\u00e7it t\u00f6renindeki \u015feref k\u0131tas\u0131ndan 11&#8217;i kara, 10&#8217;u hava, 27&#8217;si donan\u0131m ve 2&#8217;si Japonya&#8217;ya kar\u015f\u0131 direni\u015f sava\u015f\u0131na kat\u0131lm\u0131\u015f askerlerden olu\u015furken, ordu envanterinde bulunan DF 26, DF 21D, DF 31A, FL 3000N gibi k\u0131sa ve orta menzilli balistik f\u00fczeler, uzun menzilli f\u00fczeler, ve z\u0131rhl\u0131 ara\u00e7lardan olu\u015fan 500 askeri ara\u00e7 ge\u00e7itte yer ald\u0131. T\u00f6ren s\u0131ras\u0131nda 20&#8217;den fazla farkl\u0131 tipte 200 sava\u015f u\u00e7a\u011f\u0131 ve WZ 19 sava\u015f helikopterleri meydan \u00fczerinden u\u00e7tu.<\/p>\n<p>Ayr\u0131ca, askeri ge\u00e7it t\u00f6reninde \u00c7in Halk Kurtulu\u015f Ordusu&#8217;nun envanterinde yer alan yeni silah ve te\u00e7hizatlar g\u00f6r\u00fcc\u00fcye \u00e7\u0131karken, askeri donan\u0131mlar\u0131n y\u00fczde 84&#8217;\u00fc ilk kez halk \u00f6n\u00fcnde sergilendi.<\/p>\n<p>\u00c7in, \u00fclkede ilk kez yabanc\u0131 askeri birlikler ile askeri ge\u00e7it d\u00fczenlerken, zafer g\u00fcn\u00fc \u00e7er\u00e7evesinde 3 Eyl\u00fcl ulusal tatil ilan edilmi\u015fti. Bu kapsamda \u00fclke genelinde \u00e7e\u015fitli anma etkinlikleri de d\u00fczenleniyor.<\/p>\n<p>Rusya Devlet Ba\u015fkan\u0131 Vladimir Putin, Venezuela Devlet Ba\u015fkan\u0131 Nicolas Maduro, G\u00fcney Kore Devlet Ba\u015fkan\u0131 Park-Geun-hye, M\u0131s\u0131r Cumhurba\u015fkan\u0131 Abdulfettah es-Sisi, Sudan Devlet Ba\u015fkan\u0131 \u00d6mer el-Be\u015fir ve BM Genel Sekreteri Ban Ki-mun olmak \u00fczere 30&#8217;u devlet ya da h\u00fck\u00fcmet ba\u015fkan\u0131, 49 \u00fclkeden \u00fcst d\u00fczeyde temsilcinin yan\u0131 s\u0131ra 10 uluslararas\u0131 \u00f6rg\u00fct sorumlusu t\u00f6rende yer al\u0131rken, \u015eanghay \u0130\u015fbirli\u011fi \u00d6rg\u00fct\u00fc (\u015e\u0130\u00d6) \u00fcyesi \u00fclkelerin liderleri de t\u00f6rene eksiksiz kat\u0131l\u0131m g\u00f6sterdi.<\/p>\n<p>T\u00f6rende konu\u015fan \u00c7in Devlet Ba\u015fkan\u0131 \u015ei Cinpin, Japon sald\u0131rganl\u0131\u011f\u0131na m\u00fccadelede \u00c7in halk\u0131n\u0131n uluslararas\u0131 toplumdan b\u00fcy\u00fck destek ald\u0131\u011f\u0131n\u0131 vurgulayarak, direni\u015f sava\u015f\u0131nda di\u011fer \u00fclkelerin halklar\u0131n\u0131n yapt\u0131klar\u0131n\u0131 \u00c7in halk\u0131n\u0131n her zaman hat\u0131rlayaca\u011f\u0131n\u0131 s\u00f6yledi. Uluslararas\u0131 toplum nezdinde bar\u0131\u015f yarar\u0131na kar\u015f\u0131l\u0131kl\u0131 sayg\u0131, e\u015fitlik, bar\u0131\u015f\u00e7\u0131l kalk\u0131nma ve ortak refah\u0131 do\u011fru yol olarak temsil etmenin \u00f6nemine dikkat \u00e7ekerek, \u00f6n yarg\u0131, ayr\u0131mc\u0131l\u0131k nefret ve sava\u015f\u0131n sadece ac\u0131 ve felakete s\u00fcr\u00fckledi\u011fini ifade eden \u015ei Cinping, d\u00fcnya bar\u0131\u015f\u0131 ad\u0131na \u00c7in Halk Kurtulu\u015f Ordusu&#8217;ndan 300 bin askerin azalt\u0131laca\u011f\u0131n\u0131 a\u00e7\u0131klad\u0131.<\/p>\n<p>Di\u011fer yandan Pekin y\u00f6netiminin d\u00fcnya bar\u0131\u015f\u0131 ad\u0131na, 1937&#8217;deki Japon i\u015fgalinde &#8220;Nancing Katliam\u0131&#8221; olarak ge\u00e7en d\u00f6nemde 300 bin ki\u015finin hayat\u0131n\u0131 kaybetti\u011fi insan say\u0131s\u0131 kadar askeri personel azaltmas\u0131 dikkati \u00e7ekti.<\/p>\n<p>Bat\u0131 \u00fclkelerinden \u00f6zellikle Avrupal\u0131 liderler ve Japonya Ba\u015fbakan\u0131 \u015einzo Abe anma t\u00f6renine kat\u0131lmazken, Kuzey Kore lideri Kim Jong-un davet listesine al\u0131nmam\u0131\u015ft\u0131.<\/p>\n<p>&#8211; Al\u0131nan \u00fcst d\u00fczey g\u00fcvenlik \u00f6nlemleri<\/p>\n<p>G\u00fcnler \u00f6ncesinden askeri ge\u00e7it t\u00f6reni i\u00e7in Pekin&#8217;de s\u0131k\u0131 \u00f6nlemler al\u0131nmaya ba\u015flan\u0131rken, ge\u00e7it t\u00f6reni alan\u0131ndaki Yasak \u015eehir olmak \u00fczere b\u00f6lgede bir \u00e7ok turistik alan ziyarete kapat\u0131ld\u0131.<\/p>\n<p>Tinananmen Meydan\u0131&#8217;na \u00e7\u0131kan t\u00fcm ana caddeler trafi\u011fe kapat\u0131l\u0131rken, meydan \u00fczerindeki hat ve ba\u011flant\u0131 noktalar\u0131ndaki t\u00fcm metro seferleri iptal edildi. Ba\u015fkentteki havalimanlar\u0131nda t\u00f6ren bitimine kadar i\u00e7 ve d\u0131\u015f hatlardaki t\u00fcm u\u00e7u\u015flar da iptal edildi.<\/p>\n<p>T\u00f6ren haz\u0131rl\u0131klar\u0131 i\u00e7in al\u0131nan \u00f6nlemler kapsam\u0131nda g\u00fcnler \u00f6ncesinden in\u015faat ve kimyasal at\u0131k ta\u015f\u0131yan ara\u00e7lar\u0131n trafi\u011fe \u00e7\u0131k\u0131\u015f\u0131 yasakland\u0131. Trafi\u011fe \u00e7\u0131k\u0131\u015fta tek ve \u00e7ift plaka uygulamas\u0131 yap\u0131l\u0131rken, Pekin civar\u0131ndaki binlerce fabrikada \u00fcretim ge\u00e7ici olarak durduruldu.<\/p>\n<p>Merkezi noktadaki bir \u00e7ok e\u011flence merkezi ve restoran hafta ba\u015f\u0131ndan bu yana hizmete kapan\u0131rken, \u00f6nceden belirlenen tarihte kayda al\u0131nmayan kargo ve postalar \u015fehir d\u0131\u015f\u0131ndan Pekin&#8217;e g\u00f6nderilmesi de al\u0131nan yasaklar aras\u0131nda.<\/p>\n<p>\u00d6te yandan, \u00c7in Devlet Ba\u015fkan\u0131 \u015ei taraf\u0131ndan, 2.D\u00fcnya Sava\u015f\u0131&#8217;nda \u00c7in i\u00e7in sava\u015fan sivil ve askerlerden olu\u015fan yabanc\u0131lar\u0131n da bulundu\u011fu 30 ki\u015fiye d\u00fcn madalya takdim edilirken, direni\u015f sava\u015f\u0131na kat\u0131lm\u0131\u015f a\u011f\u0131r su\u00e7 kapsam\u0131nda bulunmayan baz\u0131 mahkumlara af uyguland\u0131.<\/p>\n<p>T\u00f6renin ard\u0131ndan B\u00fcy\u00fck Halk Salonu&#8217;nda resepsiyon verilirken, ak\u015fam \u00c7in halk\u0131n\u0131n Japonya&#8217;ya kar\u015f\u0131 m\u00fccadelesi ile ilgili g\u00f6steri d\u00fczenlenecek.<\/p>\n<!-- Error, Advert is not available at this time due to schedule\/geolocation restrictions! -->\n","protected":false},"excerpt":{"rendered":"<p>\u00c7in halk\u0131n\u0131n &#8216;Japon i\u015fgaline ve 2. D\u00fcnya Sava\u015f\u0131&#8217;nda fa\u015fizme kar\u015f\u0131 kazan\u0131lan zaferin&#8217; 70. y\u0131l d\u00f6n\u00fcm\u00fcn\u00fc anma etkinlikleri dolay\u0131s\u0131yla ba\u015fkent Pekin&#8217;de askeri ge\u00e7it t\u00f6reni d\u00fczenlendi.<\/p>\n","protected":false},"author":4,"featured_media":217956,"comment_status":"open","ping_status":"open","sticky":false,"template":"","format":"standard","meta":{"_acf_changed":false,"footnotes":""},"categories":[6769,6665,6155,6771,5005,6202,220816],"tags":[56456,711,863,119580,71336,171590,1530],"class_list":["post-217949","post","type-post","status-publish","format-standard","has-post-thumbnail","hentry","category-asya","category-dunya","category-gundem","category-latin-amerika","category-manset","category-politika","category-uzak-dogu","tag-2-dunya-savasi","tag-cin","tag-japonya","tag-maduro","tag-nicolas-maduro","tag-sisi","tag-vladimir-putin"],"acf":[],"_links":{"self":[{"href":"https:\/\/www.nationalturk.com\/tr\/wp-json\/wp\/v2\/posts\/217949","targetHints":{"allow":["GET"]}}],"collection":[{"href":"https:\/\/www.nationalturk.com\/tr\/wp-json\/wp\/v2\/posts"}],"about":[{"href":"https:\/\/www.nationalturk.com\/tr\/wp-json\/wp\/v2\/types\/post"}],"author":[{"embeddable":true,"href":"https:\/\/www.nationalturk.com\/tr\/wp-json\/wp\/v2\/users\/4"}],"replies":[{"embeddable":true,"href":"https:\/\/www.nationalturk.com\/tr\/wp-json\/wp\/v2\/comments?post=217949"}],"version-history":[{"count":0,"href":"https:\/\/www.nationalturk.com\/tr\/wp-json\/wp\/v2\/posts\/217949\/revisions"}],"wp:featuredmedia":[{"embeddable":true,"href":"https:\/\/www.nationalturk.com\/tr\/wp-json\/wp\/v2\/media\/217956"}],"wp:attachment":[{"href":"https:\/\/www.nationalturk.com\/tr\/wp-json\/wp\/v2\/media?parent=217949"}],"wp:term":[{"taxonomy":"category","embeddable":true,"href":"https:\/\/www.nationalturk.com\/tr\/wp-json\/wp\/v2\/categories?post=217949"},{"taxonomy":"post_tag","embeddable":true,"href":"https:\/\/www.nationalturk.com\/tr\/wp-json\/wp\/v2\/tags?post=217949"}],"curies":[{"name":"wp","href":"https:\/\/api.w.org\/{rel}","templated":true}]}}