{"id":218058,"date":"2015-09-05T17:31:55","date_gmt":"2015-09-05T14:31:55","guid":{"rendered":"http:\/\/www.nationalturk.com\/?p=218058"},"modified":"2015-09-05T17:31:55","modified_gmt":"2015-09-05T14:31:55","slug":"moskova-868-yasini-kutluyor-218058","status":"publish","type":"post","link":"https:\/\/www.nationalturk.com\/tr\/moskova-868-yasini-kutluyor-218058\/","title":{"rendered":"Moskova 868. ya\u015f\u0131n\u0131 kutluyor"},"content":{"rendered":"<p><img loading=\"lazy\" decoding=\"async\" class=\"alignnone size-large wp-image-218059\" src=\"http:\/\/www.nationalturk.com\/tr\/wp-content\/uploads\/2015\/09\/moskova_kutlama-540x360.jpg\" alt=\"Moskova\" width=\"610\" height=\"390\" title=\"\"><\/p>\n<h1>Rusya&#8217;n\u0131n ba\u015fkenti Moskova, 868. ya\u015f\u0131n\u0131 kutluyor. Bug\u00fcn ba\u015flayan kutlamalar K\u0131z\u0131l Meydan&#8217;\u0131 renk c\u00fcmb\u00fc\u015f\u00fcne \u00e7evirdi.<\/h1>\n<p>5-6 Eyl\u00fcl tarihlerinde kentin \u00e7e\u015fitli merkezlerinde ve parklarda d\u00fczenlenen etkinliklerle kutlanan &#8221;Moskova G\u00fcn\u00fc&#8221; a\u00e7\u0131l\u0131\u015f t\u00f6reni tarihi K\u0131z\u0131l Meydan&#8217;da ger\u00e7ekle\u015ftirildi. T\u00f6rende Tiyatro ve opera sanat\u00e7\u0131lar\u0131n\u0131n da yer ald\u0131\u011f\u0131 geni\u015f kat\u0131l\u0131ml\u0131 kadro tarihi meydanda performans sergiledi.<\/p>\n<!-- Error, Advert is not available at this time due to schedule\/geolocation restrictions! -->\n","protected":false},"excerpt":{"rendered":"<p>Rusya&#8217;n\u0131n ba\u015fkenti Moskova, 868. ya\u015f\u0131n\u0131 kutluyor. Bug\u00fcn ba\u015flayan kutlamalar K\u0131z\u0131l Meydan&#8217;\u0131 renk c\u00fcmb\u00fc\u015f\u00fcne \u00e7evirdi.<\/p>\n","protected":false},"author":4,"featured_media":218060,"comment_status":"open","ping_status":"open","sticky":false,"template":"","format":"standard","meta":{"_acf_changed":false,"footnotes":""},"categories":[6770,6665,6155,5005,6202],"tags":[99999,1238,160757,721],"class_list":["post-218058","post","type-post","status-publish","format-standard","has-post-thumbnail","hentry","category-avrupa","category-dunya","category-gundem","category-manset","category-politika","tag-kizil-meydan","tag-moskova","tag-moskova-kizil-meydan","tag-rusya"],"acf":[],"_links":{"self":[{"href":"https:\/\/www.nationalturk.com\/tr\/wp-json\/wp\/v2\/posts\/218058","targetHints":{"allow":["GET"]}}],"collection":[{"href":"https:\/\/www.nationalturk.com\/tr\/wp-json\/wp\/v2\/posts"}],"about":[{"href":"https:\/\/www.nationalturk.com\/tr\/wp-json\/wp\/v2\/types\/post"}],"author":[{"embeddable":true,"href":"https:\/\/www.nationalturk.com\/tr\/wp-json\/wp\/v2\/users\/4"}],"replies":[{"embeddable":true,"href":"https:\/\/www.nationalturk.com\/tr\/wp-json\/wp\/v2\/comments?post=218058"}],"version-history":[{"count":0,"href":"https:\/\/www.nationalturk.com\/tr\/wp-json\/wp\/v2\/posts\/218058\/revisions"}],"wp:featuredmedia":[{"embeddable":true,"href":"https:\/\/www.nationalturk.com\/tr\/wp-json\/wp\/v2\/media\/218060"}],"wp:attachment":[{"href":"https:\/\/www.nationalturk.com\/tr\/wp-json\/wp\/v2\/media?parent=218058"}],"wp:term":[{"taxonomy":"category","embeddable":true,"href":"https:\/\/www.nationalturk.com\/tr\/wp-json\/wp\/v2\/categories?post=218058"},{"taxonomy":"post_tag","embeddable":true,"href":"https:\/\/www.nationalturk.com\/tr\/wp-json\/wp\/v2\/tags?post=218058"}],"curies":[{"name":"wp","href":"https:\/\/api.w.org\/{rel}","templated":true}]}}