{"id":218113,"date":"2015-09-07T17:23:12","date_gmt":"2015-09-07T14:23:12","guid":{"rendered":"http:\/\/www.nationalturk.com\/?p=218113"},"modified":"2024-09-10T12:27:07","modified_gmt":"2024-09-10T09:27:07","slug":"son-dakika-genelkurmay-16-asker-sehit-oldu-218113","status":"publish","type":"post","link":"https:\/\/www.nationalturk.com\/tr\/son-dakika-genelkurmay-16-asker-sehit-oldu-218113\/","title":{"rendered":"Son Dakika! Genelkurmay: 16 asker \u015fehit oldu"},"content":{"rendered":"<p><img loading=\"lazy\" decoding=\"async\" class=\"alignleft size-medium wp-image-218114\" src=\"http:\/\/www.nationalturk.com\/tr\/wp-content\/uploads\/2015\/09\/flash-haber4-245x220.jpg\" alt=\"\" width=\"245\" height=\"220\" title=\"\" srcset=\"https:\/\/www.nationalturk.com\/tr\/wp-content\/uploads\/2015\/09\/flash-haber4-245x220.jpg 245w, https:\/\/www.nationalturk.com\/tr\/wp-content\/uploads\/2015\/09\/flash-haber4-401x360.jpg 401w, https:\/\/www.nationalturk.com\/tr\/wp-content\/uploads\/2015\/09\/flash-haber4.jpg 900w\" sizes=\"auto, (max-width: 245px) 100vw, 245px\" \/><\/p>\n<h1>Genelkurmay Ba\u015fkanl\u0131\u011f\u0131 d\u00fcn PKK&#8217;l\u0131 ter\u00f6ristlerce Da\u011fl\u0131ca&#8217;da ger\u00e7ekle\u015ftirilen sald\u0131r\u0131da 16 askerin \u015fehit oldu\u011funu a\u00e7\u0131klad\u0131.<\/h1>\n<p>Genelkurmay Ba\u015fkanl\u0131\u011f\u0131&#8217;n\u0131n a\u00e7\u0131klamas\u0131;<\/p>\n<p>&#8220;06 Eyl\u00fcl 2015 tarihinde Da\u011fl\u0131ca-Y\u00fcksekova yolunun ula\u015f\u0131ma a\u00e7\u0131lmas\u0131 maksad\u0131yla y\u00fcr\u00fct\u00fclen operasyonda, daha \u00f6nceden B\u00f6l\u00fcc\u00fc Ter\u00f6r \u00d6rg\u00fct\u00fc mensubu bir grup ter\u00f6rist taraf\u0131ndan yol kenar\u0131na yerle\u015ftirilen El Yap\u0131m\u0131 Patlay\u0131c\u0131lar\u0131n patlat\u0131lmas\u0131 ile iki z\u0131rhl\u0131 arac\u0131m\u0131z a\u011f\u0131r hasar g\u00f6rm\u00fc\u015f, ara\u00e7larda bulunan Kahraman 16 silah arkada\u015f\u0131m\u0131z \u015fehit olmu\u015ftur. Kahraman alt\u0131 silah arkada\u015f\u0131m\u0131z ise hayati tehlikesi olmayacak \u015fekilde yaralanm\u0131\u015f, yaral\u0131lar\u0131n tedavilerine h\u00e2lihaz\u0131rda devam edilmektedir.<\/p>\n<p>Sald\u0131r\u0131n\u0131n ard\u0131ndan b\u00f6lgede ba\u015flat\u0131lan operasyonlar karadan ve havadan kararl\u0131l\u0131kla s\u00fcrd\u00fcr\u00fclmektedir. Bu kapsamda; b\u00f6lgede tespit edilen ter\u00f6rist hedeflerinin imhas\u0131 ve harek\u00e2ta emniyetle devam edilmesi maksad\u0131yla; B\u00f6l\u00fcc\u00fc Ter\u00f6r \u00d6rg\u00fct\u00fc mensubu ter\u00f6ristlerce kullan\u0131ld\u0131\u011f\u0131 belirlenen 23 hedef (alt\u0131 ma\u011fara, iki depo, \u00fc\u00e7 bar\u0131nma alan\u0131 ve 12 Do\u00e7ka mevzii) 7 Eyl\u00fcl 2015 saat 09.00&#8217;dan itibaren \u00fc\u00e7 adet F-4 ve d\u00f6rt adet F-16 sava\u015f u\u00e7a\u011f\u0131 ile ate\u015f alt\u0131na al\u0131nmaktad\u0131r.<\/p>\n<p>Bizleri derin bir ac\u0131 ve \u00fcz\u00fcnt\u00fcye bo\u011fan bu menfur sald\u0131r\u0131da hayat\u0131n\u0131 kaybeden aziz \u015fehitlerimize bir kez daha Allah\u2019tan rahmet, \u015fehitlerimizin de\u011ferli ailelerine, yak\u0131nlar\u0131na, T\u00fcrk Silahl\u0131 Kuvvetleri mensuplar\u0131m\u0131za ve Y\u00fcce T\u00fcrk Milletine ba\u015fsa\u011fl\u0131\u011f\u0131 ve sab\u0131r, sald\u0131r\u0131da yaralanan Kahraman silah arkada\u015flar\u0131m\u0131za acil \u015fifalar temenni ediyoruz.<\/p>\n<p>Kamuoyuna sayg\u0131 ile duyurulur.<\/p>\n<!-- Error, Advert is not available at this time due to schedule\/geolocation restrictions! -->\n","protected":false},"excerpt":{"rendered":"<p>Genelkurmay Ba\u015fkanl\u0131\u011f\u0131 d\u00fcn PKK&#8217;l\u0131 ter\u00f6ristlerce Da\u011fl\u0131ca&#8217;da ger\u00e7ekle\u015ftirilen sald\u0131r\u0131da 16 askerin \u015fehit oldu\u011funu a\u00e7\u0131klad\u0131.<\/p>\n","protected":false},"author":4,"featured_media":218115,"comment_status":"open","ping_status":"open","sticky":false,"template":"","format":"standard","meta":{"_acf_changed":false,"footnotes":""},"categories":[6155,5005,6202,349,6805],"tags":[24153,195737,195788,6905,120108,31650,29166,120109],"class_list":["post-218113","post","type-post","status-publish","format-standard","has-post-thumbnail","hentry","category-gundem","category-manset","category-politika","category-son-dakika","category-turkiye","tag-daglica","tag-daglica-sehit-sayisi","tag-daglica-son-dakika","tag-genelkurmay-baskanligi","tag-genelkurmay-son-dakika","tag-sehit","tag-sehit-cenazeleri","tag-son-dakika-genelkurmay"],"acf":[],"_links":{"self":[{"href":"https:\/\/www.nationalturk.com\/tr\/wp-json\/wp\/v2\/posts\/218113","targetHints":{"allow":["GET"]}}],"collection":[{"href":"https:\/\/www.nationalturk.com\/tr\/wp-json\/wp\/v2\/posts"}],"about":[{"href":"https:\/\/www.nationalturk.com\/tr\/wp-json\/wp\/v2\/types\/post"}],"author":[{"embeddable":true,"href":"https:\/\/www.nationalturk.com\/tr\/wp-json\/wp\/v2\/users\/4"}],"replies":[{"embeddable":true,"href":"https:\/\/www.nationalturk.com\/tr\/wp-json\/wp\/v2\/comments?post=218113"}],"version-history":[{"count":0,"href":"https:\/\/www.nationalturk.com\/tr\/wp-json\/wp\/v2\/posts\/218113\/revisions"}],"wp:featuredmedia":[{"embeddable":true,"href":"https:\/\/www.nationalturk.com\/tr\/wp-json\/wp\/v2\/media\/218115"}],"wp:attachment":[{"href":"https:\/\/www.nationalturk.com\/tr\/wp-json\/wp\/v2\/media?parent=218113"}],"wp:term":[{"taxonomy":"category","embeddable":true,"href":"https:\/\/www.nationalturk.com\/tr\/wp-json\/wp\/v2\/categories?post=218113"},{"taxonomy":"post_tag","embeddable":true,"href":"https:\/\/www.nationalturk.com\/tr\/wp-json\/wp\/v2\/tags?post=218113"}],"curies":[{"name":"wp","href":"https:\/\/api.w.org\/{rel}","templated":true}]}}