{"id":218555,"date":"2015-09-19T12:18:57","date_gmt":"2015-09-19T09:18:57","guid":{"rendered":"http:\/\/www.nationalturk.com\/?p=218555"},"modified":"2015-09-19T12:18:57","modified_gmt":"2015-09-19T09:18:57","slug":"turizmde-kurban-bayrami-bereketi-218555","status":"publish","type":"post","link":"https:\/\/www.nationalturk.com\/tr\/turizmde-kurban-bayrami-bereketi-218555\/","title":{"rendered":"Turizmde Kurban Bayram\u0131 bereketi"},"content":{"rendered":"<h1><img loading=\"lazy\" decoding=\"async\" class=\"aligncenter size-large wp-image-218557\" src=\"http:\/\/www.nationalturk.com\/tr\/wp-content\/uploads\/2015\/09\/kurban-bayrami-turlari-610x353.jpg\" alt=\"Kurban Bayram\u0131 tatili\" width=\"610\" height=\"353\" title=\"\" srcset=\"https:\/\/www.nationalturk.com\/tr\/wp-content\/uploads\/2015\/09\/kurban-bayrami-turlari.jpg 610w, https:\/\/www.nationalturk.com\/tr\/wp-content\/uploads\/2015\/09\/kurban-bayrami-turlari-280x162.jpg 280w\" sizes=\"auto, (max-width: 610px) 100vw, 610px\" \/><a href=\"http:\/\/www.wts.com.tr\/kurban-yilbasi-bayrami-turlari.html\" target=\"_blank\" rel=\"noopener\">Kurban Bayram\u0131<\/a> tatilinin 9 g\u00fcne uzat\u0131lmas\u0131 \u00fczerine seyahat acentelerinin rezervasyonlar\u0131 artt\u0131, otellerin doluluk oranlar\u0131 y\u00fckseldi, yurt d\u0131\u015f\u0131 turlara ilgi yo\u011funla\u015ft\u0131.<\/h1>\n<p>T\u00fcrkiye Seyahat Acentalar\u0131 Birli\u011fi (T\u00dcRSAB) Ba\u015fkan\u0131 Ba\u015faran Ulusoy, AA muhabirine yapt\u0131\u011f\u0131 a\u00e7\u0131klamada, seyahat acentelerinin Kurban Bayram\u0131 tatilinde a\u011f\u0131rl\u0131kl\u0131 yurt i\u00e7i tur sat\u0131\u015f\u0131 ger\u00e7ekle\u015ftirdi\u011fini s\u00f6yledi.<\/p>\n<p>Bayram tatili rezervasyonlar\u0131ndaki art\u0131\u015fta, T\u00dcRSAB&#8217;\u0131n giri\u015fimleriyle 2015-2016 e\u011fitim-\u00f6\u011fretim y\u0131l\u0131 ba\u015flang\u0131\u00e7 tarihinin bayram sonras\u0131na \u00f6telenmesinin katk\u0131s\u0131n\u0131n oldu\u011funu an\u0131msatan Ulusoy, bayram d\u00f6neminin hafta i\u00e7ine denk gelmesi ve s\u00fcrenin uzun olmas\u0131n\u0131n t\u00fcketici taleplerini yo\u011funla\u015ft\u0131rd\u0131\u011f\u0131n\u0131 kaydetti.<\/p>\n<p>Ulusoy, &#8220;Yurt i\u00e7i rezervasyonlarda Antalya b\u00f6lgesi ba\u015fta olmak \u00fczere Kemer, Belek, Lara, Alanya, Side ve K\u0131br\u0131s&#8217;\u0131n yan\u0131 s\u0131ra Bodrum, Ku\u015fadas\u0131 ve Marmaris turlar\u0131 \u00f6ne \u00e7\u0131k\u0131yor. Yurt d\u0131\u015f\u0131nda ise tatilciler \u0130talya, \u0130spanya, Prag, Budape\u015fte, Viyana, Amsterdam, Paris ve Venedik turlar\u0131na ilgi g\u00f6steriyor&#8221; dedi.<\/p>\n<p>Kurban Bayram\u0131 rezervasyonlar\u0131nda 2014 y\u0131l\u0131n\u0131n bayram d\u00f6nemine g\u00f6re y\u00fczde 20 talep art\u0131\u015f\u0131n\u0131n ya\u015fand\u0131\u011f\u0131n\u0131 belirten Ulusoy, tatile \u00e7\u0131kacaklara rahat ve huzurlu bir bayram ge\u00e7irmeleri dile\u011finde bulundu.<\/p>\n<p>Seyahat acenteleri kanal\u0131yla tatile \u00e7\u0131kacaklar\u0131n paket tur sat\u0131n almalar\u0131 halinde ilgili acenteden mutlaka seyahat sigortas\u0131 poli\u00e7esini talep etmesi gerekti\u011fine i\u015faret eden Ulusoy, bunun yasal bir zorunluluk oldu\u011funu vurgulad\u0131.<\/p>\n<p>Ba\u015faran Ulusoy, tatilcilerin, yap\u0131lacak b\u00fct\u00fcn g\u00f6r\u00fc\u015fmelerde acentelerin belge numaras\u0131yla acente unvan\u0131n\u0131 sormalar\u0131, verilen numarayla acente unvan\u0131n\u0131n do\u011frulu\u011funu, K\u00fclt\u00fcr ve Turizm Bakanl\u0131\u011f\u0131 ya da T\u00dcRSAB&#8217;\u0131n internet sitesinden sorgulamalar\u0131 gerekti\u011fini dile getirdi.<\/p>\n<p>Tatilcilerden, tur ve transferlerde can g\u00fcvenli\u011fini tehlikeye at\u0131c\u0131 \u015fekilde y\u0131pranm\u0131\u015f ara\u00e7lar\u0131n kullan\u0131lmad\u0131\u011f\u0131na dikkat etmelerini isteyen Ulusoy, internetten tatil alanlar\u0131n T\u00dcRSAB logolar\u0131 ve acente numaralar\u0131n\u0131n yay\u0131nlanm\u0131\u015f olmas\u0131na dikkat etmeleri tavsiyesinde bulundu.<\/p>\n<!-- Error, Advert is not available at this time due to schedule\/geolocation restrictions! -->\n","protected":false},"excerpt":{"rendered":"<p>Kurban Bayram\u0131 tatilinin 9 g\u00fcne uzat\u0131lmas\u0131 \u00fczerine seyahat acentelerinin rezervasyonlar\u0131 artt\u0131, otellerin doluluk oranlar\u0131 y\u00fckseldi, yurt d\u0131\u015f\u0131 turlara ilgi yo\u011funla\u015ft\u0131.<\/p>\n","protected":false},"author":3,"featured_media":218560,"comment_status":"open","ping_status":"open","sticky":false,"template":"","format":"standard","meta":{"_acf_changed":false,"footnotes":""},"categories":[6671,339,6805,6662],"tags":[37759,144080,112880,169589],"class_list":["post-218555","post","type-post","status-publish","format-standard","has-post-thumbnail","hentry","category-seyahat","category-turizm","category-turkiye","category-yasam","tag-kurban-bayrami","tag-kurban-bayrami-tatili","tag-kurban-bayrami-tatili-kac-gun","tag-kurban-bayrami-turlari"],"acf":[],"_links":{"self":[{"href":"https:\/\/www.nationalturk.com\/tr\/wp-json\/wp\/v2\/posts\/218555","targetHints":{"allow":["GET"]}}],"collection":[{"href":"https:\/\/www.nationalturk.com\/tr\/wp-json\/wp\/v2\/posts"}],"about":[{"href":"https:\/\/www.nationalturk.com\/tr\/wp-json\/wp\/v2\/types\/post"}],"author":[{"embeddable":true,"href":"https:\/\/www.nationalturk.com\/tr\/wp-json\/wp\/v2\/users\/3"}],"replies":[{"embeddable":true,"href":"https:\/\/www.nationalturk.com\/tr\/wp-json\/wp\/v2\/comments?post=218555"}],"version-history":[{"count":0,"href":"https:\/\/www.nationalturk.com\/tr\/wp-json\/wp\/v2\/posts\/218555\/revisions"}],"wp:featuredmedia":[{"embeddable":true,"href":"https:\/\/www.nationalturk.com\/tr\/wp-json\/wp\/v2\/media\/218560"}],"wp:attachment":[{"href":"https:\/\/www.nationalturk.com\/tr\/wp-json\/wp\/v2\/media?parent=218555"}],"wp:term":[{"taxonomy":"category","embeddable":true,"href":"https:\/\/www.nationalturk.com\/tr\/wp-json\/wp\/v2\/categories?post=218555"},{"taxonomy":"post_tag","embeddable":true,"href":"https:\/\/www.nationalturk.com\/tr\/wp-json\/wp\/v2\/tags?post=218555"}],"curies":[{"name":"wp","href":"https:\/\/api.w.org\/{rel}","templated":true}]}}