{"id":218645,"date":"2015-09-21T17:33:47","date_gmt":"2015-09-21T14:33:47","guid":{"rendered":"http:\/\/www.nationalturk.com\/?p=218645"},"modified":"2015-09-21T17:33:47","modified_gmt":"2015-09-21T14:33:47","slug":"kizlarla-dolu-bir-bara-gitmek-gibi-218645","status":"publish","type":"post","link":"https:\/\/www.nationalturk.com\/tr\/kizlarla-dolu-bir-bara-gitmek-gibi-218645\/","title":{"rendered":"&#8220;K\u0131zlarla dolu bir bara gitmek gibi&#8221;"},"content":{"rendered":"<p><img loading=\"lazy\" decoding=\"async\" class=\"alignnone size-large wp-image-218646\" src=\"http:\/\/www.nationalturk.com\/tr\/wp-content\/uploads\/2015\/09\/bilic_pellegrini-610x343.jpg\" alt=\"Bilic\" width=\"610\" height=\"343\" title=\"\" srcset=\"https:\/\/www.nationalturk.com\/tr\/wp-content\/uploads\/2015\/09\/bilic_pellegrini-610x343.jpg 610w, https:\/\/www.nationalturk.com\/tr\/wp-content\/uploads\/2015\/09\/bilic_pellegrini-280x158.jpg 280w, https:\/\/www.nationalturk.com\/tr\/wp-content\/uploads\/2015\/09\/bilic_pellegrini.jpg 768w\" sizes=\"auto, (max-width: 610px) 100vw, 610px\" \/><\/p>\n<h1>\u0130ngiltere Premier Lig ekiplerinden West Ham United&#8217;\u0131n teknik direkt\u00f6r\u00fc Slaven Bilic, deplasmanda ald\u0131klar\u0131 Manchester City galibiyeti sonras\u0131 duygular\u0131n\u0131 a\u00e7\u0131klamak i\u00e7in ilgin\u00e7 bir benzetmeye ba\u015fvurdu.<\/h1>\n<p>Ligin ilk be\u015f haftas\u0131nda bile\u011fi b\u00fck\u00fclmeyen Manchester City&#8217;e ilk ma\u011flubiyetini tatt\u0131ran Londra ekibinin H\u0131rvat menajeri, ma\u00e7la ilgili \u0130ngiliz bas\u0131n\u0131na yapt\u0131\u011f\u0131 a\u00e7\u0131klamada, &#8220;K\u0131zlarla dolu bir bara gitmek gibi. Tabii ki ho\u015funuza gider. Kazanmak ho\u015fumuza gidiyor. Bu muhte\u015fem&#8221; ifadelerini kulland\u0131.<\/p>\n<p>Ge\u00e7en sezon sonunda Be\u015fikta\u015f&#8217;tan ayr\u0131larak West Ham United ile anla\u015fan Bilic, &#8220;Manchester City&#8217;e 2, Emirates Stad\u0131&#8217;nda Arsenal&#8217;e 2 ve Anfield Road&#8217;da Liverpool&#8217;a 3 gol atmak i\u00e7in \u00e7al\u0131\u015fmak zorundas\u0131n\u0131z. Ma\u00e7\u0131n sonuna kadar ko\u015fmazsan\u0131z \u015fans\u0131n\u0131z yok. \u0130ki yar\u0131da da m\u00fccadele ederek, biz bunu hak ettik&#8221; de\u011ferlendirmesinde bulundu.<\/p>\n<!-- Error, Advert is not available at this time due to schedule\/geolocation restrictions! -->\n","protected":false},"excerpt":{"rendered":"<p>\u0130ngiltere Premier Lig ekiplerinden West Ham United&#8217;\u0131n teknik direkt\u00f6r\u00fc Slaven Bilic, deplasmanda ald\u0131klar\u0131 Manchester City galibiyeti sonras\u0131 duygular\u0131n\u0131 a\u00e7\u0131klamak i\u00e7in ilgin\u00e7 bir benzetmeye ba\u015fvurdu.<\/p>\n","protected":false},"author":4,"featured_media":218647,"comment_status":"open","ping_status":"open","sticky":false,"template":"","format":"standard","meta":{"_acf_changed":false,"footnotes":""},"categories":[6774,5005,6194],"tags":[133101,6331,133103,191486,10811],"class_list":["post-218645","post","type-post","status-publish","format-standard","has-post-thumbnail","hentry","category-futbol","category-manset","category-spor","tag-bilic","tag-liverpool","tag-slaven-bilic","tag-west-ham","tag-west-ham-united"],"acf":[],"_links":{"self":[{"href":"https:\/\/www.nationalturk.com\/tr\/wp-json\/wp\/v2\/posts\/218645","targetHints":{"allow":["GET"]}}],"collection":[{"href":"https:\/\/www.nationalturk.com\/tr\/wp-json\/wp\/v2\/posts"}],"about":[{"href":"https:\/\/www.nationalturk.com\/tr\/wp-json\/wp\/v2\/types\/post"}],"author":[{"embeddable":true,"href":"https:\/\/www.nationalturk.com\/tr\/wp-json\/wp\/v2\/users\/4"}],"replies":[{"embeddable":true,"href":"https:\/\/www.nationalturk.com\/tr\/wp-json\/wp\/v2\/comments?post=218645"}],"version-history":[{"count":0,"href":"https:\/\/www.nationalturk.com\/tr\/wp-json\/wp\/v2\/posts\/218645\/revisions"}],"wp:featuredmedia":[{"embeddable":true,"href":"https:\/\/www.nationalturk.com\/tr\/wp-json\/wp\/v2\/media\/218647"}],"wp:attachment":[{"href":"https:\/\/www.nationalturk.com\/tr\/wp-json\/wp\/v2\/media?parent=218645"}],"wp:term":[{"taxonomy":"category","embeddable":true,"href":"https:\/\/www.nationalturk.com\/tr\/wp-json\/wp\/v2\/categories?post=218645"},{"taxonomy":"post_tag","embeddable":true,"href":"https:\/\/www.nationalturk.com\/tr\/wp-json\/wp\/v2\/tags?post=218645"}],"curies":[{"name":"wp","href":"https:\/\/api.w.org\/{rel}","templated":true}]}}