{"id":218922,"date":"2015-09-29T10:24:16","date_gmt":"2015-09-29T07:24:16","guid":{"rendered":"http:\/\/www.nationalturk.com\/?p=218922"},"modified":"2022-09-10T02:08:23","modified_gmt":"2022-09-09T23:08:23","slug":"kuba-lideri-raul-castro-bm-genel-kurulu-218922","status":"publish","type":"post","link":"https:\/\/www.nationalturk.com\/tr\/kuba-lideri-raul-castro-bm-genel-kurulu-218922\/","title":{"rendered":"K\u00fcba lideri Raul Castro BM Genel Kurulu&#8217;nda konu\u015ftu"},"content":{"rendered":"<h1><img loading=\"lazy\" decoding=\"async\" class=\"aligncenter size-large wp-image-218926\" src=\"http:\/\/www.nationalturk.com\/tr\/wp-content\/uploads\/2015\/09\/raul-castro-bm-konusma-610x343.jpg\" alt=\"raul castro\" width=\"610\" height=\"343\" title=\"\" srcset=\"https:\/\/www.nationalturk.com\/tr\/wp-content\/uploads\/2015\/09\/raul-castro-bm-konusma.jpg 610w, https:\/\/www.nationalturk.com\/tr\/wp-content\/uploads\/2015\/09\/raul-castro-bm-konusma-280x157.jpg 280w\" sizes=\"auto, (max-width: 610px) 100vw, 610px\" \/><a href=\"http:\/\/www.wts.com.tr\/hot_Kuba.htm\" target=\"_blank\" rel=\"noopener\">K\u00fcba<\/a> Devlet Ba\u015fkan\u0131 Raul Castro, 56 y\u0131l sonra geldi\u011fi ABD&#8217;de BM Genel Kurulu&#8217;nda 15 dakikal\u0131k bir konu\u015fma yapt\u0131.<\/h1>\n<p>K\u00fcba Devlet Ba\u015fkanl\u0131\u011f\u0131 g\u00f6revini 2008 y\u0131l\u0131nda karde\u015fi Fidel Castro&#8217;nun rahats\u0131zl\u0131\u011f\u0131 nedeniyle devralan Raul Castro, karde\u015fiyle 1959 y\u0131l\u0131nda Teksas&#8217;a yapt\u0131\u011f\u0131 ziyaretten 56 y\u0131l sonra geldi\u011fi ABD&#8217;de, BM Genel Kurulu&#8217;na hitap etti.<\/p>\n<p>Konu\u015fmas\u0131nda, d\u00fcnyada 795 milyon insan\u0131n a\u00e7l\u0131\u011fa do\u011fru gitti\u011fini, 781 milyon yeti\u015fkinin ise okuma yazma bilmedi\u011fini belirten Castro, ekonomik ve sosyal geli\u015fme ile toplumsal ilerleme ve daha iyi ya\u015fam standartlar\u0131n\u0131 te\u015fvik edilmesinin \u00f6nemine de\u011findi.\u00a0Castro, &#8220;D\u00fcnyada y\u0131ll\u0131k 1 trilyon 700 milyar dolar askeri harcama yap\u0131l\u0131rken, her g\u00fcn 17 bin \u00e7ocuk tedavi edilebilir hastal\u0131klardan hayat\u0131n\u0131 kaybediyor&#8221; ifadesini kulland\u0131.<\/p>\n<p>ABD ve di\u011fer zengin \u00fclkelerin k\u00fcresel iklim de\u011fi\u015fimine b\u00fcy\u00fck etkileri oldu\u011funu anlatan Castro, bu \u00fclkelerin, ulusal kaynaklar\u0131 ve insan kaynaklar\u0131n\u0131 ak\u0131l d\u0131\u015f\u0131 ve s\u00fcrd\u00fcr\u00fclemez \u015fekilde t\u00fcketirken, iklim de\u011fi\u015fiminin de insanl\u0131\u011f\u0131n varl\u0131\u011f\u0131n\u0131 tehdit etti\u011fini kaydetti.<\/p>\n<!-- Error, Advert is not available at this time due to schedule\/geolocation restrictions! -->\n<p>Castro, BM Genel Kurulu&#8217;na hitab\u0131nda, ba\u011f\u0131ms\u0131z devletlerin i\u00e7i\u015flerine m\u00fcdahale konusunda BM S\u00f6zle\u015fmesi&#8217;nin umursanmamas\u0131n\u0131 k\u0131narken, Porto Riko halk\u0131n\u0131n y\u00fcz y\u0131ll\u0131k s\u00f6m\u00fcrge egemenli\u011finden sonra \u00f6zg\u00fcr ve ba\u011f\u0131ms\u0131z olmay\u0131 hak etti\u011fini vurgulad\u0131.\u00a0Konu\u015fmas\u0131nda, ABD&#8217;ye, K\u00fcba&#8217;ya uygulad\u0131\u011f\u0131 ekonomik, ticari ve mali ambargonun sona erdirilmesi \u00e7a\u011fr\u0131s\u0131nda bulunan Castro, bunun, iki \u00fclke ili\u015fkilerinin normalle\u015ftirilmesini tamamlamak i\u00e7in gerekli oldu\u011funun alt\u0131n\u0131 \u00e7izdi.<\/p>\n<p><img loading=\"lazy\" decoding=\"async\" class=\"aligncenter  wp-image-218931\" src=\"http:\/\/www.nationalturk.com\/tr\/wp-content\/uploads\/2015\/09\/fidel-castro-610x342.jpg\" alt=\"fidel castro\" width=\"610\" height=\"342\" title=\"\" srcset=\"https:\/\/www.nationalturk.com\/tr\/wp-content\/uploads\/2015\/09\/fidel-castro-610x342.jpg 610w, https:\/\/www.nationalturk.com\/tr\/wp-content\/uploads\/2015\/09\/fidel-castro-280x157.jpg 280w, https:\/\/www.nationalturk.com\/tr\/wp-content\/uploads\/2015\/09\/fidel-castro.jpg 960w\" sizes=\"auto, (max-width: 610px) 100vw, 610px\" \/><\/p>\n<h2>Fidel Rekor K\u0131rm\u0131\u015ft\u0131<\/h2>\n<p>Castro&#8217;nun, Latin ve Karayip \u00fclkeleriyle dayan\u0131\u015fma mesaj\u0131 verdi\u011fi konu\u015fmas\u0131 15 dakika s\u00fcrd\u00fc. Fildel Castro, 1960 y\u0131l\u0131nda yapt\u0131\u011f\u0131 4 bu\u00e7uk saatlik konu\u015fmayla, BM Genel Kurulu&#8217;na en uzun hitap rekoruna imza atm\u0131\u015ft\u0131.<\/p>\n<h3>Che\u00a0&#8220;Ya \u00f6zg\u00fcr vatan, ya \u00f6l\u00fcm&#8221; demi\u015fti<\/h3>\n<p>K\u00fcba devriminin mimar\u0131 Che Guevara da 1964 y\u0131l\u0131nda BM Genel Kurulu&#8217;nda bir konu\u015fma yapm\u0131\u015f ve &#8220;S\u00f6m\u00fcrgecili\u011fin sonu geldi&#8221;, &#8220;Ya \u00f6zg\u00fcr vatan, ya \u00f6l\u00fcm&#8221; ifadelerini kullanm\u0131\u015ft\u0131.<\/p>\n<!-- Error, Advert is not available at this time due to schedule\/geolocation restrictions! -->\n","protected":false},"excerpt":{"rendered":"<p>K\u00fcba Devlet Ba\u015fkan\u0131 Raul Castro, 56 y\u0131l sonra geldi\u011fi ABD&#8217;de BM Genel Kurulu&#8217;nda 15 dakikal\u0131k bir konu\u015fma yapt\u0131.<\/p>\n","protected":false},"author":3,"featured_media":218934,"comment_status":"open","ping_status":"open","sticky":false,"template":"","format":"standard","meta":{"_acf_changed":false,"footnotes":""},"categories":[6768,6665,6155,6771,5005,6202],"tags":[96226,48319,931,83165,7218,14,7703,105819,16957],"class_list":["post-218922","post","type-post","status-publish","format-standard","has-post-thumbnail","hentry","category-amerika","category-dunya","category-gundem","category-latin-amerika","category-manset","category-politika","tag-bm-genel-kurulu","tag-che-guevara","tag-fidel-castro","tag-fidel-castro-abd","tag-fidel-castro-kuba","tag-kuba","tag-kuba-abd","tag-kuba-devlet-baskani","tag-raul-castro"],"acf":[],"_links":{"self":[{"href":"https:\/\/www.nationalturk.com\/tr\/wp-json\/wp\/v2\/posts\/218922","targetHints":{"allow":["GET"]}}],"collection":[{"href":"https:\/\/www.nationalturk.com\/tr\/wp-json\/wp\/v2\/posts"}],"about":[{"href":"https:\/\/www.nationalturk.com\/tr\/wp-json\/wp\/v2\/types\/post"}],"author":[{"embeddable":true,"href":"https:\/\/www.nationalturk.com\/tr\/wp-json\/wp\/v2\/users\/3"}],"replies":[{"embeddable":true,"href":"https:\/\/www.nationalturk.com\/tr\/wp-json\/wp\/v2\/comments?post=218922"}],"version-history":[{"count":0,"href":"https:\/\/www.nationalturk.com\/tr\/wp-json\/wp\/v2\/posts\/218922\/revisions"}],"wp:featuredmedia":[{"embeddable":true,"href":"https:\/\/www.nationalturk.com\/tr\/wp-json\/wp\/v2\/media\/218934"}],"wp:attachment":[{"href":"https:\/\/www.nationalturk.com\/tr\/wp-json\/wp\/v2\/media?parent=218922"}],"wp:term":[{"taxonomy":"category","embeddable":true,"href":"https:\/\/www.nationalturk.com\/tr\/wp-json\/wp\/v2\/categories?post=218922"},{"taxonomy":"post_tag","embeddable":true,"href":"https:\/\/www.nationalturk.com\/tr\/wp-json\/wp\/v2\/tags?post=218922"}],"curies":[{"name":"wp","href":"https:\/\/api.w.org\/{rel}","templated":true}]}}