{"id":218935,"date":"2015-09-29T10:54:56","date_gmt":"2015-09-29T07:54:56","guid":{"rendered":"http:\/\/www.nationalturk.com\/?p=218935"},"modified":"2015-09-29T10:54:56","modified_gmt":"2015-09-29T07:54:56","slug":"arjantin-devlet-baskani-finansorler-siyaseti-yonetmeye-devam-edemez-218935","status":"publish","type":"post","link":"https:\/\/www.nationalturk.com\/tr\/arjantin-devlet-baskani-finansorler-siyaseti-yonetmeye-devam-edemez-218935\/","title":{"rendered":"Arjantin Devlet Ba\u015fkan\u0131: Finans\u00f6rler, siyaseti y\u00f6netmeye devam edemez"},"content":{"rendered":"<p><img loading=\"lazy\" decoding=\"async\" class=\"alignnone size-full wp-image-218936\" src=\"http:\/\/www.nationalturk.com\/tr\/wp-content\/uploads\/2015\/09\/cristina-kirchner.jpg\" alt=\"Kirchner\" width=\"610\" height=\"400\" title=\"\"><\/p>\n<h1>Arjantin Devlet Ba\u015fkan\u0131 Cristina Fernandez de Kirchner, geli\u015fmekte olan bir\u00e7ok \u00fclkedeki bor\u00e7 krizine i\u015faret ederek &#8220;Finans\u00f6rler, siyaseti y\u00f6netmeye devam edemez&#8221; dedi.<\/h1>\n<p>Arjantin&#8217;in resmi haber ajans\u0131 Telam&#8217;daki habere g\u00f6re, BM Genel Kurulu Genel G\u00f6r\u00fc\u015fmeleri\u2019nde konu\u015fan Kirchner, Arjantin\u2019in giri\u015fimi neticesinde \u00fclkelerin bor\u00e7lar\u0131n\u0131n yeniden yap\u0131land\u0131r\u0131lmas\u0131na dair dokuz prensibin, BM \u00fcyesi 136 \u00fclkenin deste\u011fiyle 10 Eyl\u00fcl\u2019de kabul edilmesi dolay\u0131s\u0131yla te\u015fekk\u00fcr etti.<\/p>\n<p>&#8220;Finans\u00f6rler, siyaseti y\u00f6netmeye devam edemez&#8221; diyen Kirchner, bu prensiplerin finans sekt\u00f6r\u00fcn\u00fcn d\u00fczenlenmesi i\u00e7in kabul edilebilir ilk giri\u015fim oldu\u011funu vurgulayarak &#8220;akbaba fonlar\u0131&#8221; olarak nitelendirdi\u011fi, anla\u015fmaya yana\u015fmayan alacakl\u0131 tahvil sahiplerinin Arjantin\u2019i taciz etti\u011fini hat\u0131rlatt\u0131.<\/p>\n<p>Kirchner, n\u00fcfusun y\u00fczde 1\u2019inin k\u00fcresel refah\u0131n y\u00fczde 50\u2019sine sahip oldu\u011funa dikkati \u00e7ekerek genel kurula d\u00fcnyan\u0131n bu e\u015fitsizlikle ne kadar s\u00fcre devam edebilece\u011fi sorusunu y\u00f6neltti.<\/p>\n<p>Arjantin Devlet Ba\u015fkan\u0131 Kirchner, para ve sermaye piyasalar\u0131n\u0131n \u00fclkeler aras\u0131ndaki e\u015fitsizli\u011fin dengelenmesi i\u00e7in istihdam ve \u00fcretim olu\u015fturmak \u00fczere kaynaklar\u0131n\u0131 reel ekonomiye katmas\u0131 gerekti\u011fini s\u00f6yledi.<\/p>\n<p>&#8211; &#8220;Diplomatik meselelerde iki y\u00fczl\u00fcl\u00fc\u011fe ve \u00e7ifte standarda devam edilemez&#8221;<\/p>\n<p>Kirchner, 1994\u2019te Arjantin Yahudi Derne\u011fi\u2019ne (AMIA) d\u00fczenlenen bombal\u0131 sald\u0131r\u0131n\u0131n ortak bir \u00e7al\u0131\u015fmayla ayd\u0131nlat\u0131lmas\u0131 i\u00e7in \u0130ran\u2019la 2013 y\u0131l\u0131nda yap\u0131lan anla\u015fmay\u0131 savundu. \u0130ran ile su\u00e7 ortakl\u0131\u011f\u0131 yapt\u0131klar\u0131 konusundaki iddialar\u0131 reddeden Kirchner\u2019in, \u201c\u00d6yleyse Obama da m\u0131?\u201d sorusu genel kuruldaki liderlerin \u00e7o\u011funun alk\u0131\u015f\u0131n\u0131 ald\u0131.<\/p>\n<p>\u0130ran ile imzalanan n\u00fckleer silahlar\u0131n yayg\u0131nla\u015fmas\u0131n\u0131n \u00f6nlenmesi anla\u015fmas\u0131na at\u0131f yapan Kirchner, \u201cDiplomatik meselelerde iki y\u00fczl\u00fcl\u00fck ve \u00e7ifte standarda devam edilemez\u201d ifadesini kulland\u0131.<\/p>\n<p>AMIA sald\u0131r\u0131s\u0131n\u0131 karma\u015f\u0131k bir satran\u00e7 tahtas\u0131 olarak nitelendiren Kirchner, bunun d\u0131\u015f g\u00fc\u00e7lerin \u00e7\u0131karlar\u0131n\u0131 yans\u0131tan bir \u00f6r\u00fcmcek a\u011f\u0131na benzedi\u011fini ve bu g\u00fc\u00e7lerin \u00e7ok say\u0131da ki\u015fiyi bu a\u011fa d\u00fc\u015f\u00fcrmeye al\u0131\u015f\u0131k oldu\u011funu s\u00f6yledi.<\/p>\n<p>Kirchner, kendisini, \u0130ran&#8217;\u0131n AMIA sald\u0131r\u0131s\u0131ndaki rol\u00fcn\u00fc \u00f6rtbas etmeyi istemekle su\u00e7layan Savc\u0131 Alberto Nisman\u2019\u0131n \u00f6l\u00fcm\u00fcyle ilgili s\u00fcren soru\u015fturmada, gizli servisler ve &#8220;akbaba fonlar\u0131n\u0131n&#8221; \u015foke edici bilgi ve ba\u011flant\u0131lar\u0131n\u0131n ortaya \u00e7\u0131kmaya ba\u015flad\u0131\u011f\u0131n\u0131 belirtti.<\/p>\n<p>Cristina Fernandez de Kirchner, AMIA sald\u0131r\u0131s\u0131yla ilgili ifadeye \u00e7a\u011fr\u0131lmas\u0131 sonras\u0131nda \u00fclkeden ka\u00e7an eski Arjantin \u0130stihbarat Te\u015fkilat\u0131 Harekatlar Genel Direkt\u00f6r\u00fc Antonio Stiuso konusunda ABD ile i\u015fbirli\u011fi yapmak istediklerini de ifade etti.<\/p>\n<p>&#8211; &#8220;A\u015f\u0131r\u0131 gruplar\u0131 kim finanse ediyor?&#8221;<\/p>\n<p>Kirchner konu\u015fmas\u0131nda, Ortado\u011fu\u2019daki a\u015f\u0131r\u0131 gruplar\u0131n endi\u015fe verici \u015fiddet eylemlerine de de\u011findi. Kendisini dinleyen liderlerden bu gruplar\u0131n nas\u0131l finanse edildi\u011fi konusunu dikkatle irdelemelerini isteyen Kirchner, kuruldakilere \u201cBir sorum var: Bu a\u015f\u0131r\u0131 gruplar\u0131 kim finanse ediyor?&#8221; diye seslendi.<\/p>\n<p>Kirchner, BM Genel Kurulu Genel G\u00f6r\u00fc\u015fmeleri\u2019ndeki 35 dakikal\u0131k son konu\u015fmas\u0131n\u0131, Latin Amerika\u2019n\u0131n e\u015fitsizliklerin b\u00f6lgesinden i\u00e7erme ve b\u00fct\u00fcnle\u015fmenin b\u00f6lgesine d\u00f6n\u00fc\u015ft\u00fc\u011f\u00fc vurgusuyla sona erdirdi.<\/p>\n<!-- Error, Advert is not available at this time due to schedule\/geolocation restrictions! -->\n","protected":false},"excerpt":{"rendered":"<p>Arjantin Devlet Ba\u015fkan\u0131 Cristina Fernandez de Kirchner, geli\u015fmekte olan bir\u00e7ok \u00fclkedeki bor\u00e7 krizine i\u015faret ederek &#8220;Finans\u00f6rler, siyaseti y\u00f6netmeye devam edemez&#8221; dedi.<\/p>\n","protected":false},"author":4,"featured_media":218936,"comment_status":"open","ping_status":"open","sticky":false,"template":"","format":"standard","meta":{"_acf_changed":false,"footnotes":""},"categories":[6768,6665,6199,6155,6771,5005,6202,349],"tags":[7089,87557,28609,96226,141317],"class_list":["post-218935","post","type-post","status-publish","format-standard","has-post-thumbnail","hentry","category-amerika","category-dunya","category-ekonomi","category-gundem","category-latin-amerika","category-manset","category-politika","category-son-dakika","tag-arjantin","tag-arjantin-devlet-baskani","tag-bm","tag-bm-genel-kurulu","tag-cristina-fernandez-de-kirchner"],"acf":[],"_links":{"self":[{"href":"https:\/\/www.nationalturk.com\/tr\/wp-json\/wp\/v2\/posts\/218935","targetHints":{"allow":["GET"]}}],"collection":[{"href":"https:\/\/www.nationalturk.com\/tr\/wp-json\/wp\/v2\/posts"}],"about":[{"href":"https:\/\/www.nationalturk.com\/tr\/wp-json\/wp\/v2\/types\/post"}],"author":[{"embeddable":true,"href":"https:\/\/www.nationalturk.com\/tr\/wp-json\/wp\/v2\/users\/4"}],"replies":[{"embeddable":true,"href":"https:\/\/www.nationalturk.com\/tr\/wp-json\/wp\/v2\/comments?post=218935"}],"version-history":[{"count":0,"href":"https:\/\/www.nationalturk.com\/tr\/wp-json\/wp\/v2\/posts\/218935\/revisions"}],"wp:featuredmedia":[{"embeddable":true,"href":"https:\/\/www.nationalturk.com\/tr\/wp-json\/wp\/v2\/media\/218936"}],"wp:attachment":[{"href":"https:\/\/www.nationalturk.com\/tr\/wp-json\/wp\/v2\/media?parent=218935"}],"wp:term":[{"taxonomy":"category","embeddable":true,"href":"https:\/\/www.nationalturk.com\/tr\/wp-json\/wp\/v2\/categories?post=218935"},{"taxonomy":"post_tag","embeddable":true,"href":"https:\/\/www.nationalturk.com\/tr\/wp-json\/wp\/v2\/tags?post=218935"}],"curies":[{"name":"wp","href":"https:\/\/api.w.org\/{rel}","templated":true}]}}