{"id":219026,"date":"2015-09-30T16:26:42","date_gmt":"2015-09-30T13:26:42","guid":{"rendered":"http:\/\/www.nationalturk.com\/?p=219026"},"modified":"2015-09-30T16:44:23","modified_gmt":"2015-09-30T13:44:23","slug":"son-dakika-rusya-isidi-bombaladigini-resmen-acikladi-219026","status":"publish","type":"post","link":"https:\/\/www.nationalturk.com\/tr\/son-dakika-rusya-isidi-bombaladigini-resmen-acikladi-219026\/","title":{"rendered":"Son Dakika! Rusya I\u015e\u0130D&#8217;i bombalad\u0131\u011f\u0131n\u0131 resmen a\u00e7\u0131klad\u0131"},"content":{"rendered":"<p><img loading=\"lazy\" decoding=\"async\" class=\"alignleft size-medium wp-image-219027\" src=\"http:\/\/www.nationalturk.com\/tr\/wp-content\/uploads\/2015\/09\/flash-haber17-245x220.jpg\" alt=\"\" width=\"245\" height=\"220\" title=\"\" srcset=\"https:\/\/www.nationalturk.com\/tr\/wp-content\/uploads\/2015\/09\/flash-haber17-245x220.jpg 245w, https:\/\/www.nationalturk.com\/tr\/wp-content\/uploads\/2015\/09\/flash-haber17-401x360.jpg 401w, https:\/\/www.nationalturk.com\/tr\/wp-content\/uploads\/2015\/09\/flash-haber17.jpg 900w\" sizes=\"auto, (max-width: 245px) 100vw, 245px\" \/><\/p>\n<h1>Rusya Savunma Bakanl\u0131\u011f\u0131, Rus sava\u015f u\u00e7aklar\u0131n\u0131n Suriye&#8217;de ter\u00f6r \u00f6rg\u00fct\u00fc I\u015e\u0130D\u00a0hadeflerini bombalad\u0131\u011f\u0131n\u0131 a\u00e7\u0131klad\u0131. \/ Son Dakika&#8230;<\/h1>\n<p>Rusya, Suriye&#8217;de ter\u00f6r \u00f6rg\u00fct\u00fc I\u015e\u0130D\u00a0hedeflerini vurdu\u011funu a\u00e7\u0131klad\u0131.<\/p>\n<p>Rusya Savunma Bakanl\u0131\u011f\u0131 S\u00f6zc\u00fcs\u00fc \u0130gor Kona\u015fenkov, gazetecilere yapt\u0131\u011f\u0131 a\u00e7\u0131klamada, Rusya Devlet Ba\u015fkan\u0131 ve Ba\u015fkumandan Vladimir Putin&#8217;in karar\u0131 do\u011frultusunda, Rus Hava Kuvetleri&#8217;ne ait u\u00e7aklar\u0131n, Suriye topraklar\u0131ndaki I\u015e\u0130D&#8217;e ait hedeflere y\u00f6nelik hava operasyonlar\u0131na ba\u015flad\u0131\u011f\u0131n\u0131 bildirdi.<\/p>\n<p>Hava operasyonunda, I\u015e\u0130D&#8217;e ait cephanelik, silah deposu, ara\u00e7 ve ileti\u015fim merkezlerinin hedef al\u0131nd\u0131\u011f\u0131n\u0131 vurgulayan Kona\u015fevkov, Savunma Bakan\u0131 Sergey \u015eoygu&#8217;nun Kollektif G\u00fcvenlik Anla\u015fmas\u0131 \u00d6rg\u00fct\u00fc Savunma Bakanlar\u0131&#8217;na da operasyonla ilgili bilgi verdi\u011fini belirtti.<\/p>\n<p>Rusya Parlamentosu&#8217;nun \u00fcst kanad\u0131 Federasyon Konseyi, Devlet Ba\u015fkan\u0131 Putin&#8217;in, Rus askerlerinin yurt d\u0131\u015f\u0131nda kullan\u0131lmas\u0131na ili\u015fkin teklifine izin vermi\u015fti.<\/p>\n<p>Kremlin \u0130daresi Ba\u015fkan\u0131 Sergey \u0130vanov, Rusya ve Suriye&#8217;nin, Suriye Cumhurba\u015fkan\u0131 Be\u015f\u015far Esed&#8217;in talebi \u00fczerine, ter\u00f6r \u00f6rg\u00fct\u00fc I\u015e\u0130D&#8217;e kar\u015f\u0131 hava operasyonlar\u0131 d\u00fczenleyece\u011fini bildirmi\u015fti.<\/p>\n<!-- Error, Advert is not available at this time due to schedule\/geolocation restrictions! -->\n","protected":false},"excerpt":{"rendered":"<p>Rusya Savunma Bakanl\u0131\u011f\u0131, Rus sava\u015f u\u00e7aklar\u0131n\u0131n Suriye&#8217;de ter\u00f6r \u00f6rg\u00fct\u00fc I\u015e\u0130D hadeflerini bombalad\u0131\u011f\u0131n\u0131 a\u00e7\u0131klad\u0131. \/ Son Dakika&#8230;<\/p>\n","protected":false},"author":4,"featured_media":219028,"comment_status":"open","ping_status":"open","sticky":false,"template":"","format":"standard","meta":{"_acf_changed":false,"footnotes":""},"categories":[6770,6665,6155,5005,6772,6202,349],"tags":[151890,196659,195724,721,193011,119461,105379,196658,806,1530],"class_list":["post-219026","post","type-post","status-publish","format-standard","has-post-thumbnail","hentry","category-avrupa","category-dunya","category-gundem","category-manset","category-ortadogu","category-politika","category-son-dakika","tag-isid","tag-isid-rusya","tag-putin-isid","tag-rusya","tag-rusya-isid","tag-rusya-son-dakika","tag-rusya-suriye","tag-son-dakika-rusya","tag-suriye","tag-vladimir-putin"],"acf":[],"_links":{"self":[{"href":"https:\/\/www.nationalturk.com\/tr\/wp-json\/wp\/v2\/posts\/219026","targetHints":{"allow":["GET"]}}],"collection":[{"href":"https:\/\/www.nationalturk.com\/tr\/wp-json\/wp\/v2\/posts"}],"about":[{"href":"https:\/\/www.nationalturk.com\/tr\/wp-json\/wp\/v2\/types\/post"}],"author":[{"embeddable":true,"href":"https:\/\/www.nationalturk.com\/tr\/wp-json\/wp\/v2\/users\/4"}],"replies":[{"embeddable":true,"href":"https:\/\/www.nationalturk.com\/tr\/wp-json\/wp\/v2\/comments?post=219026"}],"version-history":[{"count":0,"href":"https:\/\/www.nationalturk.com\/tr\/wp-json\/wp\/v2\/posts\/219026\/revisions"}],"wp:featuredmedia":[{"embeddable":true,"href":"https:\/\/www.nationalturk.com\/tr\/wp-json\/wp\/v2\/media\/219028"}],"wp:attachment":[{"href":"https:\/\/www.nationalturk.com\/tr\/wp-json\/wp\/v2\/media?parent=219026"}],"wp:term":[{"taxonomy":"category","embeddable":true,"href":"https:\/\/www.nationalturk.com\/tr\/wp-json\/wp\/v2\/categories?post=219026"},{"taxonomy":"post_tag","embeddable":true,"href":"https:\/\/www.nationalturk.com\/tr\/wp-json\/wp\/v2\/tags?post=219026"}],"curies":[{"name":"wp","href":"https:\/\/api.w.org\/{rel}","templated":true}]}}