{"id":219111,"date":"2015-10-02T09:59:03","date_gmt":"2015-10-02T06:59:03","guid":{"rendered":"http:\/\/www.nationalturk.com\/?p=219111"},"modified":"2015-10-02T10:07:12","modified_gmt":"2015-10-02T07:07:12","slug":"irandan-abdye-terorist-destek-konusunda-sert-uyari-219111","status":"publish","type":"post","link":"https:\/\/www.nationalturk.com\/tr\/irandan-abdye-terorist-destek-konusunda-sert-uyari-219111\/","title":{"rendered":"\u0130ran&#8217;dan ABD&#8217;ye ter\u00f6rist destek konusunda sert uyar\u0131!"},"content":{"rendered":"<h3><a href=\"http:\/\/www.nationalturk.com\/tr\/wp-content\/uploads\/2015\/10\/iran-abdyi-amerikay\u0131-ter\u00f6ristlere-karsi-uyardi-muhammed-ali-caferi.jpg\"><img loading=\"lazy\" decoding=\"async\" class=\"alignnone size-full wp-image-219112\" src=\"http:\/\/www.nationalturk.com\/tr\/wp-content\/uploads\/2015\/10\/iran-abdyi-amerikay\u0131-ter\u00f6ristlere-karsi-uyardi-muhammed-ali-caferi.jpg\" alt=\"iran-abdyi-amerikay\u0131-ter\u00f6ristlere-karsi-uyardi-muhammed-ali-caferi\" width=\"610\" height=\"342\" title=\"\" srcset=\"https:\/\/www.nationalturk.com\/tr\/wp-content\/uploads\/2015\/10\/iran-abdyi-amerikay\u0131-ter\u00f6ristlere-karsi-uyardi-muhammed-ali-caferi.jpg 610w, https:\/\/www.nationalturk.com\/tr\/wp-content\/uploads\/2015\/10\/iran-abdyi-amerikay\u0131-ter\u00f6ristlere-karsi-uyardi-muhammed-ali-caferi-280x157.jpg 280w\" sizes=\"auto, (max-width: 610px) 100vw, 610px\" \/><\/a><\/h3>\n<h3>Tahran&#8217;\u0131n \u0130slami Devrim Muhaf\u0131zlar\u0131n\u0131n Komutan\u0131 olan General Muhammed Ali Caferi,ABD&#8217;nin besledi\u011fi ter\u00f6rist gruplar\u0131n tekrar kendisine d\u00f6nerek ABD topraklar\u0131na kar\u015f\u0131 sald\u0131r\u0131ya ge\u00e7ebilece\u011fini belirtti.<\/h3>\n<p>IRGC&#8217;nin etkisiz hale getirdi\u011fi say\u0131s\u0131 11 olan ter\u00f6rist grubunun etkisiz hale ge\u00e7irilerek ele ge\u00e7irildi\u011fi belirtildi.<\/p>\n<p>Fars Haber ajans\u0131n\u0131n son dakika ge\u00e7ti\u011fi haberde intihat sald\u0131r\u0131s\u0131da oldu\u011fu ve bir \u00e7ok ter\u00f6ristin ba\u015far\u0131s\u0131zl\u0131kla sonu\u00e7lanan eylemlerinin kontrol alt\u0131na al\u0131nd\u0131\u011f\u0131 ifade edildi.<\/p>\n<p>Ayn\u0131 zamanda Muhammed Ali Caferi&#8217;nin \u00f6zel olarak \u00fczerinde durdu\u011fu bir di\u011fer konu ise, ABD&#8217;nin \u0130ran&#8217;a kar\u015f\u0131 30 y\u0131ld\u0131r e\u011fitip sald\u0131r\u0131lar ve eylemler d\u00fczenlemesi i\u00e7in yeti\u015ftirdi\u011fi ter\u00f6ristler oldu.<\/p>\n<p>Caferi bu eylemlerin sorumlulu\u011funun ABD&#8217;ye ait oldu\u011funu belirtirken IRGC kara kuvvetleri komutan\u0131 Muhammed Pakpur&#8217;da r\u00f6portaj\u0131nda Pakistan&#8217;dan Cundallah ter\u00f6rist grubunun,araba bombalar\u0131 ve intihar \u00fczerine yapmaya \u00e7al\u0131\u015ft\u0131\u011f\u0131 eylem planlar\u0131n\u0131n ba\u015far\u0131s\u0131zl\u0131kla sonu\u00e7land\u0131\u011f\u0131n\u0131 belirtti.<\/p>\n<!-- Error, Advert is not available at this time due to schedule\/geolocation restrictions! -->\n<p>&nbsp;<\/p>\n","protected":false},"excerpt":{"rendered":"<p>Tahran&#8217;\u0131n \u0130slami Devrim Muhaf\u0131zlar\u0131n\u0131n Komutan\u0131 olan General Muhammed Ali Caferi,ABD&#8217;nin besledi\u011fi ter\u00f6rist gruplar\u0131n tekrar kendisine d\u00f6nerek ABD topraklar\u0131na kar\u015f\u0131 sald\u0131r\u0131ya ge\u00e7ebilece\u011fini belirtti.<\/p>\n","protected":false},"author":1119,"featured_media":219112,"comment_status":"open","ping_status":"open","sticky":false,"template":"","format":"standard","meta":{"_acf_changed":false,"footnotes":""},"categories":[6768,6769,6155,6202],"tags":[1887,118844,1981,16806,196731,196719,67187],"class_list":["post-219111","post","type-post","status-publish","format-standard","has-post-thumbnail","hentry","category-amerika","category-asya","category-gundem","category-politika","tag-abd","tag-abd-iran-iliskileri","tag-iran","tag-iran-abd-iliskileri","tag-iran-devrim-muhafizlari-komutani","tag-muhammed-ali-caferi","tag-terorist"],"acf":[],"_links":{"self":[{"href":"https:\/\/www.nationalturk.com\/tr\/wp-json\/wp\/v2\/posts\/219111","targetHints":{"allow":["GET"]}}],"collection":[{"href":"https:\/\/www.nationalturk.com\/tr\/wp-json\/wp\/v2\/posts"}],"about":[{"href":"https:\/\/www.nationalturk.com\/tr\/wp-json\/wp\/v2\/types\/post"}],"author":[{"embeddable":true,"href":"https:\/\/www.nationalturk.com\/tr\/wp-json\/wp\/v2\/users\/1119"}],"replies":[{"embeddable":true,"href":"https:\/\/www.nationalturk.com\/tr\/wp-json\/wp\/v2\/comments?post=219111"}],"version-history":[{"count":0,"href":"https:\/\/www.nationalturk.com\/tr\/wp-json\/wp\/v2\/posts\/219111\/revisions"}],"wp:featuredmedia":[{"embeddable":true,"href":"https:\/\/www.nationalturk.com\/tr\/wp-json\/wp\/v2\/media\/219112"}],"wp:attachment":[{"href":"https:\/\/www.nationalturk.com\/tr\/wp-json\/wp\/v2\/media?parent=219111"}],"wp:term":[{"taxonomy":"category","embeddable":true,"href":"https:\/\/www.nationalturk.com\/tr\/wp-json\/wp\/v2\/categories?post=219111"},{"taxonomy":"post_tag","embeddable":true,"href":"https:\/\/www.nationalturk.com\/tr\/wp-json\/wp\/v2\/tags?post=219111"}],"curies":[{"name":"wp","href":"https:\/\/api.w.org\/{rel}","templated":true}]}}