{"id":219743,"date":"2015-10-13T23:25:18","date_gmt":"2015-10-13T20:25:18","guid":{"rendered":"http:\/\/www.nationalturk.com\/?p=219743"},"modified":"2015-10-14T00:01:43","modified_gmt":"2015-10-13T21:01:43","slug":"uzun-yasamin-sirri-akdenizde-219743","status":"publish","type":"post","link":"https:\/\/www.nationalturk.com\/tr\/uzun-yasamin-sirri-akdenizde-219743\/","title":{"rendered":"Uzun ya\u015fam\u0131n s\u0131rr\u0131 Akdeniz&#8217;de"},"content":{"rendered":"<h3><a href=\"http:\/\/www.nationalturk.com\/tr\/wp-content\/uploads\/2015\/10\/akdeniz-sagl\u0131k-uzun-yasam.jpg\"><img loading=\"lazy\" decoding=\"async\" class=\"alignnone size-full wp-image-219750\" src=\"http:\/\/www.nationalturk.com\/tr\/wp-content\/uploads\/2015\/10\/akdeniz-sagl\u0131k-uzun-yasam.jpg\" alt=\"akdeniz-sagl\u0131k-uzun-yasam\" width=\"610\" height=\"414\" title=\"\" srcset=\"https:\/\/www.nationalturk.com\/tr\/wp-content\/uploads\/2015\/10\/akdeniz-sagl\u0131k-uzun-yasam.jpg 610w, https:\/\/www.nationalturk.com\/tr\/wp-content\/uploads\/2015\/10\/akdeniz-sagl\u0131k-uzun-yasam-280x190.jpg 280w, https:\/\/www.nationalturk.com\/tr\/wp-content\/uploads\/2015\/10\/akdeniz-sagl\u0131k-uzun-yasam-530x360.jpg 530w\" sizes=\"auto, (max-width: 610px) 100vw, 610px\" \/><\/a><\/h3>\n<h3>Avrupa Birli\u011fi&#8217;nde (AB) ya\u015fam s\u00fcresinin en uzun oldu\u011fu \u00fclkeler s\u0131ralamas\u0131nda, Akdeniz \u00fclkeleri ba\u015f\u0131 \u00e7ekiyor. Listenin zirvesinde ortalama ya\u015fam s\u00fcresi 83,2 y\u0131l olan \u0130spanya yer al\u0131yor.<\/h3>\n<p>AA muhabirinin Eurostat&#8217;\u0131n son verilerinden derledi\u011fi bilgilere g\u00f6re, AB \u00fcyesi 28 \u00fclkenin ortalama ya\u015fam s\u00fcresi 80,6&#8217;y\u0131 buluyor. Bu \u00fclkeler aras\u0131nda 83,2 ile \u0130spanya ilk s\u0131rada yer al\u0131rken, bunu izleyen 3 \u00fclkenin de Akdeniz co\u011frafyas\u0131nda bulunmas\u0131 dikkati \u00e7ekiyor.<\/p>\n<p>\u00c7al\u0131\u015fma ko\u015fullar\u0131 dikkate al\u0131nd\u0131\u011f\u0131nda &#8220;\u00f6\u011fle uykusu tatili&#8221; olarak bilinen uzun s\u00fcreli &#8220;siesta&#8221;lar\u0131yla tan\u0131nan \u0130spanya&#8217;da erkeklerin ya\u015fam s\u00fcresi 80,2 y\u0131l\u0131 bulurken, kad\u0131nlarda bu s\u00fcre 86,1 y\u0131la kadar \u00e7\u0131k\u0131yor.<\/p>\n<p>Listenin ikinci s\u0131ras\u0131nda yer alan bir ba\u015fka Akdeniz \u00fclkesi \u0130talya&#8217;da ise ortalama ya\u015fam s\u00fcresi 82,9 y\u0131l olarak ger\u00e7ekle\u015fiyor. Bu \u00fclkede erkeklerin ya\u015fam s\u00fcresi 80,3 y\u0131l\u0131, kad\u0131nlar\u0131n ise 85,2 y\u0131l\u0131 buluyor.<\/p>\n<p>\u0130talya&#8217;y\u0131, ortalama 82,5 y\u0131ll\u0131k ya\u015fam s\u00fcresine sahip G\u00fcney K\u0131br\u0131s ve 82,4 ile Fransa takip ediyor.<\/p>\n<p>Refah seviyesinin y\u00fcksekli\u011fi ile \u00f6n plana \u00e7\u0131kan \u0130sve\u00e7 de 82 y\u0131ll\u0131k ortalama ya\u015fam s\u00fcresi ile AB i\u00e7erisinden en uzun ya\u015fam s\u00fcresine sahip \u00fclkeler aras\u0131nda \u00fcst s\u0131ralarda yer al\u0131yor.<\/p>\n<p>Bu \u00fclkeyi 81,9 y\u0131ll\u0131k s\u00fcre ile d\u00fcnyada ki\u015fi ba\u015f\u0131na d\u00fc\u015fen gelirin en y\u00fcksek oldu\u011fu \u00fclkelerden biri olan L\u00fcksemburg izliyor. Akdeniz&#8217;de bir ada devleti olan Malta da 81,9 y\u0131ll\u0131k s\u00fcre ile listede L\u00fcksemburg&#8217;la ayn\u0131 s\u0131ray\u0131 payla\u015f\u0131yor.<\/p>\n<p><strong>&#8211; Balt\u0131k \u00fclkelerinde hayat k\u0131sa<\/strong><\/p>\n<p>\u00d6te yandan Litvanya, Letonya ve Estonya&#8217;dan olu\u015fan Balt\u0131k \u00fclkeleri AB i\u00e7erisinde k\u0131sa ya\u015fam s\u00fcreleri ile son s\u0131ralarda yer buluyor.<\/p>\n<p>Buna g\u00f6re Litvanya 74,1 y\u0131ll\u0131k ortalama ya\u015fam s\u00fcresi ile s\u0131ralamada sonda yer al\u0131rken, bu s\u00fcre Letonya&#8217;da 74,3, Estonya&#8217;da 77,5 y\u0131l olarak ger\u00e7ekle\u015fiyor.<\/p>\n<p>Balt\u0131k \u00fclkeleri haricinde en k\u0131sa ya\u015fam s\u00fcresine sahip \u00fclkeler ise 74,9 y\u0131l ile Bulgaristan, 75,2 y\u0131l ile Romanya ve 75,8 y\u0131l ile Macaristan olarak belirleniyor.<\/p>\n<p><strong>&#8211; T\u00fcrkiye AB ortalamas\u0131n\u0131n alt\u0131nda ya\u015f\u0131yor<\/strong><\/p>\n<p>T\u00dc\u0130K verilerine g\u00f6re, T\u00fcrkiye de ortalama 78 y\u0131l\u0131 bulan ya\u015fam s\u00fcresi ile AB ortalamas\u0131n\u0131n alt\u0131nda yer al\u0131yor. S\u00f6z konusu rakam erkeklerde 75,3 ve kad\u0131nlarda 80,7 y\u0131l olarak hesaplan\u0131yor.<\/p>\n<p>\u00dclkede, \u00e7al\u0131\u015fma \u00e7a\u011f\u0131n\u0131n ba\u015flang\u0131c\u0131 olan 15 ya\u015f\u0131ndaki ki\u015filerin ortalama kalan ya\u015fam s\u00fcresi 64,3 y\u0131l olarak saptan\u0131rken, 50 ya\u015f\u0131nda olan bir ki\u015finin kalan ya\u015fam s\u00fcresi de ortalama 30,6 y\u0131l \u015feklinde tespit ediliyor.<\/p>\n<p><strong>&#8211; Avrupa \u00fclkelerinde ortalama ya\u015fam s\u00fcreleri \u015f\u00f6yle:<\/strong><\/p>\n<p><strong>\u00a0<\/strong> \u0130spanya 83,2 \/\u0130talya 82,9\/G\u00fcney K\u0131br\u0131s 82,5 \/Fransa 82,4 \/\u0130sve\u00e7 82 \/L\u00fcksemburg 81,9 \/Malta 81,9 \/Yunanistan 81,4\/Hollanda 81,4 \/Avusturya 81,3 \/\u0130rlanda 81,1\/Finlandiya 81,1 \/\u0130ngiltere 81,1 \/Almanya 80,9 \/Portekiz 80,9<\/p>\n<!-- Error, Advert is not available at this time due to schedule\/geolocation restrictions! -->\n","protected":false},"excerpt":{"rendered":"<p>Avrupa Birli\u011fi&#8217;nde (AB) ya\u015fam s\u00fcresinin en uzun oldu\u011fu \u00fclkeler s\u0131ralamas\u0131nda, Akdeniz \u00fclkeleri ba\u015f\u0131 \u00e7ekiyor. Listenin zirvesinde ortalama ya\u015fam s\u00fcresi 83,2 y\u0131l olan \u0130spanya yer al\u0131yor.<\/p>\n","protected":false},"author":1119,"featured_media":219750,"comment_status":"open","ping_status":"open","sticky":false,"template":"","format":"standard","meta":{"_acf_changed":false,"footnotes":""},"categories":[5005,6669,339],"tags":[15,10,195942,1202],"class_list":["post-219743","post","type-post","status-publish","format-standard","has-post-thumbnail","hentry","category-manset","category-saglik","category-turizm","tag-ispanya","tag-italya","tag-saglik","tag-yunanistan"],"acf":[],"_links":{"self":[{"href":"https:\/\/www.nationalturk.com\/tr\/wp-json\/wp\/v2\/posts\/219743","targetHints":{"allow":["GET"]}}],"collection":[{"href":"https:\/\/www.nationalturk.com\/tr\/wp-json\/wp\/v2\/posts"}],"about":[{"href":"https:\/\/www.nationalturk.com\/tr\/wp-json\/wp\/v2\/types\/post"}],"author":[{"embeddable":true,"href":"https:\/\/www.nationalturk.com\/tr\/wp-json\/wp\/v2\/users\/1119"}],"replies":[{"embeddable":true,"href":"https:\/\/www.nationalturk.com\/tr\/wp-json\/wp\/v2\/comments?post=219743"}],"version-history":[{"count":0,"href":"https:\/\/www.nationalturk.com\/tr\/wp-json\/wp\/v2\/posts\/219743\/revisions"}],"wp:featuredmedia":[{"embeddable":true,"href":"https:\/\/www.nationalturk.com\/tr\/wp-json\/wp\/v2\/media\/219750"}],"wp:attachment":[{"href":"https:\/\/www.nationalturk.com\/tr\/wp-json\/wp\/v2\/media?parent=219743"}],"wp:term":[{"taxonomy":"category","embeddable":true,"href":"https:\/\/www.nationalturk.com\/tr\/wp-json\/wp\/v2\/categories?post=219743"},{"taxonomy":"post_tag","embeddable":true,"href":"https:\/\/www.nationalturk.com\/tr\/wp-json\/wp\/v2\/tags?post=219743"}],"curies":[{"name":"wp","href":"https:\/\/api.w.org\/{rel}","templated":true}]}}