{"id":219752,"date":"2015-10-13T23:46:43","date_gmt":"2015-10-13T20:46:43","guid":{"rendered":"http:\/\/www.nationalturk.com\/?p=219752"},"modified":"2015-10-14T00:01:52","modified_gmt":"2015-10-13T21:01:52","slug":"son-dakika-turkiye-2016-avrupa-sampiyonasinda-selcuk-inandan-muthis-gol-turkiye-1-0-izlanda-219752","status":"publish","type":"post","link":"https:\/\/www.nationalturk.com\/tr\/son-dakika-turkiye-2016-avrupa-sampiyonasinda-selcuk-inandan-muthis-gol-turkiye-1-0-izlanda-219752\/","title":{"rendered":"SON DAK\u0130KA! T\u00fcrkiye 2016 Avrupa \u015eampiyonas\u0131nda! Sel\u00e7uk \u0130nan&#8217;dan m\u00fcthi\u015f gol \/ T\u00fcrkiye 1-0 \u0130zlanda"},"content":{"rendered":"<p><a href=\"http:\/\/www.nationalturk.com\/tr\/wp-content\/uploads\/2015\/10\/selcuk-inan-milli-takim-turkiye-izlanda-1-0-2016-avrupa-sampiyonasi-fransa.jpg\"><img loading=\"lazy\" decoding=\"async\" class=\"alignnone size-full wp-image-219753\" src=\"http:\/\/www.nationalturk.com\/tr\/wp-content\/uploads\/2015\/10\/selcuk-inan-milli-takim-turkiye-izlanda-1-0-2016-avrupa-sampiyonasi-fransa.jpg\" alt=\"selcuk-inan-milli-takim-turkiye-izlanda-1-0-2016-avrupa-sampiyonasi-fransa\" width=\"610\" height=\"403\" title=\"\" srcset=\"https:\/\/www.nationalturk.com\/tr\/wp-content\/uploads\/2015\/10\/selcuk-inan-milli-takim-turkiye-izlanda-1-0-2016-avrupa-sampiyonasi-fransa.jpg 610w, https:\/\/www.nationalturk.com\/tr\/wp-content\/uploads\/2015\/10\/selcuk-inan-milli-takim-turkiye-izlanda-1-0-2016-avrupa-sampiyonasi-fransa-180x120.jpg 180w, https:\/\/www.nationalturk.com\/tr\/wp-content\/uploads\/2015\/10\/selcuk-inan-milli-takim-turkiye-izlanda-1-0-2016-avrupa-sampiyonasi-fransa-280x185.jpg 280w, https:\/\/www.nationalturk.com\/tr\/wp-content\/uploads\/2015\/10\/selcuk-inan-milli-takim-turkiye-izlanda-1-0-2016-avrupa-sampiyonasi-fransa-545x360.jpg 545w\" sizes=\"auto, (max-width: 610px) 100vw, 610px\" \/><\/a><\/p>\n<h3>Milli Tak\u0131m\u0131m\u0131z Konya&#8217;da kar\u015f\u0131la\u015ft\u0131\u011f\u0131 2016 Avrupa \u015eampiyonas\u0131 grup eleme ma\u00e7lar\u0131n\u0131n son aya\u011f\u0131nda \u0130zlanda&#8217;y\u0131 Sel\u00e7uk \u0130nan&#8217;\u0131n serbest vuru\u015ftan kaydetti\u011fi golle 1-0 ma\u011flup etti.<\/h3>\n<p>T\u00fcrkiye ,\u0130zlanda ile kar\u015f\u0131la\u015ft\u0131\u011f\u0131 ma\u00e7ta Sel\u00e7uk \u0130nan&#8217;\u0131n 88.dakikada kaydetti\u011fi golle \u0130zlanda&#8217;y\u0131 1-0 ma\u011flup ederek,en iyi grup 3.s\u00fc unvan\u0131yla Kazakistan&#8217;\u0131n Letonya&#8217;y\u0131 1-0 yenmesi ve Hollanda&#8217;n\u0131n \u00c7ek Cumhuriyeti&#8217;ne ma\u011flup olmas\u0131yla beraber 2016 Avrupa \u015eampiyonas\u0131na direkt kat\u0131lma hakk\u0131n\u0131 elde etti.<\/p>\n<p>Sonradan oyuna dahil olan G\u00f6khan T\u00f6re, hakemin a\u011f\u0131r faul tespiti sonucu direkt k\u0131rm\u0131z\u0131 kartla d\u0131\u015farda kald\u0131.<\/p>\n<p>Ma\u00e7a 10 ki\u015fi devam eden T\u00fcrkiye,m\u00fccadeleyi b\u0131rakmayarak kazanmas\u0131n\u0131 bildi.<\/p>\n<p>B\u00f6ylece milli tak\u0131m\u0131m\u0131z 2016 Avrupa \u015eampiyonas\u0131na en iyi grup 3.s\u00fc unvan\u0131yla direkt kat\u0131lma hakk\u0131 elde ederek Fransa&#8217;da m\u00fccadele edecek.<\/p>\n<!-- Error, Advert is not available at this time due to schedule\/geolocation restrictions! -->\n","protected":false},"excerpt":{"rendered":"<p>Milli Tak\u0131m\u0131m\u0131z Konya&#8217;da kar\u015f\u0131la\u015ft\u0131\u011f\u0131 2016 Avrupa \u015eampiyonas\u0131 grup eleme ma\u00e7lar\u0131n\u0131n son aya\u011f\u0131nda \u0130zlanda&#8217;y\u0131 Sel\u00e7uk \u0130nan&#8217;\u0131n serbest vuru\u015ftan kaydetti\u011fi golle 1-0 ma\u011flup etti.<\/p>\n","protected":false},"author":1119,"featured_media":219753,"comment_status":"open","ping_status":"open","sticky":false,"template":"","format":"standard","meta":{"_acf_changed":false,"footnotes":""},"categories":[6774,5005,6194],"tags":[163335,197350,167838,5891,17,142040,6843,197349,197347,197348,197351],"class_list":["post-219752","post","type-post","status-publish","format-standard","has-post-thumbnail","hentry","category-futbol","category-manset","category-spor","tag-2016-avrupa-sampiyonasi","tag-cek-cumhuriyeti-3-1-hollanda","tag-eleme","tag-fatih-terim","tag-fransa","tag-fransa-avrupa-sampiyonasi","tag-izlanda","tag-kazakistan1-0letonya","tag-selcuk-inan-milli-takim","tag-turkiye-1-0-izlanda","tag-turkiye-direkt-katilim"],"acf":[],"_links":{"self":[{"href":"https:\/\/www.nationalturk.com\/tr\/wp-json\/wp\/v2\/posts\/219752","targetHints":{"allow":["GET"]}}],"collection":[{"href":"https:\/\/www.nationalturk.com\/tr\/wp-json\/wp\/v2\/posts"}],"about":[{"href":"https:\/\/www.nationalturk.com\/tr\/wp-json\/wp\/v2\/types\/post"}],"author":[{"embeddable":true,"href":"https:\/\/www.nationalturk.com\/tr\/wp-json\/wp\/v2\/users\/1119"}],"replies":[{"embeddable":true,"href":"https:\/\/www.nationalturk.com\/tr\/wp-json\/wp\/v2\/comments?post=219752"}],"version-history":[{"count":0,"href":"https:\/\/www.nationalturk.com\/tr\/wp-json\/wp\/v2\/posts\/219752\/revisions"}],"wp:featuredmedia":[{"embeddable":true,"href":"https:\/\/www.nationalturk.com\/tr\/wp-json\/wp\/v2\/media\/219753"}],"wp:attachment":[{"href":"https:\/\/www.nationalturk.com\/tr\/wp-json\/wp\/v2\/media?parent=219752"}],"wp:term":[{"taxonomy":"category","embeddable":true,"href":"https:\/\/www.nationalturk.com\/tr\/wp-json\/wp\/v2\/categories?post=219752"},{"taxonomy":"post_tag","embeddable":true,"href":"https:\/\/www.nationalturk.com\/tr\/wp-json\/wp\/v2\/tags?post=219752"}],"curies":[{"name":"wp","href":"https:\/\/api.w.org\/{rel}","templated":true}]}}