{"id":220102,"date":"2015-10-19T09:16:11","date_gmt":"2015-10-19T06:16:11","guid":{"rendered":"http:\/\/www.nationalturk.com\/?p=220102"},"modified":"2022-08-26T12:49:07","modified_gmt":"2022-08-26T09:49:07","slug":"terim-kabak-tadi-veriyor-220102","status":"publish","type":"post","link":"https:\/\/www.nationalturk.com\/tr\/terim-kabak-tadi-veriyor-220102\/","title":{"rendered":"Terim kabak tad\u0131 veriyor !"},"content":{"rendered":"<h1><img loading=\"lazy\" decoding=\"async\" class=\"aligncenter  wp-image-220105\" src=\"http:\/\/www.nationalturk.com\/tr\/wp-content\/uploads\/2015\/10\/fatih-terim-milli-takim.jpg\" alt=\"fatih terim\" width=\"610\" height=\"343\" title=\"\" srcset=\"https:\/\/www.nationalturk.com\/tr\/wp-content\/uploads\/2015\/10\/fatih-terim-milli-takim.jpg 670w, https:\/\/www.nationalturk.com\/tr\/wp-content\/uploads\/2015\/10\/fatih-terim-milli-takim-280x158.jpg 280w, https:\/\/www.nationalturk.com\/tr\/wp-content\/uploads\/2015\/10\/fatih-terim-milli-takim-610x343.jpg 610w\" sizes=\"auto, (max-width: 610px) 100vw, 610px\" \/>NationalTurk yazar\u0131 Cahit G\u00f6veren\u2019in Milli Tak\u0131m\u0131n EURO 2016&#8217;ya do\u011frudan kat\u0131lma hakk\u0131 kazand\u0131\u011f\u0131 \u0130zlanda ma\u00e7\u0131 sonras\u0131 kaleme ald\u0131\u011f\u0131 &#8220;Terim kabak tad\u0131 veriyor!&#8221; ba\u015fl\u0131kl\u0131 yaz\u0131s\u0131;<\/h1>\n<p>Vaktiyle &#8220;TBMM&#8217;de 550 ki\u015fi var. Ama, i\u00e7lerinde bir tek &#8216;Fatih Terim&#8217; yok&#8221; diyen hazret, s\u00fcrekli yenilgilerin ard\u0131ndan, ma\u00e7lar\u0131n\u0131 ciddiye almayan \u00c7ek Cumhuriyeti ve \u0130zlanda&#8217;y\u0131 yenip, 2016 Euro hedefine ula\u015ft\u0131 ya, b\u00fclb\u00fcl gibi konu\u015fmaya ba\u015flad\u0131. Bak\u0131n Fatih bey &#8220;Neler&#8221; dedi. Ankara&#8217;daki ter\u00f6r olaylar\u0131na at\u0131fta bulunarak &#8221; Allah, benim \u00fclkeme bir daha bunlar\u0131 g\u00f6stermesin&#8221; Karde\u015fim, sen Cumhurba\u015fkan\u0131 m\u0131s\u0131n, Ba\u015fbakan m\u0131s\u0131n, Devlet Bakan\u0131 ya da Parti lideri mi sin ?. &#8220;Benim \u00dclkem&#8221; demek, ne demek. Bu \u00fclkeyi niye kendine mal ediyorsun. Yoksa, Ulu \u00d6nder Atat\u00fcrk yerine T\u00fcrkiye Cumhuriyeti&#8217;ni sen mi kurdun. Senin bu i\u015flere akl\u0131n erer mi ?<\/p>\n<p>Da\u011f\u0131t\u0131lan ulufelerden Milyon Euro&#8217;lar\u0131 cebine indiren Fatih efendi, bununla da yetinmedi.<\/p>\n<p>\u0130zlanda ma\u00e7\u0131n\u0131n ard\u0131ndan &#8220;Evlatlar\u0131m\u0131 kutluyorum&#8221; dedi. Te\u015fbihte hata olmaz ama, sen prim olarak 1,5 trilyonluk \u00e7eki arka cebine koy. S\u00fcrekli yenilgilerde &#8220;Oyuncular&#8221; dedi\u011fin futbolun \u00e7ileke\u015flerine \u015fimdi &#8220;Evlatlar\u0131m&#8221; diye hitap et. \u00c7ek Cumhuriyeti ve \u0130zlanda yenilgilerinde bu oyuncular senin &#8220;Evlatlar\u0131n&#8221; de\u011fil miydi. \u0130nan, bu \u00fclkede rahats\u0131zl\u0131k yarat\u0131yorsun Fatih Terim. \u0130nsanlar sana nefretle bak\u0131yor. Egolar\u0131na dayal\u0131 olarak negatif davran\u0131\u015f bi\u00e7imlerin, agresif tav\u0131rlar\u0131n, insan\u0131n sinir sistemini bozan jest ve mimiklerin hi\u00e7bir T\u00fcrk vatanda\u015f\u0131nda yok. Bir g\u00fcn bu alemden sen de g\u00f6\u00e7\u00fcp, gideceksin. Ama, insanlar seni lanetle an\u0131p, &#8220;Kurtulduk&#8221; diyecekler. \u00c7\u00fcnk\u00fc, sen tevazuu g\u00f6stermeyi bir t\u00fcrl\u00fc \u00f6\u011frenemedin. Acaba, hi\u00e7 d\u00fc\u015f\u00fcnd\u00fcn m\u00fc ? Futbolla yat\u0131p, futbolla kalkan bu \u00fclke insan\u0131 Mustafa Denizli, T\u00fcrkiye&#8217;ye D\u00fcnya \u00fc\u00e7\u00fcnc\u00fcl\u00fc\u011f\u00fc gururu ya\u015fatan \u015eenol G\u00fcne\u015f ve di\u011fer Teknik Direkt\u00f6rlere niye g\u00f6n\u00fcl koymuyor.<\/p>\n<p>\u00c7ocuklu\u011fundan buyana &#8220;Baba&#8221; ekme\u011f\u0131 yedi\u011fi i\u00e7in T\u00fcrkiye&#8217;de para de\u011fer ve kur&#8217;undan habersiz olan , siyasi iradenin g\u00fcd\u00fcm\u00fcndeki Futbol Federasyonu Ba\u015fkan\u0131 Y\u0131ld\u0131r\u0131m Demir\u00f6ren sana ayda 350 milyon maa\u015f, 1,5 trilyon prim verebilir ama, asgari \u00fccretin 1000 lira oldu\u011fu bu \u00fclkede ulufe olarak ald\u0131\u011f\u0131n her kuru\u015f seni vicdani sorumluluktan kurtaramaz. Y\u0131ld\u0131r\u0131m Demir\u00f6ren senin s\u0131fat\u0131na bir eklenti yap\u0131p, zati-haline &#8220;T\u00fcrkiye Futbol Direkt\u00f6r\u00fc&#8221; \u00fcnvan\u0131 verdi. Vay, vay, vay. O zaman sen ; Fener&#8217;in, Galatasaray&#8217;\u0131n, Be\u015fikta\u015f&#8217;\u0131n, Trabzon&#8217;un da Teknik Direkt\u00f6r\u00fc&#8217;s\u00fcn demek ki. \u00c7\u00fcnk\u00fc, bunlar da T\u00fcrk kul\u00fcpleri. Kand\u0131r\u0131n insanlar\u0131 bakal\u0131m, nereye kadar. &#8221; Terim efendi, bu denli \u00fclkeye mal olmu\u015f s\u0131fatlar\u0131 insanlara TBMM&#8217;si verebilir. Sen, olsa olsa Y\u0131ld\u0131r\u0131m Demir\u00f6ren&#8217;in Teknik Direkt\u00f6r\u00fc olabilirsin. Anlad\u0131n m\u0131 !. \u00c7\u00fcnk\u00fc, hi\u00e7bir kul ve takdir-i ilahi bunu kabul etmez. Bu ger\u00e7e\u011fi sak\u0131n unutma &#8230;..<\/p>\n<!-- Error, Advert is not available at this time due to schedule\/geolocation restrictions! -->\n","protected":false},"excerpt":{"rendered":"<p>NationalTurk yazar\u0131 Cahit G\u00f6veren\u2019in Milli Tak\u0131m\u0131n EURO 2016&#8217;ya do\u011frudan kat\u0131lma hakk\u0131 kazand\u0131\u011f\u0131 \u0130zlanda ma\u00e7\u0131 sonras\u0131 kaleme ald\u0131\u011f\u0131 &#8220;Terim kabak tad\u0131 veriyor!&#8221; ba\u015fl\u0131kl\u0131 yaz\u0131s\u0131;<\/p>\n","protected":false},"author":3,"featured_media":220105,"comment_status":"open","ping_status":"open","sticky":false,"template":"","format":"standard","meta":{"_acf_changed":false,"footnotes":""},"categories":[6774,5005,6194],"tags":[5892,35861,21765,5891,139272,2269],"class_list":["post-220102","post","type-post","status-publish","format-standard","has-post-thumbnail","hentry","category-futbol","category-manset","category-spor","tag-a-milli-takim","tag-cahit-goveren","tag-euro-2016","tag-fatih-terim","tag-fatih-terim-milli-takim","tag-yildirim-demiroren"],"acf":[],"_links":{"self":[{"href":"https:\/\/www.nationalturk.com\/tr\/wp-json\/wp\/v2\/posts\/220102","targetHints":{"allow":["GET"]}}],"collection":[{"href":"https:\/\/www.nationalturk.com\/tr\/wp-json\/wp\/v2\/posts"}],"about":[{"href":"https:\/\/www.nationalturk.com\/tr\/wp-json\/wp\/v2\/types\/post"}],"author":[{"embeddable":true,"href":"https:\/\/www.nationalturk.com\/tr\/wp-json\/wp\/v2\/users\/3"}],"replies":[{"embeddable":true,"href":"https:\/\/www.nationalturk.com\/tr\/wp-json\/wp\/v2\/comments?post=220102"}],"version-history":[{"count":0,"href":"https:\/\/www.nationalturk.com\/tr\/wp-json\/wp\/v2\/posts\/220102\/revisions"}],"wp:featuredmedia":[{"embeddable":true,"href":"https:\/\/www.nationalturk.com\/tr\/wp-json\/wp\/v2\/media\/220105"}],"wp:attachment":[{"href":"https:\/\/www.nationalturk.com\/tr\/wp-json\/wp\/v2\/media?parent=220102"}],"wp:term":[{"taxonomy":"category","embeddable":true,"href":"https:\/\/www.nationalturk.com\/tr\/wp-json\/wp\/v2\/categories?post=220102"},{"taxonomy":"post_tag","embeddable":true,"href":"https:\/\/www.nationalturk.com\/tr\/wp-json\/wp\/v2\/tags?post=220102"}],"curies":[{"name":"wp","href":"https:\/\/api.w.org\/{rel}","templated":true}]}}