{"id":220140,"date":"2015-10-19T14:58:04","date_gmt":"2015-10-19T11:58:04","guid":{"rendered":"http:\/\/www.nationalturk.com\/?p=220140"},"modified":"2015-10-19T14:58:04","modified_gmt":"2015-10-19T11:58:04","slug":"katliamdan-sonra-anket-yapilmis-davutogluna-gore-akp-yukseliste-220140","status":"publish","type":"post","link":"https:\/\/www.nationalturk.com\/tr\/katliamdan-sonra-anket-yapilmis-davutogluna-gore-akp-yukseliste-220140\/","title":{"rendered":"Katliamdan sonra anket yap\u0131lm\u0131\u015f! Davuto\u011flu&#8217;na g\u00f6re AKP y\u00fckseli\u015fte"},"content":{"rendered":"<p><img loading=\"lazy\" decoding=\"async\" class=\"alignnone size-large wp-image-220141\" src=\"http:\/\/www.nationalturk.com\/tr\/wp-content\/uploads\/2015\/10\/davutoglu_grup_92360293-593x360.jpg\" alt=\"Davuto\u011flu\" width=\"610\" height=\"390\" title=\"\"><\/p>\n<h1>Ba\u015fbakan Ahmet Davuto\u011flu, Ankara&#8217;daki katliamdan sonra anket yapt\u0131rd\u0131klar\u0131n\u0131 belirterek &#8216;Kamuoyunun nabz\u0131n\u0131 tutuyoruz oylar\u0131m\u0131zda bir y\u00fckseli\u015f trendi var&#8221; dedi.<\/h1>\n<p>Ba\u015fbakan Davuto\u011flu, A Haber&#8217;de Ankara Katliam\u0131 ve se\u00e7imlere ili\u015fkin kendisine y\u00f6neltilen &#8220;Se\u00e7imden ne bekliyorsunuz, \u00f6zellikle Ankara&#8217;daki sald\u0131r\u0131n\u0131n ard\u0131ndan bir anket ve sonu\u00e7lar\u0131 var m\u0131?&#8221; sorusuna \u015fu yan\u0131t\u0131 verdi:<\/p>\n<p>&#8220;\u015eimdi, anketler geliyor\u2026 \u00d6ncesinde, beyanname sonras\u0131nda anket yapt\u0131k. \u015eimdi Ankara\u2019daki ter\u00f6r sald\u0131r\u0131s\u0131 sonras\u0131nda anket yapt\u0131k ve kamuoyunun nabz\u0131n\u0131 tutuyoruz oylar\u0131m\u0131zda bir y\u00fckseli\u015f trendi var. Bir\u00e7ok anket var\u2026 Sald\u0131r\u0131dan sonra da y\u00fczde 44 band\u0131na do\u011fru y\u00fckselme trendi devam ediyor. \u00d6nemli olan burada bizim hedefimiz Ak Parti\u2019nin tek ba\u015f\u0131na iktidar\u0131 getirecek sonucu elde etmesi.&#8221;<\/p>\n<!-- Error, Advert is not available at this time due to schedule\/geolocation restrictions! -->\n","protected":false},"excerpt":{"rendered":"<p>Ba\u015fbakan Ahmet Davuto\u011flu, Ankara&#8217;daki katliamdan sonra anket yapt\u0131rd\u0131klar\u0131n\u0131 belirterek &#8216;Kamuoyunun nabz\u0131n\u0131 tutuyoruz oylar\u0131m\u0131zda bir y\u00fckseli\u015f trendi var&#8221; dedi.<\/p>\n","protected":false},"author":4,"featured_media":220142,"comment_status":"open","ping_status":"open","sticky":false,"template":"","format":"standard","meta":{"_acf_changed":false,"footnotes":""},"categories":[6155,5005,6202,349,6805],"tags":[9476,36909,197237,10655],"class_list":["post-220140","post","type-post","status-publish","format-standard","has-post-thumbnail","hentry","category-gundem","category-manset","category-politika","category-son-dakika","category-turkiye","tag-akp","tag-akp-anketi","tag-ankara-katliam","tag-ankara-patlama"],"acf":[],"_links":{"self":[{"href":"https:\/\/www.nationalturk.com\/tr\/wp-json\/wp\/v2\/posts\/220140","targetHints":{"allow":["GET"]}}],"collection":[{"href":"https:\/\/www.nationalturk.com\/tr\/wp-json\/wp\/v2\/posts"}],"about":[{"href":"https:\/\/www.nationalturk.com\/tr\/wp-json\/wp\/v2\/types\/post"}],"author":[{"embeddable":true,"href":"https:\/\/www.nationalturk.com\/tr\/wp-json\/wp\/v2\/users\/4"}],"replies":[{"embeddable":true,"href":"https:\/\/www.nationalturk.com\/tr\/wp-json\/wp\/v2\/comments?post=220140"}],"version-history":[{"count":0,"href":"https:\/\/www.nationalturk.com\/tr\/wp-json\/wp\/v2\/posts\/220140\/revisions"}],"wp:featuredmedia":[{"embeddable":true,"href":"https:\/\/www.nationalturk.com\/tr\/wp-json\/wp\/v2\/media\/220142"}],"wp:attachment":[{"href":"https:\/\/www.nationalturk.com\/tr\/wp-json\/wp\/v2\/media?parent=220140"}],"wp:term":[{"taxonomy":"category","embeddable":true,"href":"https:\/\/www.nationalturk.com\/tr\/wp-json\/wp\/v2\/categories?post=220140"},{"taxonomy":"post_tag","embeddable":true,"href":"https:\/\/www.nationalturk.com\/tr\/wp-json\/wp\/v2\/tags?post=220140"}],"curies":[{"name":"wp","href":"https:\/\/api.w.org\/{rel}","templated":true}]}}