{"id":220174,"date":"2015-10-20T10:26:37","date_gmt":"2015-10-20T07:26:37","guid":{"rendered":"http:\/\/www.nationalturk.com\/?p=220174"},"modified":"2022-08-26T12:49:06","modified_gmt":"2022-08-26T09:49:06","slug":"tffden-500-bin-euroluk-akil-almaz-prime-mahkeme-soku-220174","status":"publish","type":"post","link":"https:\/\/www.nationalturk.com\/tr\/tffden-500-bin-euroluk-akil-almaz-prime-mahkeme-soku-220174\/","title":{"rendered":"TFF&#8217;den 500 bin euroluk ak\u0131l almaz prime mahkeme \u015foku!"},"content":{"rendered":"<h3><a href=\"http:\/\/www.nationalturk.com\/tr\/wp-content\/uploads\/2015\/10\/500-bin-euro-ak\u0131l-almaz-prim-skandal-y\u0131ld\u0131r\u0131m-demir\u00f6ren-milli-takim-fatih-terim-2016-fransa-avrupa-sampiyonasi.jpg\"><img loading=\"lazy\" decoding=\"async\" class=\"alignnone size-full wp-image-220178\" src=\"http:\/\/www.nationalturk.com\/tr\/wp-content\/uploads\/2015\/10\/500-bin-euro-ak\u0131l-almaz-prim-skandal-y\u0131ld\u0131r\u0131m-demir\u00f6ren-milli-takim-fatih-terim-2016-fransa-avrupa-sampiyonasi.jpg\" alt=\"500-bin-euro-ak\u0131l-almaz-prim-skandal-y\u0131ld\u0131r\u0131m-demir\u00f6ren-milli-takim-fatih-terim-2016-fransa-avrupa-sampiyonasi\" width=\"610\" height=\"343\" title=\"\" srcset=\"https:\/\/www.nationalturk.com\/tr\/wp-content\/uploads\/2015\/10\/500-bin-euro-ak\u0131l-almaz-prim-skandal-y\u0131ld\u0131r\u0131m-demir\u00f6ren-milli-takim-fatih-terim-2016-fransa-avrupa-sampiyonasi.jpg 610w, https:\/\/www.nationalturk.com\/tr\/wp-content\/uploads\/2015\/10\/500-bin-euro-ak\u0131l-almaz-prim-skandal-y\u0131ld\u0131r\u0131m-demir\u00f6ren-milli-takim-fatih-terim-2016-fransa-avrupa-sampiyonasi-280x157.jpg 280w\" sizes=\"auto, (max-width: 610px) 100vw, 610px\" \/><\/a><\/h3>\n<h3>T\u00fcrkiye Futbol Federasyonu&#8217;nun skandal primine mahkeme \u015foku&#8230;Mahkemeye ba\u015fvuran avukat Sedat Vural 500 bin Euro&#8217;luk primine anayasan\u0131n e\u015fitlik ilkesine ayk\u0131r\u0131 oldu\u011fu gerek\u00e7esiyle dava a\u00e7t\u0131.<\/h3>\n<p>Ankara Barosuna kay\u0131tl\u0131 olan Sedat Vural,TFF&#8217;nin verdi\u011fi 500 bin \u20ac&#8217;luk primin herhangi bir ba\u015far\u0131ya dayanmad\u0131\u011f\u0131 ve meclis karar\u0131yla \u00e7\u0131kar\u0131lan sporcu ba\u015far\u0131 yasalar\u0131n\u0131n herhangi bir maddesine uymad\u0131\u011f\u0131 gerek\u00e7esiyle primi mahkemeye ta\u015f\u0131d\u0131.<\/p>\n<p>Herhangi bir \u015fampiyonlu\u011fun kazan\u0131lmamas\u0131 ve derece dahilinde bir ba\u015far\u0131 elde edilmedi\u011fini,gruplardan \u00e7\u0131k\u0131p turnuvaya kat\u0131lman\u0131n prim gerektirmedi\u011fi,aksi halde anayasan\u0131n e\u015fitlik ilkesine ayk\u0131r\u0131l\u0131k bulundu\u011funu s\u00f6yleyen Vural,konunun mahkemede \u00e7\u00f6z\u00fcmlenmesi ad\u0131na Asliye Hukuk Mahkemesine dava a\u00e7t\u0131.<\/p>\n<p>Kamuoyu taraf\u0131ndan Be\u015fikta\u015f ba\u015fkan\u0131yken sert deme\u00e7lerle ele\u015ftirilen Y\u0131ld\u0131r\u0131m Demir\u00f6ren&#8217;in, 500 bin \u20ac&#8217;luk primi hangi nedenle ve kurmaylar\u0131na dan\u0131\u015farak hangi yasaya uygun \u015fekilde verdi\u011fi tart\u0131\u015f\u0131lagelirken,yeni bir skandalda do\u011fmu\u015f oldu.<\/p>\n<p>T\u00fcrkiye Futbol Federasyonu Y\u0131ld\u0131r\u0131m Demir\u00f6ren d\u00f6neminde ba\u015far\u0131s\u0131z sonu\u00e7lar alan Milli Tak\u0131m ele\u015ftiri oklar\u0131n\u0131n hedefindeydi.Meclis karar\u0131yla kurumlara aktar\u0131lan paradan kar\u015f\u0131lanan primin,hangi gerek\u00e7e ile Milli Tak\u0131ma aktar\u0131laca\u011f\u0131 sorunsal\u0131n\u0131da beraberinde geliyor.<\/p>\n<p>500 bin \u20ac&#8217;luk skandal primin ak\u0131beti \u00f6n\u00fcm\u00fczdeki g\u00fcnlerde verilecek kararla netle\u015fecek.<\/p>\n<p>Milli Tak\u0131m Fatih Terim&#8217;in teknik direkt\u00f6rl\u00fc\u011f\u00fcnde grubu en iyi 3.olarak bitirerek Fransada yap\u0131lacak olan 2016 Avrupa Futbol \u015eampiyonas\u0131&#8217;na kat\u0131lmaya hak kazanm\u0131\u015ft\u0131.<\/p>\n<div class=\"a-single a-157\"><!-- nationalturk.com Bali 610x90 -->\r\n<ins data-revive-zoneid=\"412\" data-revive-ct0=\"{clickurl_enc}\" data-revive-id=\"2093837923c3e243d9d78d731533cba1\"><\/ins>\r\n<script async src=\"\/\/www.hot-affiliates.com\/ad\/www\/delivery\/asyncjs.php\"><\/script><\/div>\n<p>&nbsp;<\/p>\n","protected":false},"excerpt":{"rendered":"<p>T\u00fcrkiye Futbol Federasyonu&#8217;nun skandal primine mahkeme \u015foku&#8230;Mahkemeye ba\u015fvuran avukat Sedat Vural 500 bin Euro&#8217;luk primine anayasan\u0131n e\u015fitlik ilkesine ayk\u0131r\u0131 oldu\u011fu gerek\u00e7esiyle dava a\u00e7t\u0131.<\/p>\n","protected":false},"author":1119,"featured_media":220178,"comment_status":"open","ping_status":"open","sticky":false,"template":"","format":"standard","meta":{"_acf_changed":false,"footnotes":""},"categories":[6774,5005,6194],"tags":[43750,30251,5891,53469,172133,6477,6479,29725,2269],"class_list":["post-220174","post","type-post","status-publish","format-standard","has-post-thumbnail","hentry","category-futbol","category-manset","category-spor","tag-e","tag-fatih","tag-fatih-terim","tag-mahkeme","tag-prim","tag-tff","tag-turkiye-futbol-federasyonu","tag-yildirim","tag-yildirim-demiroren"],"acf":[],"_links":{"self":[{"href":"https:\/\/www.nationalturk.com\/tr\/wp-json\/wp\/v2\/posts\/220174","targetHints":{"allow":["GET"]}}],"collection":[{"href":"https:\/\/www.nationalturk.com\/tr\/wp-json\/wp\/v2\/posts"}],"about":[{"href":"https:\/\/www.nationalturk.com\/tr\/wp-json\/wp\/v2\/types\/post"}],"author":[{"embeddable":true,"href":"https:\/\/www.nationalturk.com\/tr\/wp-json\/wp\/v2\/users\/1119"}],"replies":[{"embeddable":true,"href":"https:\/\/www.nationalturk.com\/tr\/wp-json\/wp\/v2\/comments?post=220174"}],"version-history":[{"count":0,"href":"https:\/\/www.nationalturk.com\/tr\/wp-json\/wp\/v2\/posts\/220174\/revisions"}],"wp:featuredmedia":[{"embeddable":true,"href":"https:\/\/www.nationalturk.com\/tr\/wp-json\/wp\/v2\/media\/220178"}],"wp:attachment":[{"href":"https:\/\/www.nationalturk.com\/tr\/wp-json\/wp\/v2\/media?parent=220174"}],"wp:term":[{"taxonomy":"category","embeddable":true,"href":"https:\/\/www.nationalturk.com\/tr\/wp-json\/wp\/v2\/categories?post=220174"},{"taxonomy":"post_tag","embeddable":true,"href":"https:\/\/www.nationalturk.com\/tr\/wp-json\/wp\/v2\/tags?post=220174"}],"curies":[{"name":"wp","href":"https:\/\/api.w.org\/{rel}","templated":true}]}}