{"id":220358,"date":"2015-10-22T12:27:21","date_gmt":"2015-10-22T09:27:21","guid":{"rendered":"http:\/\/www.nationalturk.com\/?p=220358"},"modified":"2015-10-22T12:27:21","modified_gmt":"2015-10-22T09:27:21","slug":"son-dakika-cetin-altan-hayatini-kaybetti-220358","status":"publish","type":"post","link":"https:\/\/www.nationalturk.com\/tr\/son-dakika-cetin-altan-hayatini-kaybetti-220358\/","title":{"rendered":"Son Dakika! \u00c7etin Altan hayat\u0131n\u0131 kaybetti"},"content":{"rendered":"<p><img loading=\"lazy\" decoding=\"async\" class=\"alignnone size-large wp-image-220360\" src=\"http:\/\/www.nationalturk.com\/tr\/wp-content\/uploads\/2015\/10\/cetin_altan-610x344.jpg\" alt=\"\u00c7etin Altan\" width=\"610\" height=\"344\" title=\"\" srcset=\"https:\/\/www.nationalturk.com\/tr\/wp-content\/uploads\/2015\/10\/cetin_altan-610x344.jpg 610w, https:\/\/www.nationalturk.com\/tr\/wp-content\/uploads\/2015\/10\/cetin_altan-280x158.jpg 280w, https:\/\/www.nationalturk.com\/tr\/wp-content\/uploads\/2015\/10\/cetin_altan.jpg 620w\" sizes=\"auto, (max-width: 610px) 100vw, 610px\" \/><\/p>\n<h1>Usta gazeteci, yazar ve siyaset\u00e7i \u00c7etin Altan hayat\u0131n\u0131 kaybetti. \/ Son Dakika&#8230;<\/h1>\n<p>\u00c7etin Altan, 88 ya\u015f\u0131nda ya\u015fam\u0131n\u0131 yitirdi. Ac\u0131 haberi o\u011flu Ahmet Altan verdi.\u00a0Gazeteci ve yazar Ahmet Altan ve akademisyen Mehmet Altan&#8217;\u0131n babas\u0131, duayen gazeteci \u00c7etin Altan, haziran ay\u0131nda rahats\u0131zl\u0131\u011f\u0131 nedeniyle hastaneye kald\u0131r\u0131lm\u0131\u015f, tedavisinin ard\u0131ndan taburcu edilmi\u015fti. H\u00fcrriyet&#8217;in telefonla ula\u015ft\u0131\u011f\u0131 o\u011flu\u00a0Mehmet Altan, a\u011flamakl\u0131 bir sesle &#8221; Maalesef babam\u0131 kaybettik&#8221; dedi.<\/p>\n<h2>\u00c7etin Altan Kimdir?<\/h2>\n<p>22 Haziran 1927&#8217;de \u0130stanbul&#8217;da do\u011fdu. Dedesinin babas\u0131 K\u0131r\u0131m&#8217;dan g\u00f6\u00e7 eden arabac\u0131 Ahmet K\u0131p\u00e7akski, dedesi Tatar Hasan Pa\u015fa idi. Babas\u0131 hukuk\u00e7u Halit Bey, annesi Nurhayat Han\u0131m&#8217;d\u0131r. Galatasaray Lisesi&#8217;ni, Ankara \u00dcniversitesi Hukuk Fak\u00fcltesi&#8217;ni bitirdi. 1943-1944&#8217;de \u00c7\u0131naralt\u0131, Varl\u0131k, \u0130stanbul ve Kaynak&#8217;da \u015fiirleri ve d\u00fcz yaz\u0131lar\u0131 \u00e7\u0131kt\u0131. \u0130lk kitab\u0131 \u00dc\u00e7\u00fcnc\u00fc Mevki 1946&#8217;da yay\u0131nland\u0131. Ulus gazetesinde muhabir olarak ba\u015flad\u0131\u011f\u0131 gazetecili\u011fe H\u00fcr Ses&#8217;de f\u0131kra yazarl\u0131\u011f\u0131 ile devam etti. Daha sonra Halk\u00e7\u0131, Tan, Ak\u015fam, Milliyet, Yeni Ortam, H\u00fcrriyet, G\u00fcne\u015f gazetelerinde ve \u00c7ar\u015faf dergisinde k\u00f6\u015fe yaz\u0131lar\u0131 yazd\u0131. 1959 y\u0131l\u0131nda Abdi \u0130pek\u00e7i&#8217;nin teklifi \u00fczerine Peyami Safa&#8217;n\u0131n (1899 &#8211; 1961) yerine Milliyet gazetesinde yazmaya ba\u015flam\u0131\u015ft\u0131r. Daha sonra Devrim, Ak\u015fam, H\u00fcrriyet, G\u00fcne\u015f, Sabah, Milliyet gazetelerinde k\u00f6\u015fe yaz\u0131lar\u0131 yazd\u0131. D\u00fcnyan\u0131n en \u00e7ok k\u00f6\u015fe yaz\u0131s\u0131 yazm\u0131\u015f yazarlar\u0131ndand\u0131r.<\/p>\n<p>\u00c7etin Altan 1965-1969 aras\u0131nda T\u00fcrkiye \u0130\u015f\u00e7i Partisi&#8217;nden milletvekilli\u011fi yapt\u0131. \u00d6nce dokunulmazl\u0131\u011f\u0131 kald\u0131r\u0131lan, sonra da iade edilen ilk milletvekilidir. Yine ayn\u0131 d\u00f6nemde, 1968 y\u0131l\u0131nda meclisteki bir konu\u015fmas\u0131 s\u0131ras\u0131nda ba\u015flayan tart\u0131\u015fma Naz\u0131m Hikmet&#8217;e kadar s\u0131\u00e7ram\u0131\u015f ve ba\u015fta o d\u00f6nemin Adalet Partisi milletvekili Cavit \u015eadi Pehlivano\u011flu ve Hamit Fendo\u011flu olmak \u00fczere Adalet Partisi milletvekilleri ile kar\u0131\u015ft\u0131\u011f\u0131 kavga ile \u00e7ok\u00e7a g\u00fcndeme gelmi\u015ftir. Bu d\u00f6nemdeki an\u0131lar\u0131n\u0131 &#8220;Ben Milletvekiliyken&#8221; ad\u0131yla kitapla\u015ft\u0131rd\u0131.<\/p>\n<p>1960&#8217;l\u0131 ve 1970&#8217;li y\u0131llardaki k\u00f6\u015feyaz\u0131lar\u0131, Ta\u015f, S\u00f6m\u00fcr\u00fcc\u00fclerle Sava\u015f, Su\u00e7lanan Yaz\u0131lar, &#8216;Kahrolsun Kom\u00fcnizm&#8217; Diye Diye, Onlar Uyan\u0131rken, Kopuk Kopuk, Ge\u00e7ip Giderken, G\u00f6lgelerin G\u00f6lgesi, \u015eeytan\u0131n Aynalar\u0131, Bir Yumak \u0130nsan (1978 T\u00fcrk Dil Kurumu \u00d6d\u00fcl\u00fc), Nar \u00c7ekirdekleri adl\u0131 kitaplarda topland\u0131. 9 Mart 1971 darbe te\u015febb\u00fcs\u00fcn\u00fc destekleyen &#8220;Devrim&#8221; gazetesi mensubu oldu\u011fu gerek\u00e7esiyle, bu &#8220;Mill\u00ee Demokratik Devrim&#8221; darbesi planlar\u0131na kar\u015f\u0131 \u00e7\u0131kan zaman\u0131n 1. Ordu Komutan\u0131 Orgeneral Faik T\u00fcr\u00fcn taraf\u0131ndan tutuklanarak sorguya \u00e7ekildi.<\/p>\n<p>Altan&#8217;\u0131n d\u00f6rt roman\u0131 vard\u0131r: B\u00fcy\u00fck G\u00f6zalt\u0131 (1973 Orhan Kemal \u00d6d\u00fcl\u00fc), Bir Avu\u00e7 G\u00f6ky\u00fcz\u00fc, Viski ve K\u00fc\u00e7\u00fck Bah\u00e7e. D\u00f6rd\u00fc de Frans\u0131zcaya \u00e7evrilen bu eserlerden B\u00fcy\u00fck G\u00f6zalt\u0131 \u0130sve\u00e7ce, Yunanca, Bulgarca ve \u0130spanyolca; Bir Avu\u00e7 G\u00f6ky\u00fcz\u00fc ise \u0130spanyolca ve Rumence dillerinde yay\u0131nland\u0131. B\u00fcy\u00fck G\u00f6zalt\u0131 Frans\u0131z liselerinde se\u00e7meli ders kitab\u0131 olarak okutuldu.<\/p>\n<p>Yazar\u0131n t\u00fcm\u00fc oynanm\u0131\u015f oyunlar\u0131ndan bas\u0131l\u0131 olanlar; \u00c7emberler, Mor Defter, Su\u00e7lular, Dilek\u00e7e ve Tahtaravalli, bas\u0131lmam\u0131\u015f olanlar ise, Beybaba, Yedinci K\u00f6pek, Isl\u0131k\u00e7\u0131 ve Telefon Kimin \u0130\u00e7in \u00c7al\u0131yor&#8217;dur. Kavak Yelleri ve Kas\u0131rgalar&#8217;da \u00e7ocukluk an\u0131lar\u0131n\u0131 anlatan Altan&#8217;\u0131n A\u015fk Sanat ve Servet ve Atat\u00fcrk&#8217;\u00fcn Sosyal G\u00f6r\u00fc\u015fleri adl\u0131 iki incelemesi vard\u0131r. R\u0131za Bey&#8217;in Polisiye \u00d6yk\u00fcleri ile T\u00fcrk yaz\u0131n\u0131nda pek az denenmi\u015f olan polisiye t\u00fcr\u00fcnde eser veren yazar Zurnada Pe\u015frev Olmaz&#8217;da mizahi yaz\u0131lar\u0131n\u0131 toplad\u0131. 2027 Y\u0131l\u0131n\u0131n An\u0131lar\u0131 ise onun f\u00fct\u00fcrist bir \u00e7al\u0131\u015fmas\u0131d\u0131r. \u00c7ok y\u00f6nl\u00fc bir yazar olan Altan&#8217;\u0131n gezi yaz\u0131lar\u0131 Al \u0130\u015fte \u0130stanbul ve Bir U\u00e7tan Bir Uca adlar\u0131yla yay\u0131nland\u0131. Tarihinin Saklanan Y\u00fcz\u00fc ise onun Osmanl\u0131 tarihi \u00fczerine yapt\u0131\u011f\u0131 bir ara\u015ft\u0131rmad\u0131r.<\/p>\n<p>T\u00fcm yap\u0131tlar\u0131ndan \u00f6rneklerin topland\u0131\u011f\u0131 &#8220;Se\u00e7meler&#8221; 1992&#8217;de yay\u0131mland\u0131. 1997&#8217;de Se\u00e7meler geni\u015fletilerek D\u00fcnyada B\u0131rak\u0131lm\u0131\u015f Mektuplar ad\u0131yla tekrarland\u0131. Son 15 y\u0131l\u0131n g\u00fcnl\u00fck gazete yaz\u0131lar\u0131 da \u015eeytan\u0131n G\u00f6r Dedi\u011fi kitab\u0131yla okuyucuya ula\u015ft\u0131. Yazar son olarak \u00e7ocuklar i\u00e7in \u00f6zel bir yap\u0131t\u0131 ger\u00e7ekle\u015ftirdi, Alfabe. Elli y\u0131ll\u0131k yaz\u0131 ya\u015fam\u0131nda yaz\u0131lar\u0131ndan \u00f6t\u00fcr\u00fc pek \u00e7ok kez mahkemeye verilen Altan hakk\u0131nda a\u011f\u0131r cezada 300&#8217;den fazla dava a\u00e7\u0131ld\u0131. 1972 y\u0131l\u0131nda g\u00f6zalt\u0131 s\u00fcresi 24 saat olmas\u0131na kar\u015f\u0131n 15 g\u00fcn g\u00f6zalt\u0131nda tutuldu. \u00dc\u00e7 kez tutukland\u0131, iki kez mahk\u00fbm oldu ve iki y\u0131l cezaevinde yatt\u0131. Son olarak hakk\u0131nda 159. Maddeye dayan\u0131larak a\u00e7\u0131lan davada tek celsede beraat etti. \u00c7etin Altan k\u00f6\u015fe yaz\u0131lar\u0131na Milliyet gazetesinde devam ederken 22 Ekim 2015&#8217;de \u00f6ld\u00fc.. O\u011fullar\u0131 Ahmet Altan ve Mehmet Altan\u2019d\u0131r. K\u0131z\u0131 Zeynep Bakan&#8217;d\u0131r.<\/p>\n<p>Hayat hik\u00e2yesi, 1998 y\u0131l\u0131nda e\u015fi Solmaz K\u00e2muran taraf\u0131ndan \u0130pek B\u00f6ce\u011fi Cinayeti adl\u0131 kitapta kaleme al\u0131nm\u0131\u015ft\u0131r.<\/p>\n<!-- Error, Advert is not available at this time due to schedule\/geolocation restrictions! -->\n","protected":false},"excerpt":{"rendered":"<p>Usta gazeteci, yazar ve siyaset\u00e7i \u00c7etin Altan hayat\u0131n\u0131 kaybetti. \/ Son Dakika&#8230;<\/p>\n","protected":false},"author":4,"featured_media":220361,"comment_status":"open","ping_status":"open","sticky":false,"template":"","format":"standard","meta":{"_acf_changed":false,"footnotes":""},"categories":[6155,5005,6667,6202,349,6805],"tags":[5272,38180,38181,197771,27382],"class_list":["post-220358","post","type-post","status-publish","format-standard","has-post-thumbnail","hentry","category-gundem","category-manset","category-medya","category-politika","category-son-dakika","category-turkiye","tag-ahmet-altan","tag-cetin-altan","tag-cetin-altan-kimdir","tag-mehmet-altan","tag-son-dakika"],"acf":[],"_links":{"self":[{"href":"https:\/\/www.nationalturk.com\/tr\/wp-json\/wp\/v2\/posts\/220358","targetHints":{"allow":["GET"]}}],"collection":[{"href":"https:\/\/www.nationalturk.com\/tr\/wp-json\/wp\/v2\/posts"}],"about":[{"href":"https:\/\/www.nationalturk.com\/tr\/wp-json\/wp\/v2\/types\/post"}],"author":[{"embeddable":true,"href":"https:\/\/www.nationalturk.com\/tr\/wp-json\/wp\/v2\/users\/4"}],"replies":[{"embeddable":true,"href":"https:\/\/www.nationalturk.com\/tr\/wp-json\/wp\/v2\/comments?post=220358"}],"version-history":[{"count":0,"href":"https:\/\/www.nationalturk.com\/tr\/wp-json\/wp\/v2\/posts\/220358\/revisions"}],"wp:featuredmedia":[{"embeddable":true,"href":"https:\/\/www.nationalturk.com\/tr\/wp-json\/wp\/v2\/media\/220361"}],"wp:attachment":[{"href":"https:\/\/www.nationalturk.com\/tr\/wp-json\/wp\/v2\/media?parent=220358"}],"wp:term":[{"taxonomy":"category","embeddable":true,"href":"https:\/\/www.nationalturk.com\/tr\/wp-json\/wp\/v2\/categories?post=220358"},{"taxonomy":"post_tag","embeddable":true,"href":"https:\/\/www.nationalturk.com\/tr\/wp-json\/wp\/v2\/tags?post=220358"}],"curies":[{"name":"wp","href":"https:\/\/api.w.org\/{rel}","templated":true}]}}