{"id":220865,"date":"2015-11-02T16:09:34","date_gmt":"2015-11-02T14:09:34","guid":{"rendered":"http:\/\/www.nationalturk.com\/?p=220865"},"modified":"2015-11-02T16:09:34","modified_gmt":"2015-11-02T14:09:34","slug":"van-persie-kadroda-yok-220865","status":"publish","type":"post","link":"https:\/\/www.nationalturk.com\/tr\/van-persie-kadroda-yok-220865\/","title":{"rendered":"Van Persie kadroda yok!"},"content":{"rendered":"<p><img loading=\"lazy\" decoding=\"async\" class=\"alignnone size-large wp-image-220866\" src=\"http:\/\/www.nationalturk.com\/tr\/wp-content\/uploads\/2015\/11\/van_persie_antrenman-541x360.jpg\" alt=\"Van Persie\" width=\"541\" height=\"360\" title=\"\" srcset=\"https:\/\/www.nationalturk.com\/tr\/wp-content\/uploads\/2015\/11\/van_persie_antrenman-541x360.jpg 541w, https:\/\/www.nationalturk.com\/tr\/wp-content\/uploads\/2015\/11\/van_persie_antrenman-180x120.jpg 180w, https:\/\/www.nationalturk.com\/tr\/wp-content\/uploads\/2015\/11\/van_persie_antrenman-280x186.jpg 280w, https:\/\/www.nationalturk.com\/tr\/wp-content\/uploads\/2015\/11\/van_persie_antrenman.jpg 1200w\" sizes=\"auto, (max-width: 541px) 100vw, 541px\" \/><\/p>\n<h1>Hollanda Milli Futbol Tak\u0131m\u0131\u2019n\u0131n, Galler ve Almanya ile yapaca\u011f\u0131 haz\u0131rl\u0131k ma\u00e7lar\u0131n\u0131n aday kadrosu a\u00e7\u0131kland\u0131.<\/h1>\n<p>Teknik direkt\u00f6r Danny Blind, Galatasaray\u2019dan Wesley Sneijder\u2019i davet etti\u011fi 26 ki\u015filik aday kadroda, Fenerbah\u00e7e&#8217;den Robin van Persie&#8217;ye yer vermedi.<\/p>\n<p>Uzun zamand\u0131r sakatl\u0131\u011f\u0131ndan dolay\u0131 milli tak\u0131mdan ayr\u0131 kalan Arjen Robben\u2019in yan\u0131 s\u0131ra Feyenoord\u2019dan Marko Vejinovic\u2019in ilk kez dahil oldu\u011fu kadroya Memphis Depay ise sakatl\u0131\u011f\u0131 y\u00fcz\u00fcnden davet edilmedi.<\/p>\n<p>2016 Avrupa Futbol \u015eampiyonas\u0131 (EURO 2016) Elemeleri\u2019nde T\u00fcrkiye\u2019nin de yer ald\u0131\u011f\u0131 A Grubu\u2019nu 4. s\u0131rada tamamlayarak turnuvaya kat\u0131lma hakk\u0131n\u0131 kaybeden Hollanda, 13 Kas\u0131m\u2019da Galler, 17 Kas\u0131m\u2019da ise Almanya ile deplasmanda haz\u0131rl\u0131k ma\u00e7\u0131 yapacak.<\/p>\n<p>Hollanda\u2019n\u0131n aday kadrosunda bulunan isimler \u015f\u00f6yle:<\/p>\n<p>Kaleci: Jasper Cillessen (Ajax), Jeroen Zoet (PSV), Kenneth Vermeer (Feyenoord), Maarten Stekelenburg (Southampton)<\/p>\n<p>Defans: Daley Blind (Manchester United), Virgil van Dijk (Southampton), Jeffrey Bruma (PSV), Joel Veltman, Jairo Riedewald, Kenny Tete (Ajax), Terence Kongolo (Feyenoord), Daryl Janmaat (Newcastle United), Karim Rekik (Olympique Marsilya)<\/p>\n<p>Orta saha: Georginio Wijnaldum, Vurnon Anita (Newcastle United), Davy Klaassen (Ajax), Wesley Sneijder (Galatasaray), Jordy Clasie (Southampton), Marko Vejinovic (Feyenoord)<\/p>\n<p>Forvet: Bas Dost (Wolfsburg), Eljero Elia (Feyenoord), Anwar El Ghazi (Ajax), Klaas Jan Huntelaar (Schalke 04), Luuk de Jong (PSV), Quincy Promes (Spartak Moskova), Arjen Robben (Bayern M\u00fcnih)<\/p>\n<!-- Error, Advert is not available at this time due to schedule\/geolocation restrictions! -->\n","protected":false},"excerpt":{"rendered":"<p>Hollanda Milli Futbol Tak\u0131m\u0131\u2019n\u0131n, Galler ve Almanya ile yapaca\u011f\u0131 haz\u0131rl\u0131k ma\u00e7lar\u0131n\u0131n aday kadrosu a\u00e7\u0131kland\u0131.<\/p>\n","protected":false},"author":4,"featured_media":220867,"comment_status":"open","ping_status":"open","sticky":false,"template":"","format":"standard","meta":{"_acf_changed":false,"footnotes":""},"categories":[6774,6194],"tags":[1668,30888,30887,30889,30865,109127],"class_list":["post-220865","post","type-post","status-publish","format-standard","has-post-thumbnail","hentry","category-futbol","category-spor","tag-hollanda","tag-hollanda-kadro","tag-hollanda-kadrosu","tag-hollanda-milli-takimi-kadrosu","tag-robin-van-persie","tag-van-persie"],"acf":[],"_links":{"self":[{"href":"https:\/\/www.nationalturk.com\/tr\/wp-json\/wp\/v2\/posts\/220865","targetHints":{"allow":["GET"]}}],"collection":[{"href":"https:\/\/www.nationalturk.com\/tr\/wp-json\/wp\/v2\/posts"}],"about":[{"href":"https:\/\/www.nationalturk.com\/tr\/wp-json\/wp\/v2\/types\/post"}],"author":[{"embeddable":true,"href":"https:\/\/www.nationalturk.com\/tr\/wp-json\/wp\/v2\/users\/4"}],"replies":[{"embeddable":true,"href":"https:\/\/www.nationalturk.com\/tr\/wp-json\/wp\/v2\/comments?post=220865"}],"version-history":[{"count":0,"href":"https:\/\/www.nationalturk.com\/tr\/wp-json\/wp\/v2\/posts\/220865\/revisions"}],"wp:featuredmedia":[{"embeddable":true,"href":"https:\/\/www.nationalturk.com\/tr\/wp-json\/wp\/v2\/media\/220867"}],"wp:attachment":[{"href":"https:\/\/www.nationalturk.com\/tr\/wp-json\/wp\/v2\/media?parent=220865"}],"wp:term":[{"taxonomy":"category","embeddable":true,"href":"https:\/\/www.nationalturk.com\/tr\/wp-json\/wp\/v2\/categories?post=220865"},{"taxonomy":"post_tag","embeddable":true,"href":"https:\/\/www.nationalturk.com\/tr\/wp-json\/wp\/v2\/tags?post=220865"}],"curies":[{"name":"wp","href":"https:\/\/api.w.org\/{rel}","templated":true}]}}