{"id":220950,"date":"2015-11-03T16:26:17","date_gmt":"2015-11-03T14:26:17","guid":{"rendered":"http:\/\/www.nationalturk.com\/?p=220950"},"modified":"2022-10-07T13:18:38","modified_gmt":"2022-10-07T10:18:38","slug":"merkel-balkanlarda-catisma-istemiyorum-220950","status":"publish","type":"post","link":"https:\/\/www.nationalturk.com\/tr\/merkel-balkanlarda-catisma-istemiyorum-220950\/","title":{"rendered":"Merkel: Balkanlarda \u00e7at\u0131\u015fma istemiyorum"},"content":{"rendered":"<p><img loading=\"lazy\" decoding=\"async\" class=\"alignnone size-large wp-image-220951\" src=\"http:\/\/www.nationalturk.com\/tr\/wp-content\/uploads\/2015\/11\/merkel_81988888-480x360.jpg\" alt=\"Merkel\" width=\"610\" height=\"390\" title=\"\"><\/p>\n<h1>Almanya Ba\u015fbakan\u0131 Angela Merkel, s\u0131\u011f\u0131nmac\u0131 krizinden dolay\u0131 Balkanlarda yeniden askeri gerginlikler olmas\u0131n\u0131 istemedi\u011fini s\u00f6yledi.<\/h1>\n<p>Merkel, lideri oldu\u011fu Hristiyan Demokrat Parti&#8217;nin (CDU) Darmstadt kentinde d\u00fczenlenen bir etkinli\u011fi s\u0131ras\u0131nda yapt\u0131\u011f\u0131 konu\u015fmada, Balkanlardaki gerginlikten dolay\u0131 &#8220;Ben orada yeniden askeri gerginliklerin olmas\u0131n\u0131 istemiyorum&#8221; dedi.<\/p>\n<p>S\u0131n\u0131rlar\u0131n kapat\u0131lmas\u0131yla s\u0131\u011f\u0131nmac\u0131 sorunun \u00e7\u00f6z\u00fclemeyece\u011fini yineleyen Merkel, &#8220;Karamsar olmak istemiyorum. Ancak tart\u0131\u015fmalar\u0131n kavgalara, kavgalar\u0131n da hi\u00e7 birimizin istemedi\u011fi \u015feylere d\u00f6n\u00fc\u015fmesi d\u00fc\u015f\u00fcnd\u00fc\u011f\u00fcm\u00fczden daha h\u0131zl\u0131 geli\u015febilir&#8221; \u015feklinde konu\u015ftu.<\/p>\n<p>Merkel ayr\u0131ca Avusturya s\u0131n\u0131r\u0131n\u0131n kapat\u0131lmas\u0131 durumunda s\u0131\u011f\u0131nmac\u0131lar\u0131n ba\u015fka \u00fclkelerden Almanya&#8217;ya girmeye \u00e7al\u0131\u015faca\u011f\u0131n\u0131 da ifade etti.<\/p>\n<p>Etkinlikte baz\u0131 partililer Merkel&#8217;e s\u0131\u011f\u0131nmac\u0131 politikas\u0131 nedeniyle kamuoyundan tepki almaya ba\u015flad\u0131klar\u0131n\u0131 iletti. Merkel ise t\u00fcm partililerin konu\u015fmalar\u0131ndan notlar almas\u0131 dikkati \u00e7ekti.<\/p>\n<p>Almanya&#8217;n\u0131n balkan \u00fclkelerini 1 Kas\u0131m&#8217;dan itibaren &#8220;g\u00fcvenli \u00fclke&#8221; stat\u00fcs\u00fcne sokmas\u0131ndan dolay\u0131 balkanlardan Almanya&#8217;ya gelecek s\u0131\u011f\u0131nmac\u0131lar\u0131n geri g\u00f6nderilece\u011fi a\u00e7\u0131klanm\u0131\u015ft\u0131.,<\/p>\n<!-- Error, Advert is not available at this time due to schedule\/geolocation restrictions! -->\n","protected":false},"excerpt":{"rendered":"<p>Almanya Ba\u015fbakan\u0131 Angela Merkel, s\u0131\u011f\u0131nmac\u0131 krizinden dolay\u0131 Balkanlarda yeniden askeri gerginlikler olmas\u0131n\u0131 istemedi\u011fini s\u00f6yledi.<\/p>\n","protected":false},"author":4,"featured_media":220952,"comment_status":"open","ping_status":"open","sticky":false,"template":"","format":"standard","meta":{"_acf_changed":false,"footnotes":""},"categories":[6770,6665,6155,5005,6202],"tags":[6628,2517,142168,22916,72981,72964],"class_list":["post-220950","post","type-post","status-publish","format-standard","has-post-thumbnail","hentry","category-avrupa","category-dunya","category-gundem","category-manset","category-politika","tag-afganistan","tag-angela-merkel","tag-angela-merkel-aciklama","tag-merkel","tag-suriyeli-siginmacilar","tag-suriyeliler"],"acf":[],"_links":{"self":[{"href":"https:\/\/www.nationalturk.com\/tr\/wp-json\/wp\/v2\/posts\/220950","targetHints":{"allow":["GET"]}}],"collection":[{"href":"https:\/\/www.nationalturk.com\/tr\/wp-json\/wp\/v2\/posts"}],"about":[{"href":"https:\/\/www.nationalturk.com\/tr\/wp-json\/wp\/v2\/types\/post"}],"author":[{"embeddable":true,"href":"https:\/\/www.nationalturk.com\/tr\/wp-json\/wp\/v2\/users\/4"}],"replies":[{"embeddable":true,"href":"https:\/\/www.nationalturk.com\/tr\/wp-json\/wp\/v2\/comments?post=220950"}],"version-history":[{"count":0,"href":"https:\/\/www.nationalturk.com\/tr\/wp-json\/wp\/v2\/posts\/220950\/revisions"}],"wp:featuredmedia":[{"embeddable":true,"href":"https:\/\/www.nationalturk.com\/tr\/wp-json\/wp\/v2\/media\/220952"}],"wp:attachment":[{"href":"https:\/\/www.nationalturk.com\/tr\/wp-json\/wp\/v2\/media?parent=220950"}],"wp:term":[{"taxonomy":"category","embeddable":true,"href":"https:\/\/www.nationalturk.com\/tr\/wp-json\/wp\/v2\/categories?post=220950"},{"taxonomy":"post_tag","embeddable":true,"href":"https:\/\/www.nationalturk.com\/tr\/wp-json\/wp\/v2\/tags?post=220950"}],"curies":[{"name":"wp","href":"https:\/\/api.w.org\/{rel}","templated":true}]}}