{"id":220954,"date":"2015-11-03T17:04:32","date_gmt":"2015-11-03T15:04:32","guid":{"rendered":"http:\/\/www.nationalturk.com\/?p=220954"},"modified":"2015-11-03T17:04:32","modified_gmt":"2015-11-03T15:04:32","slug":"nokta-dergisinin-yoneticileri-tutuklandi-220954","status":"publish","type":"post","link":"https:\/\/www.nationalturk.com\/tr\/nokta-dergisinin-yoneticileri-tutuklandi-220954\/","title":{"rendered":"Nokta dergisinin y\u00f6neticileri tutukland\u0131"},"content":{"rendered":"<p><img loading=\"lazy\" decoding=\"async\" class=\"alignnone size-large wp-image-220955\" src=\"http:\/\/www.nationalturk.com\/tr\/wp-content\/uploads\/2015\/11\/nokta_dergisi_tutuklama-532x360.jpg\" alt=\"Nokta Dergisi\" width=\"610\" height=\"390\" title=\"\"><\/p>\n<h1>Nokta dergisinin bu haftaki say\u0131s\u0131n\u0131n kapa\u011f\u0131ndaki ifadelerin &#8221;su\u00e7 i\u015flemeye alenen tahrik&#8221; olu\u015fturdu\u011fu iddias\u0131yla\u00a0g\u00f6zalt\u0131na al\u0131nan derginin y\u00f6neticisi Cevheri G\u00fcven ve sorumlu yaz\u0131 i\u015fleri m\u00fcd\u00fcr\u00fc Murat \u00c7apan tutukland\u0131.<\/h1>\n<p>Emniyetteki i\u015flemlerinin ard\u0131ndan sabah \u00c7a\u011flayan&#8217;daki \u0130stanbul Adalet Saray\u0131&#8217;na sevk edilen G\u00fcven ve \u00c7apan, soru\u015fturmay\u0131 y\u00fcr\u00fcten savc\u0131l\u0131\u011fa ifade verdi.<\/p>\n<p>G\u00fcven ve \u00c7apan, tutuklanmalar\u0131 istemiyle g\u00f6nderildikleri \u0130stanbul 8. Sulh Ceza Hakimli\u011fi&#8217;nce, &#8220;T\u00fcrkiye Cumhuriyeti H\u00fck\u00fcmetine kar\u015f\u0131 silahl\u0131 isyan&#8221; su\u00e7undan tutukland\u0131.<\/p>\n<p>Hakimlik karar\u0131nda, derginin kapa\u011f\u0131nda &#8221;T\u00fcrkiye i\u00e7 sava\u015f\u0131n\u0131n ba\u015flang\u0131c\u0131&#8221; ba\u015fl\u0131\u011f\u0131n\u0131n kullan\u0131ld\u0131\u011f\u0131, dergi i\u00e7inde &#8221;92. y\u0131l\u0131nda bir \u00fclke \u00e7at\u0131rdarken, \u00e7at\u0131\u015fmal\u0131 d\u00f6nem&#8221; ba\u015fl\u0131\u011f\u0131 ile Cumhurba\u015fkan\u0131 Recep Tayyip Erdo\u011fan&#8217;\u0131n askeri k\u0131yafetle, elinde pimi \u00e7ekilmi\u015f el bombas\u0131 ve ba\u015f\u0131nda mi\u011ffer olan bir resmi bas\u0131larak, T\u00fcrkiye&#8217;de 7 Haziran ve 1 Kas\u0131m se\u00e7imleri aras\u0131nda ya\u015fanan olaylar\u0131n kaos ve sava\u015f ortam\u0131 olarak g\u00f6sterildi\u011fi belirtildi.<\/p>\n<p>Dergide, bunun sorumlusunun ba\u015fta Cumhurba\u015fkan\u0131 olmak \u00fczere devlet yetkilileri oldu\u011funun iddia edildi\u011fi anlat\u0131lan kararda, silahl\u0131 ter\u00f6r \u00f6rg\u00fctlerinin eylemlerinin isyan olarak de\u011ferlendirildi\u011fi, bu isyanlar\u0131n sorumlusunun da yine bu yetkililer oldu\u011funun \u00f6ne s\u00fcr\u00fcld\u00fc\u011f\u00fc kaydedildi.<\/p>\n<p>Kararda ayr\u0131ca, yaz\u0131 i\u00e7eri\u011finde siyah spotla &#8221;Hayati idame seti&#8221; ba\u015fl\u0131\u011f\u0131 alt\u0131nda &#8221;\u00e7at\u0131\u015fma ortam\u0131nda \u0131s\u0131 yal\u0131t\u0131ml\u0131 battaniye, yiyecek y\u0131\u011f\u0131na\u011f\u0131, su temizleme tabletleri, parakort ip, sapan, tel testere, b\u0131\u00e7ak ve ate\u015f yakmak i\u00e7in bulundurulmas\u0131 gereken malzemeler&#8221;in g\u00f6sterildi\u011fi belirtilerek, adeta \u00fclkede fiili sava\u015f \u00e7\u0131kt\u0131\u011f\u0131 alg\u0131s\u0131n\u0131n olu\u015fturuldu\u011fu, bu hususlarla birlikte de\u011ferlendirildi\u011finde, somut eylem \u00e7a\u011fr\u0131s\u0131n\u0131n mevcut oldu\u011fu ve i\u00e7eri\u011fin bas\u0131n \u00f6zg\u00fcrl\u00fc\u011f\u00fc kapsam\u0131nda de\u011ferlendirilemeyece\u011fi ifade edildi.<\/p>\n<p>Hakimlik karar\u0131nda, Bas\u0131n Kanunu&#8217;na g\u00f6re her iki \u015f\u00fcphelinin de sorumlu oldu\u011fu vurgulanarak, \u015f\u00fcphelilerin savunmalar\u0131 ve dergi i\u00e7eri\u011fine g\u00f6re kuvvetli su\u00e7 \u015f\u00fcphesini g\u00f6steren delillerin mevcut oldu\u011fu, istenen ceza miktar\u0131, \u015f\u00fcphelilerin eyleminin kamu d\u00fczeninin bozulmas\u0131na y\u00f6nelik olmas\u0131 sebebiyle her iki \u015f\u00fcpheli hakk\u0131nda tutuklama tedbirinin orant\u0131l\u0131 olaca\u011f\u0131 belirtildi.<\/p>\n<p>Nokta dergisinin bu haftaki say\u0131s\u0131n\u0131n, kapa\u011f\u0131ndaki ifadelerin &#8221;su\u00e7 i\u015flemeye alenen tahrik&#8221; olu\u015fturdu\u011fu gerek\u00e7esiyle toplat\u0131lmas\u0131na karar verilmi\u015f, derginin y\u00f6neticisi Cevheri G\u00fcven ve sorumlu yaz\u0131 i\u015fleri m\u00fcd\u00fcr\u00fc Murat \u00c7apan d\u00fcn g\u00f6zalt\u0131na al\u0131nm\u0131\u015ft\u0131.<\/p>\n<!-- Error, Advert is not available at this time due to schedule\/geolocation restrictions! -->\n","protected":false},"excerpt":{"rendered":"<p>Nokta dergisinin bu haftaki say\u0131s\u0131n\u0131n kapa\u011f\u0131ndaki ifadelerin &#8221;su\u00e7 i\u015flemeye alenen tahrik&#8221; olu\u015fturdu\u011fu iddias\u0131yla g\u00f6zalt\u0131na al\u0131nan derginin y\u00f6neticisi Cevheri G\u00fcven ve sorumlu yaz\u0131 i\u015fleri m\u00fcd\u00fcr\u00fc Murat \u00c7apan tutukland\u0131.<\/p>\n","protected":false},"author":4,"featured_media":220956,"comment_status":"open","ping_status":"open","sticky":false,"template":"","format":"standard","meta":{"_acf_changed":false,"footnotes":""},"categories":[6155,5005,6667,6202,349,6805],"tags":[198228,198229,198230,198225,198226,198232,198231,198227],"class_list":["post-220954","post","type-post","status-publish","format-standard","has-post-thumbnail","hentry","category-gundem","category-manset","category-medya","category-politika","category-son-dakika","category-turkiye","tag-cevheri-guven","tag-murat-capan","tag-murat-capan-tutuklandi","tag-nokta","tag-nokta-dergisi","tag-nokta-dergisi-baskin","tag-nokta-dergisi-baskisi","tag-nokta-dergisi-tutuklama"],"acf":[],"_links":{"self":[{"href":"https:\/\/www.nationalturk.com\/tr\/wp-json\/wp\/v2\/posts\/220954","targetHints":{"allow":["GET"]}}],"collection":[{"href":"https:\/\/www.nationalturk.com\/tr\/wp-json\/wp\/v2\/posts"}],"about":[{"href":"https:\/\/www.nationalturk.com\/tr\/wp-json\/wp\/v2\/types\/post"}],"author":[{"embeddable":true,"href":"https:\/\/www.nationalturk.com\/tr\/wp-json\/wp\/v2\/users\/4"}],"replies":[{"embeddable":true,"href":"https:\/\/www.nationalturk.com\/tr\/wp-json\/wp\/v2\/comments?post=220954"}],"version-history":[{"count":0,"href":"https:\/\/www.nationalturk.com\/tr\/wp-json\/wp\/v2\/posts\/220954\/revisions"}],"wp:featuredmedia":[{"embeddable":true,"href":"https:\/\/www.nationalturk.com\/tr\/wp-json\/wp\/v2\/media\/220956"}],"wp:attachment":[{"href":"https:\/\/www.nationalturk.com\/tr\/wp-json\/wp\/v2\/media?parent=220954"}],"wp:term":[{"taxonomy":"category","embeddable":true,"href":"https:\/\/www.nationalturk.com\/tr\/wp-json\/wp\/v2\/categories?post=220954"},{"taxonomy":"post_tag","embeddable":true,"href":"https:\/\/www.nationalturk.com\/tr\/wp-json\/wp\/v2\/tags?post=220954"}],"curies":[{"name":"wp","href":"https:\/\/api.w.org\/{rel}","templated":true}]}}