{"id":221144,"date":"2015-11-06T13:21:45","date_gmt":"2015-11-06T11:21:45","guid":{"rendered":"http:\/\/www.nationalturk.com\/?p=221144"},"modified":"2015-11-06T13:21:45","modified_gmt":"2015-11-06T11:21:45","slug":"babadagda-10-ayda-118-bin-ucus-221144","status":"publish","type":"post","link":"https:\/\/www.nationalturk.com\/tr\/babadagda-10-ayda-118-bin-ucus-221144\/","title":{"rendered":"Babada\u011f&#8217;da 10 ayda 118 bin u\u00e7u\u015f"},"content":{"rendered":"<p><img loading=\"lazy\" decoding=\"async\" class=\"alignnone size-large wp-image-221145\" src=\"http:\/\/www.nationalturk.com\/tr\/wp-content\/uploads\/2015\/11\/babadag_parasut-576x360.jpg\" alt=\"\" width=\"610\" height=\"390\" title=\"\"><\/p>\n<h1>D\u00fcnyan\u0131n en iyi yama\u00e7 para\u015f\u00fct\u00fc merkezleri aras\u0131nda g\u00f6sterilen Mu\u011fla&#8217;n\u0131n Fethiye il\u00e7esindeki Babada\u011f&#8217;dan, ge\u00e7en y\u0131l\u0131n 10 ayl\u0131k d\u00f6nemine oranla y\u00fczde 28 art\u0131\u015fla 118 bin 971 u\u00e7u\u015f yap\u0131ld\u0131.<\/h1>\n<p>Adrenalin tutkunu yerli ve yabanc\u0131 turistlere ev sahipli\u011fi yapan Babada\u011f Hava Sporlar\u0131 ve Rekreasyon Merkezi, her y\u0131l u\u00e7u\u015f rakamlar\u0131n\u0131 art\u0131rarak b\u00f6lge ekonomisine \u00f6nemli katk\u0131 sa\u011fl\u0131yor.<\/p>\n<p>Babada\u011f&#8217;\u0131n i\u015fletmecili\u011fini yapan Fethiye G\u00fc\u00e7 Birli\u011fi \u015eirketi ve Ticaret ve Sanayi Odas\u0131 Y\u00f6netim Kurulu Ba\u015fkan\u0131 Akif Ar\u0131can, gazetecilere yapt\u0131\u011f\u0131 a\u00e7\u0131klamada, ge\u00e7en y\u0131l koyduklar\u0131 100 bin u\u00e7u\u015f hedefini 10 ayl\u0131k d\u00f6nemde a\u015farak 118 bin 971 u\u00e7u\u015f say\u0131s\u0131na ula\u015ft\u0131klar\u0131n\u0131 dile getirdi. Ar\u0131can, iki ayl\u0131k d\u00f6nemde \u00f6ng\u00f6rd\u00fckleri 2 bin u\u00e7u\u015fla y\u0131l\u0131 120 bin u\u00e7u\u015fla kapatmay\u0131 planlad\u0131klar\u0131n\u0131 bildirdi.<\/p>\n<p>Ar\u0131can, yama\u00e7 para\u015f\u00fct\u00fc faaliyetinin b\u00f6lge esnaf\u0131na da katk\u0131 sundu\u011funu, k\u0131\u015f aylar\u0131nda il\u00e7e merkezindeki otellerin u\u00e7u\u015f yapmaya gelen yabanc\u0131 misafirler taraf\u0131ndan tercih edildi\u011fini ifade etti.<\/p>\n<p>&#8211; &#8220;Babada\u011f art\u0131k bir marka&#8221;<\/p>\n<p>Babada\u011f&#8217;\u0131 T\u00fcrkiye\u2019nin d\u00fcnyaya a\u00e7\u0131lan bir penceresi olarak g\u00f6rd\u00fcklerini anlatan Ar\u0131can, \u015f\u00f6yle konu\u015ftu:<\/p>\n<p>&#8220;Ge\u00e7en y\u0131l hizmete a\u00e7\u0131lan bin 200 pisti, Fethiye&#8217;de turizmin geli\u015fmesinde \u00f6nemli rol oynad\u0131. \u0130n\u015fallah bu b\u00f6yle devam edip gidecektir. Bu kadar u\u00e7u\u015f say\u0131s\u0131 i\u00e7erisinde tandem (ikili) u\u00e7u\u015fta \u00f6l\u00fcml\u00fc kaza olmad\u0131. Ancak, single (tekli) u\u00e7u\u015fta zaman zaman \u00f6l\u00fcml\u00fc kazalar ya\u015fan\u0131yor. Ama bu bizim elimizde de\u011fil. Burada \u00e7evre d\u00fczenlemesini, alt yap\u0131y\u0131 elimizden geldi\u011fince en iyi \u015fekilde yapmaya \u00e7al\u0131\u015f\u0131yoruz. Temennimiz hi\u00e7 \u00f6l\u00fcm olmadan bu y\u0131l\u0131 ge\u00e7irmek.&#8221;<\/p>\n<p>Akif Ar\u0131can, Babada\u011f&#8217;\u0131n art\u0131k bir marka olarak d\u00fcnyan\u0131n tan\u0131d\u0131\u011f\u0131 bir yer konumuna geldi\u011fini, \u00f6zellikle k\u0131\u015f aylar\u0131nda \u00c7in&#8217;den gelen turistlerin T\u00fcrkiye&#8217;ye ve Fethiye&#8217;ye \u00f6nemli katk\u0131 sundu\u011funu dile getirdi.<\/p>\n<p>&#8211; \u00c7inli turistler k\u0131\u015f\u0131n u\u00e7maya gelecek<\/p>\n<p>\u00d6l\u00fcdeniz Yama\u00e7 Para\u015f\u00fct\u00fc Kooperatif Ba\u015fkan\u0131 Celal Y\u0131ld\u0131z da yama\u00e7 para\u015f\u00fct\u00fc faaliyetinde bu y\u0131l, ge\u00e7en y\u0131la oranla rekor say\u0131da u\u00e7u\u015f ger\u00e7ekle\u015fti\u011fini kaydetti.<\/p>\n<p>U\u00e7u\u015f say\u0131lar\u0131n\u0131n artmas\u0131n\u0131n Fethiye b\u00f6lgesine ekonomik olarak \u00f6nemli katk\u0131lar sundu\u011funu aktaran Y\u0131ld\u0131z, &#8220;\u00d6zellikle \u00c7inli turistlerin buraya \u00e7ekme konusunda yama\u00e7 para\u015f\u00fct\u00fcn\u00fcn etkisi \u00e7ok b\u00fcy\u00fck. Fethiye ve \u00d6l\u00fcdeniz esnaf\u0131 bundan faydaland\u0131. Di\u011fer b\u00fct\u00fcn turizm \u015fehirlerinin g\u00f6z\u00fc burada oldu. Hepsi \u00c7inli turistin neden Fethiye&#8217;ye gitti\u011fini merak etti. Onlar buraya sadece u\u00e7mak i\u00e7in geliyorlar ve b\u00fct\u00fcn Fethiye bundan faydalan\u0131yor&#8221; dedi.<\/p>\n<p>Y\u0131ld\u0131z, yama\u00e7 para\u015f\u00fct\u00fc u\u00e7u\u015flar\u0131n\u0131n k\u0131\u015f\u0131n da devam edece\u011fini, b\u00f6ylece b\u00f6lgeye \u00e7ok say\u0131da \u00c7inli turistin gelece\u011fini s\u00f6zlerine ekledi.<\/p>\n<!-- Error, Advert is not available at this time due to schedule\/geolocation restrictions! -->\n","protected":false},"excerpt":{"rendered":"<p>D\u00fcnyan\u0131n en iyi yama\u00e7 para\u015f\u00fct\u00fc merkezleri aras\u0131nda g\u00f6sterilen Mu\u011fla&#8217;n\u0131n Fethiye il\u00e7esindeki Babada\u011f&#8217;dan, ge\u00e7en y\u0131l\u0131n 10 ayl\u0131k d\u00f6nemine oranla y\u00fczde 28 art\u0131\u015fla 118 bin 971 u\u00e7u\u015f yap\u0131ld\u0131.<\/p>\n","protected":false},"author":4,"featured_media":221146,"comment_status":"open","ping_status":"open","sticky":false,"template":"","format":"standard","meta":{"_acf_changed":false,"footnotes":""},"categories":[6155,5005,6805],"tags":[706,2797,1742],"class_list":["post-221144","post","type-post","status-publish","format-standard","has-post-thumbnail","hentry","category-gundem","category-manset","category-turkiye","tag-fethiye","tag-fethiye-yamac-parasutu","tag-yamac-parasutu"],"acf":[],"_links":{"self":[{"href":"https:\/\/www.nationalturk.com\/tr\/wp-json\/wp\/v2\/posts\/221144","targetHints":{"allow":["GET"]}}],"collection":[{"href":"https:\/\/www.nationalturk.com\/tr\/wp-json\/wp\/v2\/posts"}],"about":[{"href":"https:\/\/www.nationalturk.com\/tr\/wp-json\/wp\/v2\/types\/post"}],"author":[{"embeddable":true,"href":"https:\/\/www.nationalturk.com\/tr\/wp-json\/wp\/v2\/users\/4"}],"replies":[{"embeddable":true,"href":"https:\/\/www.nationalturk.com\/tr\/wp-json\/wp\/v2\/comments?post=221144"}],"version-history":[{"count":0,"href":"https:\/\/www.nationalturk.com\/tr\/wp-json\/wp\/v2\/posts\/221144\/revisions"}],"wp:featuredmedia":[{"embeddable":true,"href":"https:\/\/www.nationalturk.com\/tr\/wp-json\/wp\/v2\/media\/221146"}],"wp:attachment":[{"href":"https:\/\/www.nationalturk.com\/tr\/wp-json\/wp\/v2\/media?parent=221144"}],"wp:term":[{"taxonomy":"category","embeddable":true,"href":"https:\/\/www.nationalturk.com\/tr\/wp-json\/wp\/v2\/categories?post=221144"},{"taxonomy":"post_tag","embeddable":true,"href":"https:\/\/www.nationalturk.com\/tr\/wp-json\/wp\/v2\/tags?post=221144"}],"curies":[{"name":"wp","href":"https:\/\/api.w.org\/{rel}","templated":true}]}}