{"id":221148,"date":"2015-11-06T13:26:00","date_gmt":"2015-11-06T11:26:00","guid":{"rendered":"http:\/\/www.nationalturk.com\/?p=221148"},"modified":"2015-11-06T13:26:00","modified_gmt":"2015-11-06T11:26:00","slug":"turk-heykeltiras-new-yorkta-sergi-acti-221148","status":"publish","type":"post","link":"https:\/\/www.nationalturk.com\/tr\/turk-heykeltiras-new-yorkta-sergi-acti-221148\/","title":{"rendered":"T\u00fcrk heykelt\u0131ra\u015f New York&#8217;ta sergi a\u00e7t\u0131"},"content":{"rendered":"<p><img loading=\"lazy\" decoding=\"async\" class=\"alignnone size-large wp-image-221149\" src=\"http:\/\/www.nationalturk.com\/tr\/wp-content\/uploads\/2015\/11\/sebnem_keceli-468x360.jpg\" alt=\"\u015eebnem Ke\u00e7eli\" width=\"610\" height=\"420\" title=\"\"><\/p>\n<h1>T\u00fcrk heykelt\u0131ra\u015f \u015eebnem Ke\u00e7eli New York&#8217;ta &#8220;\u0130fade \u015eekilleri&#8221; adl\u0131 bir sergi a\u00e7t\u0131.<\/h1>\n<p>New York&#8217;un \u00e7a\u011fda\u015f sanat galerilerinin yo\u011funlukta oldu\u011fu Chelsea&#8217;de Agora Galeri&#8217;de sergi a\u00e7an Ke\u00e7eli be\u015f eseriyle do\u011fan\u0131n ve k\u00fclt\u00fcr\u00fcn zaman i\u00e7erisindeki de\u011fi\u015fim ve d\u00f6n\u00fc\u015f\u00fcm\u00fcn\u00fc ele al\u0131yor.<\/p>\n<p>Sergide yer alan eserlerinde d\u00f6n\u00fc\u015f\u00fcm fikrini ele alan sanat\u00e7\u0131 \u00e7al\u0131\u015fmalar\u0131nda bronz, mermer, al\u00fcminyum, demir, g\u00fcm\u00fc\u015f ve ah\u015fam malzemeler kullan\u0131yor.<\/p>\n<p>Sanat\u00e7\u0131 sergisiyle ilgili yapt\u0131\u011f\u0131 a\u00e7\u0131klamada &#8220;insan\u0131 insan yapan de\u011ferlerin alt\u0131n\u0131 \u00e7izdi\u011fi&#8221;ni kaydetti.<\/p>\n<p>Ke\u00e7eli&#8217;nin sergisi 24 Kas\u0131m&#8217;a kadar a\u00e7\u0131k kalacak.<\/p>\n<p>Sanat\u00e7\u0131, New York&#8217;taki sergisinden \u00f6nce Almanya&#8217;n\u0131n K\u00f6ln kentindeki Art Bridge sanat projesi kapsam\u0131nda &#8220;Mutluluk&#8221; ba\u015fl\u0131kl\u0131 sergiye kat\u0131ld\u0131.<\/p>\n<p>Ankara \u00dcniversitesi Dil Tarih ve Co\u011frafya Fak\u00fcltesi Amerikan K\u00fclt\u00fcr\u00fc ve Edebiyat\u0131 mezunu olan sanat\u00e7\u0131n\u0131n, Yeditepe \u00dcniversitesi&#8217;nden Plastik Sanatlar Y\u00fcksek Lisans\u0131 bulunuyor.<\/p>\n<!-- Error, Advert is not available at this time due to schedule\/geolocation restrictions! -->\n","protected":false},"excerpt":{"rendered":"<p>T\u00fcrk heykelt\u0131ra\u015f \u015eebnem Ke\u00e7eli New York&#8217;ta &#8220;\u0130fade \u015eekilleri&#8221; adl\u0131 bir sergi a\u00e7t\u0131.<\/p>\n","protected":false},"author":4,"featured_media":221150,"comment_status":"open","ping_status":"open","sticky":false,"template":"","format":"standard","meta":{"_acf_changed":false,"footnotes":""},"categories":[6768,6665,6670],"tags":[4763,166878],"class_list":["post-221148","post","type-post","status-publish","format-standard","has-post-thumbnail","hentry","category-amerika","category-dunya","category-sanat","tag-amerika","tag-new-york-sergi"],"acf":[],"_links":{"self":[{"href":"https:\/\/www.nationalturk.com\/tr\/wp-json\/wp\/v2\/posts\/221148","targetHints":{"allow":["GET"]}}],"collection":[{"href":"https:\/\/www.nationalturk.com\/tr\/wp-json\/wp\/v2\/posts"}],"about":[{"href":"https:\/\/www.nationalturk.com\/tr\/wp-json\/wp\/v2\/types\/post"}],"author":[{"embeddable":true,"href":"https:\/\/www.nationalturk.com\/tr\/wp-json\/wp\/v2\/users\/4"}],"replies":[{"embeddable":true,"href":"https:\/\/www.nationalturk.com\/tr\/wp-json\/wp\/v2\/comments?post=221148"}],"version-history":[{"count":0,"href":"https:\/\/www.nationalturk.com\/tr\/wp-json\/wp\/v2\/posts\/221148\/revisions"}],"wp:featuredmedia":[{"embeddable":true,"href":"https:\/\/www.nationalturk.com\/tr\/wp-json\/wp\/v2\/media\/221150"}],"wp:attachment":[{"href":"https:\/\/www.nationalturk.com\/tr\/wp-json\/wp\/v2\/media?parent=221148"}],"wp:term":[{"taxonomy":"category","embeddable":true,"href":"https:\/\/www.nationalturk.com\/tr\/wp-json\/wp\/v2\/categories?post=221148"},{"taxonomy":"post_tag","embeddable":true,"href":"https:\/\/www.nationalturk.com\/tr\/wp-json\/wp\/v2\/tags?post=221148"}],"curies":[{"name":"wp","href":"https:\/\/api.w.org\/{rel}","templated":true}]}}