{"id":221398,"date":"2015-11-10T16:28:16","date_gmt":"2015-11-10T14:28:16","guid":{"rendered":"http:\/\/www.nationalturk.com\/?p=221398"},"modified":"2022-10-04T09:49:44","modified_gmt":"2022-10-04T06:49:44","slug":"maldivlerde-normale-donus-221398","status":"publish","type":"post","link":"https:\/\/www.nationalturk.com\/tr\/maldivlerde-normale-donus-221398\/","title":{"rendered":"Maldivler&#8217;de normale d\u00f6n\u00fc\u015f"},"content":{"rendered":"<h1>Maldivler&#8217;de Devlet Ba\u015fkan\u0131 Yamin Abd\u00fcl Gayyum, \u00fclkede ge\u00e7en hafta ilan etti\u011fi ola\u011fan\u00fcst\u00fc hali kald\u0131rd\u0131.<\/h1>\n<p>Maldivler Ba\u015fsavc\u0131s\u0131 Muhammed Anil, Gayyum&#8217;un, teknesinde meydana gelen patlama ve ge\u00e7en hafta ba\u015f\u0131nda konutunun yak\u0131nlar\u0131nda bulunan el yap\u0131m\u0131 bombaya ili\u015fkin y\u00fcr\u00fct\u00fclen soru\u015fturmada sa\u011flanan ilerleme nedeniyle ola\u011fan\u00fcst\u00fc hal uygulamas\u0131n\u0131 kald\u0131rma karar\u0131 ald\u0131\u011f\u0131n\u0131 a\u00e7\u0131klad\u0131.<\/p>\n<p>Anil, Devlet Ba\u015fkan\u0131&#8217;n\u0131n ayr\u0131ca uluslararas\u0131 toplumun ola\u011fan\u00fcst\u00fc halin kald\u0131r\u0131lmas\u0131 y\u00f6n\u00fcndeki \u00e7a\u011fr\u0131lar\u0131n\u0131 dikkate ald\u0131\u011f\u0131n\u0131 ve uygulaman\u0131n turizme olumsuz etkisini azaltmak istedi\u011fini s\u00f6yledi.<\/p>\n<p>Maldivler Devlet Ba\u015fkan\u0131 Yamin Abd\u00fcl Gayyum, eyl\u00fcl ay\u0131nda teknesinde meydana gelen patlama ve ge\u00e7en hafta ba\u015f\u0131nda konutunun yak\u0131nlar\u0131nda el yap\u0131m\u0131 bomba bulunmas\u0131 \u00fczerine \u00fclke genelinde 30 g\u00fcnl\u00fck ola\u011fan\u00fcst\u00fc hal ilan etmi\u015fti.<\/p>\n<p>Gayyum, teknedeki patlamadan yara almadan kurtulurken, e\u015fi ve iki yard\u0131mc\u0131s\u0131 yaralanm\u0131\u015ft\u0131.<\/p>\n<span style=\"font-weight: bold; color: #f00;\">Error, group does not exist! Check your syntax! (ID: 62)<\/span>\n","protected":false},"excerpt":{"rendered":"<p>Maldivler&#8217;de Devlet Ba\u015fkan\u0131 Yamin Abd\u00fcl Gayyum, \u00fclkede ge\u00e7en hafta ilan etti\u011fi ola\u011fan\u00fcst\u00fc hali kald\u0131rd\u0131.<\/p>\n","protected":false},"author":4,"featured_media":221400,"comment_status":"open","ping_status":"open","sticky":false,"template":"","format":"standard","meta":{"_acf_changed":false,"footnotes":""},"categories":[6769,6665,6155,220968,5005,6202],"tags":[841,108906,186495],"class_list":["post-221398","post","type-post","status-publish","format-standard","has-post-thumbnail","hentry","category-asya","category-dunya","category-gundem","category-maldivler","category-manset","category-politika","tag-maldivler","tag-maldivler-turizm","tag-yamin-abdul-gayyum"],"acf":[],"_links":{"self":[{"href":"https:\/\/www.nationalturk.com\/tr\/wp-json\/wp\/v2\/posts\/221398","targetHints":{"allow":["GET"]}}],"collection":[{"href":"https:\/\/www.nationalturk.com\/tr\/wp-json\/wp\/v2\/posts"}],"about":[{"href":"https:\/\/www.nationalturk.com\/tr\/wp-json\/wp\/v2\/types\/post"}],"author":[{"embeddable":true,"href":"https:\/\/www.nationalturk.com\/tr\/wp-json\/wp\/v2\/users\/4"}],"replies":[{"embeddable":true,"href":"https:\/\/www.nationalturk.com\/tr\/wp-json\/wp\/v2\/comments?post=221398"}],"version-history":[{"count":0,"href":"https:\/\/www.nationalturk.com\/tr\/wp-json\/wp\/v2\/posts\/221398\/revisions"}],"wp:featuredmedia":[{"embeddable":true,"href":"https:\/\/www.nationalturk.com\/tr\/wp-json\/wp\/v2\/media\/221400"}],"wp:attachment":[{"href":"https:\/\/www.nationalturk.com\/tr\/wp-json\/wp\/v2\/media?parent=221398"}],"wp:term":[{"taxonomy":"category","embeddable":true,"href":"https:\/\/www.nationalturk.com\/tr\/wp-json\/wp\/v2\/categories?post=221398"},{"taxonomy":"post_tag","embeddable":true,"href":"https:\/\/www.nationalturk.com\/tr\/wp-json\/wp\/v2\/tags?post=221398"}],"curies":[{"name":"wp","href":"https:\/\/api.w.org\/{rel}","templated":true}]}}