{"id":221565,"date":"2015-11-12T12:29:15","date_gmt":"2015-11-12T10:29:15","guid":{"rendered":"http:\/\/www.nationalturk.com\/?p=221565"},"modified":"2023-08-11T12:51:33","modified_gmt":"2023-08-11T09:51:33","slug":"akhisarda-cifte-cinayet-eski-esi-ve-kayinpederini-oldurdu-221565","status":"publish","type":"post","link":"https:\/\/www.nationalturk.com\/tr\/akhisarda-cifte-cinayet-eski-esi-ve-kayinpederini-oldurdu-221565\/","title":{"rendered":"Akhisar&#8217;da \u00e7ifte cinayet! Eski e\u015fi ve kay\u0131npederini \u00f6ld\u00fcrd\u00fc"},"content":{"rendered":"<p><img loading=\"lazy\" decoding=\"async\" class=\"alignnone size-large wp-image-221566\" src=\"http:\/\/www.nationalturk.com\/tr\/wp-content\/uploads\/2015\/11\/olay_yeri-610x360.jpg\" alt=\"\" width=\"610\" height=\"360\" title=\"\" srcset=\"https:\/\/www.nationalturk.com\/tr\/wp-content\/uploads\/2015\/11\/olay_yeri-610x360.jpg 610w, https:\/\/www.nationalturk.com\/tr\/wp-content\/uploads\/2015\/11\/olay_yeri-280x165.jpg 280w, https:\/\/www.nationalturk.com\/tr\/wp-content\/uploads\/2015\/11\/olay_yeri.jpg 1200w\" sizes=\"auto, (max-width: 610px) 100vw, 610px\" \/><\/p>\n<h1>Manisa&#8217;n\u0131n Akhisar il\u00e7esinde, H.\u00d6. adl\u0131 ki\u015fi bo\u015fand\u0131\u011f\u0131 e\u015fi Derya \u00dclker ve eski kay\u0131npederi \u0130smail \u00dclker&#8217;i pompal\u0131 t\u00fcfekle \u00f6ld\u00fcrd\u00fc.<\/h1>\n<p>Al\u0131nan bilgiye g\u00f6re, H.\u00d6. bir s\u00fcre \u00f6nce bo\u015fand\u0131\u011f\u0131 e\u015fi Derya \u00dclker ve babas\u0131 \u0130smail \u00dclker ile \u0130n\u00f6n\u00fc Mahallesinde kar\u015f\u0131la\u015ft\u0131.\u00a0Burada eski e\u015fi ve kay\u0131npederi ile tart\u0131\u015fan H.\u00d6. yan\u0131nda getirdi\u011fi pompal\u0131 t\u00fcfekle her ikisine de ate\u015f etti.\u00a0V\u00fccutlar\u0131n\u0131n \u00e7e\u015fitli yerlerinden vurulan baba \u0130smail \u00dclker olay yerinde, Derya \u00dclker ise kald\u0131r\u0131ld\u0131\u011f\u0131 Akhisar Mustafa Kirazo\u011flu Devlet Hastanesinde hayat\u0131n\u0131 kaybetti.<\/p>\n<p>Polis, olay\u0131n ard\u0131ndan ka\u00e7an H.\u00d6&#8217;y\u00fc yakalayarak g\u00f6zalt\u0131na ald\u0131.\u00a0Olayla ilgili soru\u015fturma s\u00fcr\u00fcyor.<\/p>\n<!-- Error, Advert is not available at this time due to schedule\/geolocation restrictions! -->\n","protected":false},"excerpt":{"rendered":"<p>Manisa&#8217;n\u0131n Akhisar il\u00e7esinde, H.\u00d6. adl\u0131 ki\u015fi bo\u015fand\u0131\u011f\u0131 e\u015fi Derya \u00dclker ve eski kay\u0131npederi \u0130smail \u00dclker&#8217;i pompal\u0131 t\u00fcfekle \u00f6ld\u00fcrd\u00fc.<\/p>\n","protected":false},"author":4,"featured_media":221567,"comment_status":"open","ping_status":"open","sticky":false,"template":"","format":"standard","meta":{"_acf_changed":false,"footnotes":""},"categories":[6155,349,6805],"tags":[55563,7390,221292,3144],"class_list":["post-221565","post","type-post","status-publish","format-standard","has-post-thumbnail","hentry","category-gundem","category-son-dakika","category-turkiye","tag-akhisar","tag-cinayet","tag-cinayet-haberleri","tag-manisa"],"acf":[],"_links":{"self":[{"href":"https:\/\/www.nationalturk.com\/tr\/wp-json\/wp\/v2\/posts\/221565","targetHints":{"allow":["GET"]}}],"collection":[{"href":"https:\/\/www.nationalturk.com\/tr\/wp-json\/wp\/v2\/posts"}],"about":[{"href":"https:\/\/www.nationalturk.com\/tr\/wp-json\/wp\/v2\/types\/post"}],"author":[{"embeddable":true,"href":"https:\/\/www.nationalturk.com\/tr\/wp-json\/wp\/v2\/users\/4"}],"replies":[{"embeddable":true,"href":"https:\/\/www.nationalturk.com\/tr\/wp-json\/wp\/v2\/comments?post=221565"}],"version-history":[{"count":0,"href":"https:\/\/www.nationalturk.com\/tr\/wp-json\/wp\/v2\/posts\/221565\/revisions"}],"wp:featuredmedia":[{"embeddable":true,"href":"https:\/\/www.nationalturk.com\/tr\/wp-json\/wp\/v2\/media\/221567"}],"wp:attachment":[{"href":"https:\/\/www.nationalturk.com\/tr\/wp-json\/wp\/v2\/media?parent=221565"}],"wp:term":[{"taxonomy":"category","embeddable":true,"href":"https:\/\/www.nationalturk.com\/tr\/wp-json\/wp\/v2\/categories?post=221565"},{"taxonomy":"post_tag","embeddable":true,"href":"https:\/\/www.nationalturk.com\/tr\/wp-json\/wp\/v2\/tags?post=221565"}],"curies":[{"name":"wp","href":"https:\/\/api.w.org\/{rel}","templated":true}]}}