{"id":221694,"date":"2015-11-13T19:30:23","date_gmt":"2015-11-13T17:30:23","guid":{"rendered":"http:\/\/www.nationalturk.com\/?p=221694"},"modified":"2024-09-23T18:43:37","modified_gmt":"2024-09-23T15:43:37","slug":"inanilmaz-iddaabesiktas-yonetimi-fulyaya-ekspertiz-getirdi-mi-221694","status":"publish","type":"post","link":"https:\/\/www.nationalturk.com\/tr\/inanilmaz-iddaabesiktas-yonetimi-fulyaya-ekspertiz-getirdi-mi-221694\/","title":{"rendered":"\u0130nan\u0131lmaz iddaa\u2026Be\u015fikta\u015f y\u00f6netimi Fulya\u2019ya ekspertiz getirdi mi?"},"content":{"rendered":"<h3><a href=\"http:\/\/www.nationalturk.com\/tr\/wp-content\/uploads\/2015\/11\/fulyayi-ipotek-ettirip-kredi-mi-alacakar-besiktasin-borcunu-arttirarak-kredi-almak-fikret-orman-besiktas-denizbank.jpg\"><img loading=\"lazy\" decoding=\"async\" class=\"alignnone size-full wp-image-221697\" src=\"http:\/\/www.nationalturk.com\/tr\/wp-content\/uploads\/2015\/11\/fulyayi-ipotek-ettirip-kredi-mi-alacakar-besiktasin-borcunu-arttirarak-kredi-almak-fikret-orman-besiktas-denizbank.jpg\" alt=\"fulyayi-ipotek-ettirip-kredi-mi-alacakar-besiktasin-borcunu-arttirarak-kredi-almak-fikret-orman-besiktas-denizbank\" width=\"610\" height=\"457\" title=\"\" srcset=\"https:\/\/www.nationalturk.com\/tr\/wp-content\/uploads\/2015\/11\/fulyayi-ipotek-ettirip-kredi-mi-alacakar-besiktasin-borcunu-arttirarak-kredi-almak-fikret-orman-besiktas-denizbank.jpg 610w, https:\/\/www.nationalturk.com\/tr\/wp-content\/uploads\/2015\/11\/fulyayi-ipotek-ettirip-kredi-mi-alacakar-besiktasin-borcunu-arttirarak-kredi-almak-fikret-orman-besiktas-denizbank-280x210.jpg 280w, https:\/\/www.nationalturk.com\/tr\/wp-content\/uploads\/2015\/11\/fulyayi-ipotek-ettirip-kredi-mi-alacakar-besiktasin-borcunu-arttirarak-kredi-almak-fikret-orman-besiktas-denizbank-481x360.jpg 481w\" sizes=\"auto, (max-width: 610px) 100vw, 610px\" \/><\/a><\/h3>\n<h3>Stad\u0131 hala bitirememesine ra\u011fmen Be\u015fikta\u015f&#8217;\u0131n borcunu 926 milyon liraya \u00e7\u0131karan Fikret Orman y\u00f6netimi hakk\u0131nda \u015fok bir iddia daha ortaya at\u0131ld\u0131. \u0130ddiaya g\u00f6re y\u00f6netim, 250 milyon dolar kredi alabilmek i\u00e7in Fulya&#8217;y\u0131 700 milyona ipotek etti!<\/h3>\n<p><strong>Be\u015fikta\u015f Postas\u0131&#8217;n\u0131n Haberine G\u00f6re;<\/strong><\/p>\n<p>Be\u015fikta\u015f&#8217;\u0131n y\u0131llarca sporcu yeti\u015ftirdi\u011fi S\u00fcleyman Seba&#8217;n\u0131n miras\u0131 olarak g\u00f6r\u00fclen Fulya&#8217;da skandal geli\u015fmeler bitmiyor! Be\u015fikta\u015f y\u00f6netiminin 926 milyon liral\u0131k borcu bor\u00e7la kapama \u00e7abas\u0131 Fulya&#8217;y\u0131 Be\u015fikta\u015f&#8217;\u0131n elinden u\u00e7urabilir!<\/p>\n<p>Bug\u00fcn medyaya d\u00fc\u015fen haberlere g\u00f6re Fikret Orman y\u00f6netimi,\u00a0Denizbank \u00f6nderli\u011finde olu\u015fturulacak ve i\u00e7inde yabanc\u0131 bankalar\u0131n da olaca\u011f\u0131 konsorsiyumdan 250 milyon dolar kredi \u00e7ekmek i\u00e7in aylard\u0131r s\u00fcren g\u00f6r\u00fc\u015fmelerde b\u00fcy\u00fck a\u015fama kaydetti. Be\u015fikta\u015f&#8217;\u0131n gelirlerini art\u0131rmak yerine yeni bir b\u00fcy\u00fck borca bat\u0131r\u0131lmas\u0131 haricinde daha skandal bir iddia daha ortaya at\u0131ld\u0131.<\/p>\n<p>Bu hafta i\u00e7inde ekspertizlerin Fulya S\u00fcleyman Seba Kompleksi&#8217;ne gelerek Be\u015fikta\u015f&#8217;a ait b\u00f6l\u00fcmlerde de\u011ferleme \u00e7al\u0131\u015fmas\u0131 yapt\u0131\u011f\u0131 ileri s\u00fcr\u00fcld\u00fc. Kul\u00fcpten s\u0131zan haberlere g\u00f6re ekspertizler Fulya i\u00e7in sadece 700 milyon lira de\u011fer bi\u00e7ti. Bu i\u015flemin ise 250 milyon dolarl\u0131k kredide Fulya&#8217;n\u0131n ipotek edilmesi i\u00e7in\u00a0yapt\u0131r\u0131ld\u0131\u011f\u0131 \u00f6\u011frenildi.<\/p>\n<p>926 milyon liral\u0131k\u00a0borcun frenlenememesi ve taraftarlardan tepkiler ya\u011fmas\u0131 \u00fczerine gizli bir \u015fekilde Fulya&#8217;n\u0131n sat\u0131\u015f\u0131n\u0131n g\u00fcndeme getirildi\u011fi, eksperlerin Fulya&#8217;ya \u00e7a\u011fr\u0131larak sat\u0131lmas\u0131 i\u00e7in \u00f6n yoklama yap\u0131ld\u0131\u011f\u0131 da iddialar aras\u0131nda.<\/p>\n<p>E\u011fer ipotek iddialar\u0131 do\u011fruysa, 250 milyon dolarl\u0131k kredinin geri \u00f6demesinde sorun ya\u015famas\u0131 halinde Fulya&#8217;n\u0131n Be\u015fikta\u015f&#8217;\u0131n elinden al\u0131nmas\u0131 da resmen kul\u00fcb\u00fcn g\u00fcndemine girmi\u015f olacak.<\/p>\n<p><a href=\"http:\/\/www.nationalturk.com\/tr\/wp-content\/uploads\/2015\/11\/fulya-projesi.jpg\"><img loading=\"lazy\" decoding=\"async\" class=\"alignnone size-full wp-image-221696\" src=\"http:\/\/www.nationalturk.com\/tr\/wp-content\/uploads\/2015\/11\/fulya-projesi.jpg\" alt=\"fulya-projesi\" width=\"610\" height=\"327\" title=\"\" srcset=\"https:\/\/www.nationalturk.com\/tr\/wp-content\/uploads\/2015\/11\/fulya-projesi.jpg 610w, https:\/\/www.nationalturk.com\/tr\/wp-content\/uploads\/2015\/11\/fulya-projesi-280x150.jpg 280w\" sizes=\"auto, (max-width: 610px) 100vw, 610px\" \/><\/a><\/p>\n<h4>MAHKEMEDE OLAN FULYA DAVASI H\u0130\u00c7E M\u0130 SAYILIYOR?<\/h4>\n<p>Halen 6.Asliye Hukuk Mahkemesinde devam eden Fulya Davas\u0131n\u0131n da mahkemede ak\u0131beti devam ederken,Be\u015fikta\u015f taraftar\u0131 y\u00f6netimi hem devam eden davaya kar\u015f\u0131 umursamazsa Fulya&#8217;y\u0131 sat\u0131\u015fa \u00e7\u0131karma,hem de S\u00fcleyman Seba&#8217;n\u0131n ilkelerine kar\u015f\u0131 gelmekle su\u00e7lad\u0131.<\/p>\n<p>Fulya Davas\u0131n\u0131n kazan\u0131lmas\u0131 ile kul\u00fcb\u00fcn 2008 y\u0131l\u0131na tekab\u00fcl eden mali kriterlere geri d\u00f6nece\u011fi ve 150 milyon dolara varan rakamlar\u0131n tekrar kul\u00fcbe iadesi s\u00f6z konusuyken y\u00f6netimin neyi d\u00fc\u015f\u00fcnerek Fulyay\u0131 temliklettirerek ilerde olu\u015fabilecek olan,kredilerin \u00f6denememesi durumunda,satmaya meilli bir hareket etme iddaas\u0131 \u00f6n\u00fcm\u00fczdeki g\u00fcnlerde \u015fekillenecek.<\/p>\n<h4>\u00d6NCE TEML\u0130KLETT\u0130R\u0130P SONRA SATACAKLAR MI?<\/h4>\n<p>Be\u015fikta\u015f&#8217;\u0131n zarara u\u011frat\u0131ld\u0131\u011f\u0131 dava olarak kamuoyunda yer edinen Fulya&#8217;da 2.ba\u015fkan Ahmet Nur \u00c7ebi de Be\u015fikta\u015f&#8217;\u0131n Fulya Davas\u0131nda zarara u\u011frat\u0131ld\u0131\u011f\u0131n\u0131 beyan etmi\u015fti.Bir di\u011fer iddaa ise Fulya&#8217;y\u0131 \u00f6nce temliklettirerek daha sonra sat\u0131\u015f\u0131n\u0131 me\u015fru k\u0131lmak \u00fczerine oldu.Taraftarlar\u0131n baz\u0131lar\u0131n\u0131n bu yolla Fulya&#8217;n\u0131n sat\u0131laca\u011f\u0131na dair iddaalar s\u00f6z konusu.<\/p>\n<h4>NEDEN AYNI BANKA \u0130S\u0130MLER\u0130 S\u00d6Z KONUSU<\/h4>\n<p>Di\u011fer yandan s\u00fcrekli olarak ayn\u0131 bankalardan kredi al\u0131nmas\u0131ysa ak\u0131llara soru i\u015fareti d\u00fc\u015f\u00fcren di\u011fer muamma oldu.Fulya&#8217;n\u0131n temliklettirilmesine ili\u015fkin iddaalarda daha \u00f6nce yine kredi al\u0131nan ayn\u0131 bankan\u0131n ismi ge\u00e7mekte.<\/p>\n<p>Be\u015fikta\u015f y\u00f6netiminin Fulya&#8217;ya ili\u015fkin iddaalara kar\u015f\u0131 tasavvufunun ne olaca\u011f\u0131n\u0131 ilerleyen g\u00fcnler g\u00f6sterecek.<\/p>\n<h4>\u0130\u015fte Fulya&#8217;n\u0131n temliklettirilmesine ili\u015fkin olarak g\u00fcndeme gelen iddaalara kar\u015f\u0131 Twitter&#8217;dan tepkiler<\/h4>\n<p><a href=\"http:\/\/www.nationalturk.com\/tr\/wp-content\/uploads\/2015\/11\/fulyay\u0131-ipotek-ettirip-kredimi-alacaklar-besiktas-fikret-orman-besiktasin-borcu-icin-kredi.jpg\"><img loading=\"lazy\" decoding=\"async\" class=\"alignnone size-full wp-image-221699\" src=\"http:\/\/www.nationalturk.com\/tr\/wp-content\/uploads\/2015\/11\/fulyay\u0131-ipotek-ettirip-kredimi-alacaklar-besiktas-fikret-orman-besiktasin-borcu-icin-kredi.jpg\" alt=\"fulyay\u0131-ipotek-ettirip-kredimi-alacaklar-besiktas-fikret-orman-besiktasin-borcu-icin-kredi\" width=\"461\" height=\"424\" title=\"\" srcset=\"https:\/\/www.nationalturk.com\/tr\/wp-content\/uploads\/2015\/11\/fulyay\u0131-ipotek-ettirip-kredimi-alacaklar-besiktas-fikret-orman-besiktasin-borcu-icin-kredi.jpg 461w, https:\/\/www.nationalturk.com\/tr\/wp-content\/uploads\/2015\/11\/fulyay\u0131-ipotek-ettirip-kredimi-alacaklar-besiktas-fikret-orman-besiktasin-borcu-icin-kredi-239x220.jpg 239w, https:\/\/www.nationalturk.com\/tr\/wp-content\/uploads\/2015\/11\/fulyay\u0131-ipotek-ettirip-kredimi-alacaklar-besiktas-fikret-orman-besiktasin-borcu-icin-kredi-391x360.jpg 391w\" sizes=\"auto, (max-width: 461px) 100vw, 461px\" \/><\/a><\/p>\n<p><a href=\"http:\/\/www.nationalturk.com\/tr\/wp-content\/uploads\/2015\/11\/fulyay\u0131-ipotek-ettirip-kredimi-alacaklar-besiktas-fikret-orman-besiktasin-borcu-icin-kredi-2.jpg\"><img loading=\"lazy\" decoding=\"async\" class=\"alignnone size-full wp-image-221698\" src=\"http:\/\/www.nationalturk.com\/tr\/wp-content\/uploads\/2015\/11\/fulyay\u0131-ipotek-ettirip-kredimi-alacaklar-besiktas-fikret-orman-besiktasin-borcu-icin-kredi-2.jpg\" alt=\"fulyay\u0131-ipotek-ettirip-kredimi-alacaklar-besiktas-fikret-orman-besiktasin-borcu-icin-kredi (2)\" width=\"461\" height=\"424\" title=\"\" srcset=\"https:\/\/www.nationalturk.com\/tr\/wp-content\/uploads\/2015\/11\/fulyay\u0131-ipotek-ettirip-kredimi-alacaklar-besiktas-fikret-orman-besiktasin-borcu-icin-kredi-2.jpg 461w, https:\/\/www.nationalturk.com\/tr\/wp-content\/uploads\/2015\/11\/fulyay\u0131-ipotek-ettirip-kredimi-alacaklar-besiktas-fikret-orman-besiktasin-borcu-icin-kredi-2-239x220.jpg 239w, https:\/\/www.nationalturk.com\/tr\/wp-content\/uploads\/2015\/11\/fulyay\u0131-ipotek-ettirip-kredimi-alacaklar-besiktas-fikret-orman-besiktasin-borcu-icin-kredi-2-391x360.jpg 391w\" sizes=\"auto, (max-width: 461px) 100vw, 461px\" \/><\/a><\/p>\n<p><strong>Kaynak : Be\u015fikta\u015f Postas\u0131<\/strong><\/p>\n<div class=\"a-single a-157\"><!-- nationalturk.com Bali 610x90 -->\r\n<ins data-revive-zoneid=\"412\" data-revive-ct0=\"{clickurl_enc}\" data-revive-id=\"2093837923c3e243d9d78d731533cba1\"><\/ins>\r\n<script async src=\"\/\/www.hot-affiliates.com\/ad\/www\/delivery\/asyncjs.php\"><\/script><\/div>\n","protected":false},"excerpt":{"rendered":"<p>Stad\u0131 hala bitirememesine ra\u011fmen Be\u015fikta\u015f&#8217;\u0131n borcunu 926 milyon liraya \u00e7\u0131karan Fikret Orman y\u00f6netimi hakk\u0131nda \u015fok bir iddia daha ortaya at\u0131ld\u0131. \u0130ddiaya g\u00f6re y\u00f6netim, 250 milyon dolar kredi alabilmek i\u00e7in Fulya&#8217;y\u0131 700 milyona ipotek etti!<\/p>\n","protected":false},"author":1119,"featured_media":221697,"comment_status":"open","ping_status":"open","sticky":false,"template":"","format":"standard","meta":{"_acf_changed":false,"footnotes":""},"categories":[6774,5005,6194],"tags":[8203,64610,56363,47693,37131,14888,93385,175575],"class_list":["post-221694","post","type-post","status-publish","format-standard","has-post-thumbnail","hentry","category-futbol","category-manset","category-spor","tag-ahmet-cakar","tag-beyaz-tv","tag-borc","tag-denizbank","tag-fikret-orman","tag-fulya","tag-fulya-davasi","tag-kredi"],"acf":[],"_links":{"self":[{"href":"https:\/\/www.nationalturk.com\/tr\/wp-json\/wp\/v2\/posts\/221694","targetHints":{"allow":["GET"]}}],"collection":[{"href":"https:\/\/www.nationalturk.com\/tr\/wp-json\/wp\/v2\/posts"}],"about":[{"href":"https:\/\/www.nationalturk.com\/tr\/wp-json\/wp\/v2\/types\/post"}],"author":[{"embeddable":true,"href":"https:\/\/www.nationalturk.com\/tr\/wp-json\/wp\/v2\/users\/1119"}],"replies":[{"embeddable":true,"href":"https:\/\/www.nationalturk.com\/tr\/wp-json\/wp\/v2\/comments?post=221694"}],"version-history":[{"count":0,"href":"https:\/\/www.nationalturk.com\/tr\/wp-json\/wp\/v2\/posts\/221694\/revisions"}],"wp:featuredmedia":[{"embeddable":true,"href":"https:\/\/www.nationalturk.com\/tr\/wp-json\/wp\/v2\/media\/221697"}],"wp:attachment":[{"href":"https:\/\/www.nationalturk.com\/tr\/wp-json\/wp\/v2\/media?parent=221694"}],"wp:term":[{"taxonomy":"category","embeddable":true,"href":"https:\/\/www.nationalturk.com\/tr\/wp-json\/wp\/v2\/categories?post=221694"},{"taxonomy":"post_tag","embeddable":true,"href":"https:\/\/www.nationalturk.com\/tr\/wp-json\/wp\/v2\/tags?post=221694"}],"curies":[{"name":"wp","href":"https:\/\/api.w.org\/{rel}","templated":true}]}}