{"id":221703,"date":"2015-11-13T15:06:43","date_gmt":"2015-11-13T13:06:43","guid":{"rendered":"http:\/\/www.nationalturk.com\/?p=221703"},"modified":"2015-11-13T15:11:55","modified_gmt":"2015-11-13T13:11:55","slug":"feza-gazetecilik-as-basim-yerindeki-aramaya-itiraz-221703","status":"publish","type":"post","link":"https:\/\/www.nationalturk.com\/tr\/feza-gazetecilik-as-basim-yerindeki-aramaya-itiraz-221703\/","title":{"rendered":"Feza Gazetecilik A\u015e bas\u0131m yerindeki aramaya itiraz"},"content":{"rendered":"<h3><a href=\"http:\/\/www.nationalturk.com\/tr\/wp-content\/uploads\/2015\/11\/feza-gazetecilikteki-aramaya-itiraz.jpg\"><img loading=\"lazy\" decoding=\"async\" class=\"alignnone wp-image-221708\" src=\"http:\/\/www.nationalturk.com\/tr\/wp-content\/uploads\/2015\/11\/feza-gazetecilikteki-aramaya-itiraz.jpg\" alt=\"feza-gazetecilikteki-aramaya-itiraz\" width=\"610\" height=\"408\" title=\"\" srcset=\"https:\/\/www.nationalturk.com\/tr\/wp-content\/uploads\/2015\/11\/feza-gazetecilikteki-aramaya-itiraz.jpg 600w, https:\/\/www.nationalturk.com\/tr\/wp-content\/uploads\/2015\/11\/feza-gazetecilikteki-aramaya-itiraz-180x120.jpg 180w, https:\/\/www.nationalturk.com\/tr\/wp-content\/uploads\/2015\/11\/feza-gazetecilikteki-aramaya-itiraz-280x187.jpg 280w, https:\/\/www.nationalturk.com\/tr\/wp-content\/uploads\/2015\/11\/feza-gazetecilikteki-aramaya-itiraz-539x360.jpg 539w\" sizes=\"auto, (max-width: 610px) 100vw, 610px\" \/><\/a><\/h3>\n<h3>Feza Gazetecilik A\u015e, Bak\u0131rk\u00f6y 3. Sulh Ceza Hakimli\u011fi&#8217;nin karar\u0131 do\u011frultusunda \u00d6zg\u00fcr Bug\u00fcn gazetesinin bas\u0131m\u0131na ili\u015fkin yap\u0131lan arama ve el koyma karar\u0131na itiraz etti.<\/h3>\n<p>Feza Gazetecilik A\u015e, Bak\u0131rk\u00f6y 3. Sulh Ceza Hakimli\u011fi&#8217;nin karar\u0131 do\u011frultusunda \u00d6zg\u00fcr Bug\u00fcn gazetesinin bas\u0131m\u0131na ili\u015fkin, bas\u0131m yerinde yap\u0131lan arama ve el koyma karar\u0131na itiraz etti.<\/p>\n<p>Bak\u0131rk\u00f6y Adliyesi&#8217;ne gelen \u015firket avukat\u0131 Hasan G\u00fcnayd\u0131n, itiraz dilek\u00e7esini savc\u0131l\u0131\u011fa sundu.<\/p>\n<p>Dilek\u00e7ede, Feza Gazetecilik A\u015e&#8217;nin, b\u00fcnyesinde Zaman gazetesi, Today&#8217;s Zaman, Cihan Haber Ajans\u0131, Aksiyon dergisi, Zaman Kitap, Irmak TV, Radyo Cihan gibi ulusal ve uluslararas\u0131 bir\u00e7ok yay\u0131n kurulu\u015funu bulundurdu\u011funu belirtti.<\/p>\n<p>&#8221;M\u00fcvekkilimiz isnat edilen su\u00e7u i\u015flememi\u015ftir. Dava a\u00e7\u0131lmas\u0131 halinde beraat edece\u011fine hi\u00e7bir \u015f\u00fcphemiz bulunmamaktad\u0131r&#8221; denilen dilek\u00e7ede, \u015funlar kaydedildi:<\/p>\n<p>&#8220;Su\u00e7a konu \u00d6zg\u00fcr Bug\u00fcn gazetesinin ilgilileri taraf\u0131ndan \u0130stanbul Cumhuriyet Ba\u015fsavc\u0131l\u0131\u011f\u0131&#8217;na yasal d\u00fczenlemelere uygun olarak beyannamesi verilmi\u015ftir. \u00d6zg\u00fcr Bug\u00fcn gazetesinin beyannamesinde ve gazetenin bas\u0131l\u0131 n\u00fcshalar\u0131n\u0131n k\u00fcnyesinde bask\u0131 tesisi olarak m\u00fcvekkilimiz \u015firketin ad\u0131 a\u00e7\u0131k olarak zaten yer almaktad\u0131r. M\u00fcvekkilimiz, \u00d6zg\u00fcr Bug\u00fcn gazetesinin bas\u0131mc\u0131s\u0131d\u0131r.&#8221;<\/p>\n<p>Bas\u0131m\u0131 ger\u00e7ekle\u015ftirilen \u00fcr\u00fcnlerin Matbaalar ve Bas\u0131n Kanunu h\u00fck\u00fcmlerine uygun bir \u015fekilde \u0130stanbul Valili\u011fi ile Bak\u0131rk\u00f6y Cumhuriyet Ba\u015fsavc\u0131l\u0131\u011f\u0131&#8217;na teslim edildi\u011fi belirtilen dilek\u00e7ede, hukuka ayk\u0131r\u0131l\u0131ktan s\u00f6z edilerek \u015firketin ceza soru\u015fturulmas\u0131na konu olmas\u0131n\u0131n ceza hukukuyla, adaletle ve insafla ba\u011fda\u015fmad\u0131\u011f\u0131n\u0131n a\u00e7\u0131k oldu\u011fu savunuldu.<\/p>\n<p>Bak\u0131rk\u00f6y Cumhuriyet Ba\u015fsavc\u0131l\u0131\u011f\u0131, 11 Kas\u0131m&#8217;da &#8220;kayyum atanan Bug\u00fcn gazetesiyle ayn\u0131 logoya sahip, sadece marka ad\u0131n\u0131n \u00f6n\u00fcne &#8216;\u00f6zg\u00fcr&#8217; kelimesi konulan&#8221; \u00d6zg\u00fcr Bug\u00fcn gazetesinin bas\u0131m\u0131n\u0131n yap\u0131ld\u0131\u011f\u0131 iddias\u0131yla Yenibosna&#8217;daki Feza Gazetecilik A\u015e&#8217;nin bas\u0131m yerinde delil toplanmas\u0131 amac\u0131yla arama talep etmi\u015fti.<\/p>\n<p>Bak\u0131rk\u00f6y 3. Sulh Ceza Hakimli\u011fi de 556 say\u0131l\u0131 Markalar\u0131n Korunmas\u0131 Hakk\u0131nda Kanun H\u00fckm\u00fcnde Kararname uyar\u0131nca, &#8220;marka haklar\u0131 hukukuna ayk\u0131r\u0131l\u0131k&#8221; gerek\u00e7esiyle, \u00d6zg\u00fcr Bug\u00fcn gazetesinin, k\u00fcnyesinde bas\u0131m yeri olarak g\u00f6r\u00fclen Feza Gazetecilik A\u015e&#8217;de bas\u0131l\u0131p bas\u0131lmad\u0131\u011f\u0131n\u0131n tespiti i\u00e7in arama karar\u0131 \u00e7\u0131kartm\u0131\u015ft\u0131. Bu kapsamda bas\u0131m yerinde arama yap\u0131lm\u0131\u015ft\u0131.<\/p>\n<!-- Error, Advert is not available at this time due to schedule\/geolocation restrictions! -->\n","protected":false},"excerpt":{"rendered":"<p>Feza Gazetecilik A\u015e, Bak\u0131rk\u00f6y 3. Sulh Ceza Hakimli\u011fi&#8217;nin karar\u0131 do\u011frultusunda \u00d6zg\u00fcr Bug\u00fcn gazetesinin bas\u0131m\u0131na ili\u015fkin yap\u0131lan arama ve el koyma karar\u0131na itiraz etti.<\/p>\n","protected":false},"author":1119,"featured_media":221708,"comment_status":"open","ping_status":"open","sticky":false,"template":"","format":"standard","meta":{"_acf_changed":false,"footnotes":""},"categories":[6155,5005,6805],"tags":[89884,10086,56311,71906],"class_list":["post-221703","post","type-post","status-publish","format-standard","has-post-thumbnail","hentry","category-gundem","category-manset","category-turkiye","tag-aksiyon-dergisi","tag-istanbul-cumhuriyet-bassavciligi","tag-itiraz","tag-zaman-gazetesi"],"acf":[],"_links":{"self":[{"href":"https:\/\/www.nationalturk.com\/tr\/wp-json\/wp\/v2\/posts\/221703","targetHints":{"allow":["GET"]}}],"collection":[{"href":"https:\/\/www.nationalturk.com\/tr\/wp-json\/wp\/v2\/posts"}],"about":[{"href":"https:\/\/www.nationalturk.com\/tr\/wp-json\/wp\/v2\/types\/post"}],"author":[{"embeddable":true,"href":"https:\/\/www.nationalturk.com\/tr\/wp-json\/wp\/v2\/users\/1119"}],"replies":[{"embeddable":true,"href":"https:\/\/www.nationalturk.com\/tr\/wp-json\/wp\/v2\/comments?post=221703"}],"version-history":[{"count":0,"href":"https:\/\/www.nationalturk.com\/tr\/wp-json\/wp\/v2\/posts\/221703\/revisions"}],"wp:featuredmedia":[{"embeddable":true,"href":"https:\/\/www.nationalturk.com\/tr\/wp-json\/wp\/v2\/media\/221708"}],"wp:attachment":[{"href":"https:\/\/www.nationalturk.com\/tr\/wp-json\/wp\/v2\/media?parent=221703"}],"wp:term":[{"taxonomy":"category","embeddable":true,"href":"https:\/\/www.nationalturk.com\/tr\/wp-json\/wp\/v2\/categories?post=221703"},{"taxonomy":"post_tag","embeddable":true,"href":"https:\/\/www.nationalturk.com\/tr\/wp-json\/wp\/v2\/tags?post=221703"}],"curies":[{"name":"wp","href":"https:\/\/api.w.org\/{rel}","templated":true}]}}