{"id":221865,"date":"2015-11-16T16:45:36","date_gmt":"2015-11-16T14:45:36","guid":{"rendered":"http:\/\/www.nationalturk.com\/?p=221865"},"modified":"2015-11-16T16:45:36","modified_gmt":"2015-11-16T14:45:36","slug":"besiktas-belediyesinden-kurtce-sokak-ismi-mhpli-baskan-da-acilisa-katildi-221865","status":"publish","type":"post","link":"https:\/\/www.nationalturk.com\/tr\/besiktas-belediyesinden-kurtce-sokak-ismi-mhpli-baskan-da-acilisa-katildi-221865\/","title":{"rendered":"Be\u015fikta\u015f Belediyesi&#8217;nden K\u00fcrt\u00e7e sokak ismi \/ MHP&#8217;li ba\u015fkan da a\u00e7\u0131l\u0131\u015fa kat\u0131ld\u0131"},"content":{"rendered":"<p><img loading=\"lazy\" decoding=\"async\" class=\"alignnone size-large wp-image-221866\" src=\"http:\/\/www.nationalturk.com\/tr\/wp-content\/uploads\/2015\/11\/baris_asiti_-557x360.jpg\" alt=\"Bar\u0131\u015f A\u015fiti\" width=\"610\" height=\"390\" title=\"\"><\/p>\n<h1>Be\u015fikta\u015f Belediyesi, Dikilita\u015f&#8217;taki Bar\u0131\u015f Soka\u011f\u0131&#8217;n\u0131n ismini, K\u00fcrt\u00e7e&#8217;de bar\u0131\u015f anlam\u0131na gelen &#8220;A\u015fiti&#8221; kelimesini ekleyerek &#8220;Bar\u0131\u015f-A\u015fiti&#8221; olarak de\u011fi\u015ftirdi.<\/h1>\n<p>Be\u015fikta\u015f Belediye Ba\u015fkan\u0131 Murat Hazinedar, d\u00fczenlenen t\u00f6rende yapt\u0131\u011f\u0131 konu\u015fmada, il\u00e7eyi, &#8220;herkesin inanc\u0131n\u0131, ya\u015fam tarz\u0131n\u0131 \u00f6zg\u00fcrce ya\u015fad\u0131\u011f\u0131, T\u00fcrkiye&#8217;ye model olacak \u00e7ok \u00f6zel bir yer&#8221; \u015feklinde tan\u0131tt\u0131.<\/p>\n<p>Bir y\u0131l \u00f6nce &#8220;karde\u015f belediye&#8221; Hakkari&#8217;yi ziyaret ettiklerini ve b\u00fcy\u00fck bir ilgiyle kar\u015f\u0131land\u0131klar\u0131n\u0131 anlatan Hazinedar, b\u00f6lgede artan ter\u00f6r olaylar\u0131na de\u011findi.<\/p>\n<p>Bu topraklarda birlikte y\u00fcr\u00fcmenin m\u00fccadelesini verdiklerini vurgulayan Hazinedar, Hakkari ile ortak projeler y\u00fcr\u00fcteceklerini ifade etti.<\/p>\n<p>Murat Hazinedar, Be\u015fikta\u015f&#8217;\u0131n bar\u0131\u015f\u0131 temsil eden \u00f6zel bir nokta oldu\u011funu dile getirerek, &#8220;\u015eimdi bu soka\u011fa bar\u0131\u015fla beraber K\u00fcrt\u00e7e de bar\u0131\u015f yaz\u0131yoruz. Be\u015fikta\u015f&#8217;tan bar\u0131\u015f\u0131 ne kadar \u00e7ok istedi\u011fimizi duyurmak i\u00e7in Hakkari ile bu a\u00e7\u0131l\u0131\u015f\u0131 ger\u00e7ekle\u015ftirece\u011fiz&#8221; dedi.<\/p>\n<p>Bu karar\u0131 belediye meclisinden oy birli\u011fi ile \u00e7\u0131kard\u0131klar\u0131n\u0131 ancak \u0130stanbul B\u00fcy\u00fck\u015fehir Belediyesi&#8217;nin bunu onaylamad\u0131\u011f\u0131n\u0131 kaydeden Hazinedar, \u0130stanbul&#8217;un de\u011fi\u015fik noktalar\u0131nda her ay bir\u00e7ok soka\u011f\u0131n isminin de\u011fi\u015ftirildi\u011fini s\u00f6yledi.<\/p>\n<p>Hazinedar, iyi niyetle, hi\u00e7bir siyasi beklenti i\u00e7inde olmadan, partici bir anlay\u0131\u015fla bakmadan \u00c7\u00f6z\u00fcm S\u00fcreci&#8217;ne katk\u0131 sunmaya \u00e7al\u0131\u015ft\u0131klar\u0131n\u0131 ifade ederek, \u015fu g\u00f6r\u00fc\u015fleri aktard\u0131:<\/p>\n<p>&#8220;Sadece birileri bar\u0131\u015fa sahip \u00e7\u0131kamaz. T\u00fcrkiye&#8217;nin bar\u0131\u015f\u0131, ancak birlikte olabilir. Her ac\u0131 bizim ac\u0131m\u0131z, her yanl\u0131\u015f bizim m\u00fcdahale etmemiz gereken yanl\u0131\u015flard\u0131r. Be\u015fikta\u015f&#8217;ta yap\u0131lan veya yap\u0131lacak yanl\u0131\u015flara, nas\u0131l iktidar bir paralel operasyonu yap\u0131yorsa ben de burada o operasyonu yapar\u0131m. Be\u015fikta\u015f&#8217;\u0131n de\u011ferlerini, g\u00fczelliklerini birilerinin siyasi oyunlar\u0131na, yanl\u0131\u015flar\u0131na asla kurban etmem. Yapacaklar\u0131m\u0131 kimse tasavvur edemez, kimse hafs\u0131las\u0131na alamaz. Beni ba\u015fkalar\u0131yla kar\u015f\u0131la\u015ft\u0131rmas\u0131nlar. Allah&#8217;\u0131n bana verdi\u011fi bu imkan\u0131, en \u00f6nemlisi Be\u015fikta\u015f halk\u0131n\u0131n verdi\u011fi emaneti, Be\u015fikta\u015f halk\u0131n\u0131n lehinde, birilerinin siyasi oyunlar\u0131na teslim etmem. Bu benim partim de olsa teslim etmem. \u00dcz\u00fcc\u00fc olan bu kadar do\u011fruyu i\u00e7inde bar\u0131nd\u0131ran ad\u0131m\u0131m\u0131za B\u00fcy\u00fck\u015fehir Belediye Meclisi&#8217;nin gerekli ad\u0131m\u0131 atmamas\u0131. Ama kusura bakmas\u0131nlar, yasalarla do\u011frular\u0131 engelleyemezler. Yasa devleti de\u011filiz, hukuk devletiyiz. Be\u015fikta\u015f halk\u0131n\u0131n se\u00e7ti\u011fi meclisin oy birli\u011fiyle \u00e7\u0131kan bir karar\u0131 hi\u00e7 kimse engelleyemez.&#8221;<\/p>\n<p>Be\u015fikta\u015f Belediye Ba\u015fkan\u0131 Murat Hazinedar, konu\u015fmas\u0131n\u0131n ard\u0131ndan Hakkari Belediye E\u015f Ba\u015fkanvekilleri Fatma Y\u0131ld\u0131z, Nazmi \u00c7u\u015fkon ve di\u011fer yetkililerle g\u00f6ky\u00fcz\u00fcne beyaz g\u00fcvercinleri u\u00e7urdu, daha sonra &#8220;Bar\u0131\u015f-A\u015fiti&#8221; soka\u011f\u0131n\u0131n a\u00e7\u0131l\u0131\u015f\u0131n\u0131 ger\u00e7ekle\u015ftirdi.<\/p>\n<p>A\u00e7\u0131l\u0131\u015fa, MHP Be\u015fikta\u015f \u0130l\u00e7e Tuncay Buru\u015fuk da kat\u0131ld\u0131.<\/p>\n<!-- Error, Advert is not available at this time due to schedule\/geolocation restrictions! -->\n","protected":false},"excerpt":{"rendered":"<p>Be\u015fikta\u015f Belediyesi, Dikilita\u015f&#8217;taki Bar\u0131\u015f Soka\u011f\u0131&#8217;n\u0131n ismini, K\u00fcrt\u00e7e&#8217;de bar\u0131\u015f anlam\u0131na gelen &#8220;A\u015fiti&#8221; kelimesini ekleyerek &#8220;Bar\u0131\u015f-A\u015fiti&#8221; olarak de\u011fi\u015ftirdi.<\/p>\n","protected":false},"author":4,"featured_media":221867,"comment_status":"open","ping_status":"open","sticky":false,"template":"","format":"standard","meta":{"_acf_changed":false,"footnotes":""},"categories":[6155,5005,6202,349,6805],"tags":[1748,20275,15563],"class_list":["post-221865","post","type-post","status-publish","format-standard","has-post-thumbnail","hentry","category-gundem","category-manset","category-politika","category-son-dakika","category-turkiye","tag-besiktas","tag-besiktas-belediyesi","tag-dikilitas"],"acf":[],"_links":{"self":[{"href":"https:\/\/www.nationalturk.com\/tr\/wp-json\/wp\/v2\/posts\/221865","targetHints":{"allow":["GET"]}}],"collection":[{"href":"https:\/\/www.nationalturk.com\/tr\/wp-json\/wp\/v2\/posts"}],"about":[{"href":"https:\/\/www.nationalturk.com\/tr\/wp-json\/wp\/v2\/types\/post"}],"author":[{"embeddable":true,"href":"https:\/\/www.nationalturk.com\/tr\/wp-json\/wp\/v2\/users\/4"}],"replies":[{"embeddable":true,"href":"https:\/\/www.nationalturk.com\/tr\/wp-json\/wp\/v2\/comments?post=221865"}],"version-history":[{"count":0,"href":"https:\/\/www.nationalturk.com\/tr\/wp-json\/wp\/v2\/posts\/221865\/revisions"}],"wp:featuredmedia":[{"embeddable":true,"href":"https:\/\/www.nationalturk.com\/tr\/wp-json\/wp\/v2\/media\/221867"}],"wp:attachment":[{"href":"https:\/\/www.nationalturk.com\/tr\/wp-json\/wp\/v2\/media?parent=221865"}],"wp:term":[{"taxonomy":"category","embeddable":true,"href":"https:\/\/www.nationalturk.com\/tr\/wp-json\/wp\/v2\/categories?post=221865"},{"taxonomy":"post_tag","embeddable":true,"href":"https:\/\/www.nationalturk.com\/tr\/wp-json\/wp\/v2\/tags?post=221865"}],"curies":[{"name":"wp","href":"https:\/\/api.w.org\/{rel}","templated":true}]}}