{"id":222216,"date":"2015-11-25T10:13:03","date_gmt":"2015-11-25T08:13:03","guid":{"rendered":"http:\/\/www.nationalturk.com\/?p=222216"},"modified":"2015-11-25T10:13:03","modified_gmt":"2015-11-25T08:13:03","slug":"obama-ve-hollandedan-ortak-basin-toplantisi-222216","status":"publish","type":"post","link":"https:\/\/www.nationalturk.com\/tr\/obama-ve-hollandedan-ortak-basin-toplantisi-222216\/","title":{"rendered":"Obama ve Hollande&#8217;dan ortak bas\u0131n toplant\u0131s\u0131"},"content":{"rendered":"<p><img loading=\"lazy\" decoding=\"async\" class=\"alignnone size-large wp-image-222217\" src=\"http:\/\/www.nationalturk.com\/tr\/wp-content\/uploads\/2015\/11\/obama_hollande-540x360.jpg\" alt=\"Obama Hollande\" width=\"610\" height=\"390\" title=\"\"><\/p>\n<h1>ABD Ba\u015fkan\u0131 Barack Obama, Rusya&#8217;n\u0131n Suriye&#8217;deki Esed rejimine kar\u015f\u0131 \u0130ran&#8217;la birlikte &#8220;iki \u00fclkelik koalisyonun&#8221; bir par\u00e7as\u0131 oldu\u011funu belirterek, Moskova&#8217;y\u0131 dikkatini I\u015e\u0130D\u00a0\u00fczerine odaklayarak daha yap\u0131c\u0131 bir rol oynamaya \u00e7a\u011f\u0131rd\u0131.<\/h1>\n<p>Obama, Beyaz Saray&#8217;da biraraya geldi\u011fi Fransa Cumhurba\u015fkan\u0131 Fran\u00e7ois Hollande ile ortak bas\u0131n toplant\u0131s\u0131 d\u00fczenledi.<\/p>\n<p>&#8220;Bu barbar ter\u00f6r \u00f6rg\u00fct\u00fc DAE\u015e ve kanl\u0131 ideolojisi hepimiz i\u00e7in ciddi bir tehdit olu\u015fturuyor, bu tolere edilemez ve yok edilmeli. Bunu birlikte yapmal\u0131y\u0131z&#8221; diyen Obama, Paris&#8217;teki sald\u0131r\u0131lar\u0131n sadece bir kente de\u011fil, &#8220;d\u00fcnyan\u0131n kendisine&#8221; yap\u0131lm\u0131\u015f bir sald\u0131r\u0131 oldu\u011funu kaydetti.<\/p>\n<p>Obama, \u015fu anda hem ABD ve Fransa hem de d\u00fcnya a\u00e7\u0131s\u0131ndan \u00f6nemli bir d\u00f6nemden ge\u00e7tiklerini ifade ederek, &#8220;ABD ve Fransa, bu ter\u00f6ristlerin ve onlar\u0131 (sahaya) yollayanlar\u0131n adalet \u00f6n\u00fcne \u00e7\u0131kar\u0131lmas\u0131 ve \u00fclkelerimizi savunmak i\u00e7in tam dayan\u0131\u015fma halindedir&#8221; ifadesini kulland\u0131.<\/p>\n<p>&#8211; &#8220;Rusya, iki \u00fclkelik koalisyonun par\u00e7as\u0131&#8221;<\/p>\n<p>Rusya&#8217;n\u0131n Suriye&#8217;deki \u0131l\u0131ml\u0131 muhalif gruplara y\u00f6nelik hava sald\u0131r\u0131lar\u0131n\u0131n sadece Esed rejimini g\u00fc\u00e7lendirmeye yarad\u0131\u011f\u0131n\u0131 belirten Obama, Rusya&#8217;y\u0131, Suriye&#8217;deki sald\u0131r\u0131lar\u0131n\u0131 DAE\u015e&#8217;i yenilgiye u\u011fratmaya odaklanmak suretiyle daha yap\u0131c\u0131 bir rol oynamaya \u00e7a\u011f\u0131rd\u0131.<\/p>\n<p>DAE\u015e&#8217;e kar\u015f\u0131 65 \u00fclkeden olu\u015fan koalisyonun aktif \u00e7abas\u0131na kar\u015f\u0131n Rusya&#8217;n\u0131n \u015fu anda, Esed&#8217;e destek veren &#8220;iki \u00fclkelik koalisyonun&#8221; par\u00e7as\u0131 oldu\u011funu s\u00f6yleyen Obama, &#8220;K\u00fcresel bir koalisyona sahibiz. Rusya bunun d\u0131\u015f\u0131nda. Dikkatlerini en \u00f6nemli tehdit (DAE\u015e) \u00fczerine odaklayacaklar\u0131n\u0131 ve yap\u0131c\u0131 bir ortak vazife g\u00f6receklerini umuyoruz&#8221; diye konu\u015ftu.<\/p>\n<p>Obama, Moskova&#8217;n\u0131n askeri kapasitesi ve Esed rejimi \u00fczerindeki etkisi g\u00f6z \u00f6n\u00fcne al\u0131nd\u0131\u011f\u0131nda, onlar\u0131n bu konudaki i\u015fbirli\u011finin Suriye&#8217;deki i\u00e7 sava\u015fa \u00e7\u00f6z\u00fcm bulunmas\u0131na &#8220;fazlas\u0131yla katk\u0131&#8221; sa\u011flayaca\u011f\u0131n\u0131 ifade etti.<\/p>\n<p>&#8211; &#8220;DAE\u015e gibi gruplar yenilecek&#8221;<\/p>\n<p>ABD olarak DAE\u015e gibi gruplar\u0131n yaratmaya \u00e7al\u0131\u015ft\u0131\u011f\u0131 korkuya yenik d\u00fc\u015fmeyeceklerinin alt\u0131n\u0131 \u00e7izen Obama, &#8220;\u015eu konuda \u015f\u00fcpheniz olmas\u0131n: Kazanaca\u011f\u0131z ve DAE\u015e gibi gruplar yenilecek&#8221; ifadesini kulland\u0131.<\/p>\n<p>ABD Ba\u015fkan\u0131 Obama, &#8220;Suriye&#8217;ye bar\u0131\u015f\u0131 getirmenin en iyi yolunun Viyana&#8217;da ortaya konulan ilkelerden ge\u00e7ti\u011fini, bunun da, bir ate\u015fkes i\u00e7in Rusya&#8217;n\u0131n aktif deste\u011fi ve Esed rejiminden, bu ter\u00f6ristlere kar\u015f\u0131 Suriye halk\u0131n\u0131 birle\u015ftirebilecek demokratik yollarla se\u00e7ilmi\u015f bir h\u00fck\u00fcmete siyasi ge\u00e7i\u015fi gerektirdi\u011fini&#8221; s\u00f6yledi.<\/p>\n<p>&#8211; &#8220;DAE\u015e&#8217;e kar\u015f\u0131 g\u00fc\u00e7l\u00fc ortak yan\u0131t gerekiyor&#8221;<\/p>\n<p>Fransa Cumhurba\u015fkan\u0131 Hollande de DAE\u015e&#8217;e kar\u015f\u0131 &#8220;g\u00fc\u00e7l\u00fc ortak yan\u0131t\u0131n&#8221; gerekti\u011fini dile getirerek, &#8220;Obama ile Suriye ve Irak&#8217;taki sald\u0131r\u0131lar\u0131m\u0131z\u0131n boyutunu art\u0131rmay\u0131 ve y\u00f6nelebilece\u011fimiz hedefler konusunda istihbarat payla\u015f\u0131m\u0131n\u0131 g\u00fc\u00e7lendirmeyi kararla\u015ft\u0131rd\u0131k&#8221; dedi.<\/p>\n<p>Rusya Devlet Ba\u015fkan\u0131 Vladimir Putin ile bu hafta Moskova&#8217;da yapaca\u011f\u0131 g\u00f6r\u00fc\u015fmede, &#8220;Rusya&#8217;n\u0131n askeri operasyonlar\u0131n\u0131 DAE\u015e&#8217;e y\u00f6neltmesi ve Suriye&#8217;de siyasi \u00e7\u00f6z\u00fcme tam ba\u011fl\u0131l\u0131k g\u00f6stermesi halinde, Fransa&#8217;n\u0131n Rusya ile birlikte \u00e7al\u0131\u015fabilece\u011fi mesaj\u0131n\u0131 verece\u011fini&#8221; aktaran Hollande, \u00fclkesinin Suriye&#8217;de siyasi bir \u00e7\u00f6z\u00fcm bulmaya istekli t\u00fcm \u00fclkelerle birlikte \u00e7al\u0131\u015fmak istedi\u011fini vurgulayarak, &#8220;Hi\u00e7 kimseyi d\u0131\u015flamak istemiyoruz&#8221; ifadesini kulland\u0131.<\/p>\n<p>Suriyeli s\u0131\u011f\u0131nmac\u0131 krizinin do\u011frudan Avrupa ile alakal\u0131 oldu\u011funu, Suriye&#8217;den ka\u00e7an m\u00fcltecileri kaderlerine terk etmenin Avrupa&#8217;n\u0131n de\u011ferlerine ayk\u0131r\u0131 d\u00fc\u015ft\u00fc\u011f\u00fcn\u00fc s\u00f6yleyen Hollande, ayn\u0131 zamanda s\u0131n\u0131rlar\u0131n\u0131 da kontrol etmeleri gerekti\u011fini, bu hususta T\u00fcrkiye&#8217;nin \u00f6nemli bir rol oynad\u0131\u011f\u0131n\u0131 kaydetti.<\/p>\n<p>Hollande, &#8220;Bug\u00fcn insanlar T\u00fcrkiye ile Yunanistan aras\u0131ndaki sularda seyahat ederek hayatlar\u0131n\u0131 riske at\u0131yor. S\u0131\u011f\u0131nmac\u0131lar\u0131n men\u015fei \u00fclkelerine yak\u0131n yerde kalabilmeleri i\u00e7in T\u00fcrkiye ile birlikte \u00e7\u00f6z\u00fcmler bulmal\u0131y\u0131z ve s\u0131n\u0131rlarda gereken kontrollerin hayata ge\u00e7irildi\u011finden emin olmal\u0131y\u0131z&#8221; diye konu\u015ftu.<\/p>\n<p>Hollande, ayr\u0131ca, &#8220;T\u00fcrkiye ve Suriye aras\u0131ndaki s\u0131n\u0131r\u0131n kapat\u0131lmas\u0131 ve ter\u00f6ristlerin s\u0131n\u0131rdan ge\u00e7ip Avrupa ya da di\u011fer yerlere gelerek bu t\u00fcr korkun\u00e7 sald\u0131r\u0131lar\u0131 d\u00fczenlemesini \u00f6nlemenin aciliyet ta\u015f\u0131d\u0131\u011f\u0131n\u0131&#8221; s\u00f6zlerine ekledi.<\/p>\n<!-- Error, Advert is not available at this time due to schedule\/geolocation restrictions! -->\n","protected":false},"excerpt":{"rendered":"<p>ABD Ba\u015fkan\u0131 Barack Obama, Rusya&#8217;n\u0131n Suriye&#8217;deki Esed rejimine kar\u015f\u0131 \u0130ran&#8217;la birlikte &#8220;iki \u00fclkelik koalisyonun&#8221; bir par\u00e7as\u0131 oldu\u011funu belirterek, Moskova&#8217;y\u0131 dikkatini I\u015e\u0130D \u00fczerine odaklayarak daha yap\u0131c\u0131 bir rol oynamaya \u00e7a\u011f\u0131rd\u0131.<\/p>\n","protected":false},"author":4,"featured_media":222218,"comment_status":"open","ping_status":"open","sticky":false,"template":"","format":"standard","meta":{"_acf_changed":false,"footnotes":""},"categories":[6768,6770,6665,6155,5005,6772,6202,349],"tags":[51749,94790,99326,151890,4902,721,106731],"class_list":["post-222216","post","type-post","status-publish","format-standard","has-post-thumbnail","hentry","category-amerika","category-avrupa","category-dunya","category-gundem","category-manset","category-ortadogu","category-politika","category-son-dakika","tag-abd-rusya","tag-francois-hollande","tag-hollande","tag-isid","tag-obama","tag-rusya","tag-rusya-abd"],"acf":[],"_links":{"self":[{"href":"https:\/\/www.nationalturk.com\/tr\/wp-json\/wp\/v2\/posts\/222216","targetHints":{"allow":["GET"]}}],"collection":[{"href":"https:\/\/www.nationalturk.com\/tr\/wp-json\/wp\/v2\/posts"}],"about":[{"href":"https:\/\/www.nationalturk.com\/tr\/wp-json\/wp\/v2\/types\/post"}],"author":[{"embeddable":true,"href":"https:\/\/www.nationalturk.com\/tr\/wp-json\/wp\/v2\/users\/4"}],"replies":[{"embeddable":true,"href":"https:\/\/www.nationalturk.com\/tr\/wp-json\/wp\/v2\/comments?post=222216"}],"version-history":[{"count":0,"href":"https:\/\/www.nationalturk.com\/tr\/wp-json\/wp\/v2\/posts\/222216\/revisions"}],"wp:featuredmedia":[{"embeddable":true,"href":"https:\/\/www.nationalturk.com\/tr\/wp-json\/wp\/v2\/media\/222218"}],"wp:attachment":[{"href":"https:\/\/www.nationalturk.com\/tr\/wp-json\/wp\/v2\/media?parent=222216"}],"wp:term":[{"taxonomy":"category","embeddable":true,"href":"https:\/\/www.nationalturk.com\/tr\/wp-json\/wp\/v2\/categories?post=222216"},{"taxonomy":"post_tag","embeddable":true,"href":"https:\/\/www.nationalturk.com\/tr\/wp-json\/wp\/v2\/tags?post=222216"}],"curies":[{"name":"wp","href":"https:\/\/api.w.org\/{rel}","templated":true}]}}