{"id":222394,"date":"2015-11-27T15:40:37","date_gmt":"2015-11-27T13:40:37","guid":{"rendered":"http:\/\/www.nationalturk.com\/?p=222394"},"modified":"2015-11-27T15:40:37","modified_gmt":"2015-11-27T13:40:37","slug":"son-dakika-putin-erdoganin-gorusme-talebini-reddetti-once-ozur-222394","status":"publish","type":"post","link":"https:\/\/www.nationalturk.com\/tr\/son-dakika-putin-erdoganin-gorusme-talebini-reddetti-once-ozur-222394\/","title":{"rendered":"Son Dakika! Putin Erdo\u011fan&#8217;\u0131n g\u00f6r\u00fc\u015fme talebini reddetti! &#8220;\u00d6nce \u00f6z\u00fcr&#8221;"},"content":{"rendered":"<p><img loading=\"lazy\" decoding=\"async\" class=\"alignnone size-large wp-image-222395\" src=\"http:\/\/www.nationalturk.com\/tr\/wp-content\/uploads\/2015\/11\/putin_90901-584x360.jpg\" alt=\"Putin\" width=\"584\" height=\"360\" title=\"\" srcset=\"https:\/\/www.nationalturk.com\/tr\/wp-content\/uploads\/2015\/11\/putin_90901-584x360.jpg 584w, https:\/\/www.nationalturk.com\/tr\/wp-content\/uploads\/2015\/11\/putin_90901-280x173.jpg 280w, https:\/\/www.nationalturk.com\/tr\/wp-content\/uploads\/2015\/11\/putin_90901.jpg 1200w\" sizes=\"auto, (max-width: 584px) 100vw, 584px\" \/><\/p>\n<h1>Rusya Devlet Ba\u015fkan\u0131 Vladimir Putin&#8217;in, Erdo\u011fan&#8217;\u0131n Paris&#8217;te g\u00f6r\u00fc\u015fme teklifini reddetti\u011fi bildirildi. \/ Son Dakika&#8230;<\/h1>\n<p>Kremlin, Cumhurba\u015fkan\u0131 Recep Tayyip Erdo\u011fan&#8217;\u0131n Paris&#8217;te Rusya Devlet Ba\u015fkan\u0131 Putin ile g\u00f6r\u00fc\u015fme talebiyle ilgili a\u00e7\u0131klama yapt\u0131. Yap\u0131lan a\u00e7\u0131klamada &#8220;T\u00fcrkiye \u00f6z\u00fcr dilemeye haz\u0131r de\u011filse Erdo\u011fan&#8217;\u0131n g\u00f6r\u00fc\u015fme talebini reddediyoruz&#8221; denildi.<\/p>\n<p>Rusya Devlet Ba\u015fkan Yard\u0131mc\u0131s\u0131 Yuriy U\u015fakov taraf\u0131ndan yap\u0131lan a\u00e7\u0131klamada, T\u00fcrkiye&#8217;nin d\u00fc\u015f\u00fcr\u00fclen Su-24 tipi sava\u015f u\u00e7a\u011f\u0131 nedeniyle Rusya&#8217;dan \u00f6z\u00fcr dilemedik\u00e7e g\u00f6r\u00fc\u015fme yap\u0131lmayaca\u011f\u0131 belirtildi. \u201cErdo\u011fan son iki g\u00fcnd\u00fcr Putin\u2019le telefon g\u00f6r\u00fc\u015fmesi yapmak istiyor, bu talepler Ba\u015fkan Putin\u2019e iletildi\u201d diyen U\u015fakov, Putin\u2019in T\u00fcrkiye\u2019nin u\u00e7ak konusunda \u00f6z\u00fcr dilemeye niyeti olmamas\u0131 nedeniyle g\u00f6r\u00fc\u015fme talebini kabul etmedi\u011fini a\u00e7\u0131klad\u0131.<\/p>\n<p>Kremlin&#8217;den bu sabah Cumhurba\u015fkan\u0131 Recep Tayyip Erdo\u011fan&#8217;\u0131n 30 Kas\u0131m&#8217;da Paris&#8217;te Rusya Devlet Ba\u015fkan\u0131 Putin ile g\u00f6r\u00fc\u015fme talep etti\u011fini a\u00e7\u0131klam\u0131\u015ft\u0131.<\/p>\n<!-- Error, Advert is not available at this time due to schedule\/geolocation restrictions! -->\n","protected":false},"excerpt":{"rendered":"<p>Rusya Devlet Ba\u015fkan\u0131 Vladimir Putin&#8217;in, Erdo\u011fan&#8217;\u0131n Paris&#8217;te g\u00f6r\u00fc\u015fme teklifini reddetti\u011fi bildirildi. \/ Son Dakika&#8230;<\/p>\n","protected":false},"author":4,"featured_media":222396,"comment_status":"open","ping_status":"open","sticky":false,"template":"","format":"standard","meta":{"_acf_changed":false,"footnotes":""},"categories":[6770,6665,6155,5005,6202,349,6805],"tags":[98086,199195,103540,17,12,155848,721,27382,1530],"class_list":["post-222394","post","type-post","status-publish","format-standard","has-post-thumbnail","hentry","category-avrupa","category-dunya","category-gundem","category-manset","category-politika","category-son-dakika","category-turkiye","tag-erdogan-putin","tag-erdogan-putin-gorusecek","tag-erdogan-putin-gorusmesi","tag-fransa","tag-paris","tag-putin-son-dakika","tag-rusya","tag-son-dakika","tag-vladimir-putin"],"acf":[],"_links":{"self":[{"href":"https:\/\/www.nationalturk.com\/tr\/wp-json\/wp\/v2\/posts\/222394","targetHints":{"allow":["GET"]}}],"collection":[{"href":"https:\/\/www.nationalturk.com\/tr\/wp-json\/wp\/v2\/posts"}],"about":[{"href":"https:\/\/www.nationalturk.com\/tr\/wp-json\/wp\/v2\/types\/post"}],"author":[{"embeddable":true,"href":"https:\/\/www.nationalturk.com\/tr\/wp-json\/wp\/v2\/users\/4"}],"replies":[{"embeddable":true,"href":"https:\/\/www.nationalturk.com\/tr\/wp-json\/wp\/v2\/comments?post=222394"}],"version-history":[{"count":0,"href":"https:\/\/www.nationalturk.com\/tr\/wp-json\/wp\/v2\/posts\/222394\/revisions"}],"wp:featuredmedia":[{"embeddable":true,"href":"https:\/\/www.nationalturk.com\/tr\/wp-json\/wp\/v2\/media\/222396"}],"wp:attachment":[{"href":"https:\/\/www.nationalturk.com\/tr\/wp-json\/wp\/v2\/media?parent=222394"}],"wp:term":[{"taxonomy":"category","embeddable":true,"href":"https:\/\/www.nationalturk.com\/tr\/wp-json\/wp\/v2\/categories?post=222394"},{"taxonomy":"post_tag","embeddable":true,"href":"https:\/\/www.nationalturk.com\/tr\/wp-json\/wp\/v2\/tags?post=222394"}],"curies":[{"name":"wp","href":"https:\/\/api.w.org\/{rel}","templated":true}]}}