{"id":223020,"date":"2015-12-10T15:52:11","date_gmt":"2015-12-10T13:52:11","guid":{"rendered":"http:\/\/www.nationalturk.com\/?p=223020"},"modified":"2015-12-10T15:52:11","modified_gmt":"2015-12-10T13:52:11","slug":"pkk-yine-hastaneye-saldirdi-223020","status":"publish","type":"post","link":"https:\/\/www.nationalturk.com\/tr\/pkk-yine-hastaneye-saldirdi-223020\/","title":{"rendered":"PKK yine hastaneye sald\u0131rd\u0131"},"content":{"rendered":"<p><img loading=\"lazy\" decoding=\"async\" class=\"alignnone size-large wp-image-223021\" src=\"http:\/\/www.nationalturk.com\/tr\/wp-content\/uploads\/2015\/12\/pkk_hastane_saldiri-516x360.jpg\" alt=\"\" width=\"610\" height=\"390\" title=\"\"><\/p>\n<h1>Diyarbak\u0131r Asker Hastanesine ter\u00f6r \u00f6rg\u00fct\u00fc PKK mensuplar\u0131 taraf\u0131ndan taciz ate\u015fi a\u00e7\u0131ld\u0131.<\/h1>\n<p>Al\u0131nan bilgiye g\u00f6re, d\u00fcn 19.30 s\u0131ralar\u0131nda bir grup ter\u00f6rist, Yeni\u015fehir Mahallesindeki Askeri Hastanesine uzun namlulu silahlarla ate\u015f a\u00e7t\u0131.<\/p>\n<p>Can kayb\u0131 ve yaralanman\u0131n olmad\u0131\u011f\u0131 sald\u0131r\u0131da, hastanenin yemek ve toplant\u0131 salonu ile n\u00f6bet\u00e7i kul\u00fcbesinin camlar\u0131 k\u0131r\u0131ld\u0131, baz\u0131 duvarlara kur\u015fun isabet etti.<\/p>\n<p>Sald\u0131r\u0131n\u0131n ard\u0131ndan ka\u00e7an ter\u00f6ristlerin yakalanmas\u0131 i\u00e7in b\u00f6lgede ba\u015flat\u0131lan operasyon s\u00fcr\u00fcyor.<\/p>\n<!-- Error, Advert is not available at this time due to schedule\/geolocation restrictions! -->\n","protected":false},"excerpt":{"rendered":"<p>Diyarbak\u0131r Asker Hastanesine ter\u00f6r \u00f6rg\u00fct\u00fc PKK mensuplar\u0131 taraf\u0131ndan taciz ate\u015fi a\u00e7\u0131ld\u0131.<\/p>\n","protected":false},"author":4,"featured_media":223022,"comment_status":"open","ping_status":"open","sticky":false,"template":"","format":"standard","meta":{"_acf_changed":false,"footnotes":""},"categories":[6155,5005,6202,349,6805],"tags":[1470,48082,75432,81892,5592,198416],"class_list":["post-223020","post","type-post","status-publish","format-standard","has-post-thumbnail","hentry","category-gundem","category-manset","category-politika","category-son-dakika","category-turkiye","tag-diyarbakir","tag-diyarbakir-asker-hastanesi","tag-diyarbakir-catisma","tag-diyarbakir-pkk","tag-pkk","tag-pkk-hastane"],"acf":[],"_links":{"self":[{"href":"https:\/\/www.nationalturk.com\/tr\/wp-json\/wp\/v2\/posts\/223020","targetHints":{"allow":["GET"]}}],"collection":[{"href":"https:\/\/www.nationalturk.com\/tr\/wp-json\/wp\/v2\/posts"}],"about":[{"href":"https:\/\/www.nationalturk.com\/tr\/wp-json\/wp\/v2\/types\/post"}],"author":[{"embeddable":true,"href":"https:\/\/www.nationalturk.com\/tr\/wp-json\/wp\/v2\/users\/4"}],"replies":[{"embeddable":true,"href":"https:\/\/www.nationalturk.com\/tr\/wp-json\/wp\/v2\/comments?post=223020"}],"version-history":[{"count":0,"href":"https:\/\/www.nationalturk.com\/tr\/wp-json\/wp\/v2\/posts\/223020\/revisions"}],"wp:featuredmedia":[{"embeddable":true,"href":"https:\/\/www.nationalturk.com\/tr\/wp-json\/wp\/v2\/media\/223022"}],"wp:attachment":[{"href":"https:\/\/www.nationalturk.com\/tr\/wp-json\/wp\/v2\/media?parent=223020"}],"wp:term":[{"taxonomy":"category","embeddable":true,"href":"https:\/\/www.nationalturk.com\/tr\/wp-json\/wp\/v2\/categories?post=223020"},{"taxonomy":"post_tag","embeddable":true,"href":"https:\/\/www.nationalturk.com\/tr\/wp-json\/wp\/v2\/tags?post=223020"}],"curies":[{"name":"wp","href":"https:\/\/api.w.org\/{rel}","templated":true}]}}